{"id":30549,"date":"2015-06-01T09:25:22","date_gmt":"2015-06-01T12:25:22","guid":{"rendered":"http:\/\/argentinamunicipal.com.ar\/argentina\/?p=30549"},"modified":"2015-06-01T09:25:22","modified_gmt":"2015-06-01T12:25:22","slug":"victoria-y-nogoya-estan-mas-cerca-de-acceder-a-la-television-digital-abierta-y-gratuita","status":"publish","type":"post","link":"http:\/\/argentinamunicipal.com.ar\/argentina\/victoria-y-nogoya-estan-mas-cerca-de-acceder-a-la-television-digital-abierta-y-gratuita\/","title":{"rendered":"Victoria y Nogoy\u00e1 est\u00e1n m\u00e1s cerca de acceder a la televisi\u00f3n digital abierta y gratuita"},"content":{"rendered":"<p><a href=\"http:\/\/argentinamunicipal.com.ar\/argentina\/wp-content\/uploads\/2015\/06\/tda-5-e1359567395395.jpg\"><img loading=\"lazy\" decoding=\"async\" class=\"aligncenter size-full wp-image-30550\" src=\"http:\/\/argentinamunicipal.com.ar\/argentina\/wp-content\/uploads\/2015\/06\/tda-5-e1359567395395.jpg\" alt=\"tda-5-e1359567395395\" width=\"550\" height=\"391\" srcset=\"http:\/\/argentinamunicipal.com.ar\/argentina\/wp-content\/uploads\/2015\/06\/tda-5-e1359567395395.jpg 550w, http:\/\/argentinamunicipal.com.ar\/argentina\/wp-content\/uploads\/2015\/06\/tda-5-e1359567395395-300x213.jpg 300w\" sizes=\"auto, (max-width: 550px) 100vw, 550px\" \/><\/a><\/p>\n<p>Con el progreso en las obras de emplazamiento de otra antena de Televisi\u00f3n Digital Abierta (TDA) en el territorio provincial, las localidades de Victoria y Nogoy\u00e1 podr\u00e1n acceder al servicio gratuito en los pr\u00f3ximos meses \u2022 En Concepci\u00f3n del Uruguay tambi\u00e9n se est\u00e1 instalando la infraestructura necesaria para poner en funcionamiento la quinta antena de Entre R\u00edos y el sistema alcanzar\u00e1 as\u00ed al 75 por ciento de la poblaci\u00f3n entrerriana<\/p>\n<p>\u201cLa estaci\u00f3n terrestre se est\u00e1 instalando en Victoria y abarcar\u00e1 un radio de 40 kil\u00f3metros a la redonda, por lo que alcanzar\u00e1 tambi\u00e9n a la ciudad de Nogoy\u00e1. La primera antena se mont\u00f3 en Paran\u00e1 hace tres a\u00f1os y abastece a localidades como Diamante, Crespo, Ram\u00edrez y Oro Verde. Luego, se pusieron en funcionamiento las de Gualeguaych\u00fa y Concordia. Y se avanza en las obras en Concepci\u00f3n del Uruguay. Antes de fin de a\u00f1o, el 75 por ciento de la poblaci\u00f3n entrerriana tendr\u00e1 acceso a este servicio de excelencia tanto en calidad t\u00e9cnica como en contenidos, que es totalmente gratuito\u201d, detall\u00f3 el ministro de Cultura y Comunicaci\u00f3n, Pedro B\u00e1ez.<\/p>\n<p>En las zonas que nos son alcanzadas por las antenas, se provee el servicio de forma satelital. De este modo, ya llega a cerca de 3.000 escuelas y a hogares de Entre R\u00edos en zonas rurales y de islas, as\u00ed como las localidades Alcaraz, Pronunciamiento, San Jos\u00e9 de Feliciano, Arroyo Bar\u00fa, Urdinarrain, Aldea San Antonio, Bovril, Rosario del Tala, Clara, Hernandarias y La Paz, entre otras.<\/p>\n<p><strong>Inclusi\u00f3n y democratizaci\u00f3n<\/strong><\/p>\n<p>\u201cSe trata de llegar con la televisi\u00f3n donde nunca lleg\u00f3 el cable o a los lugares donde las empresas no quieren invertir porque no es rentable. All\u00ed debe estar el Estado para igualar. En ese camino estamos, convencidos de que la TDA es una de las pol\u00edticas de mayor inclusi\u00f3n social y democratizaci\u00f3n del acceso a los bienes culturales\u201d, resalt\u00f3 el funcionario, al tiempo que reiter\u00f3 que el sistema estatal no es incompatible con los servicios privados de cable, dado que los usuarios que as\u00ed lo deseen pueden disfrutar de ambos sistemas en un mismo televisor.<\/p>\n<p>\u201cM\u00e1s all\u00e1 de la calidad t\u00e9cnica que brinda la TDA -que representa un enorme avance en la calidad tanto de la imagen como del sonido- y de la excelencia de los contenidos, la consideramos como un in\u00e9dito plan social que, con eje en la igualdad y la inclusi\u00f3n, da vuelta l\u00f3gicas instaladas desde hace a\u00f1os y lleva primero a los hogares m\u00e1s humildes la mejor tecnolog\u00eda disponible en materia de televisi\u00f3n\u201d, coment\u00f3 el ministro.<\/p>\n<p><strong>\u201cTrabajando juntos\u201d<\/strong><\/p>\n<p>A trav\u00e9s de la Secretar\u00eda de Telecomunicaciones, la cartera que conduce B\u00e1ez ejecuta las obras en conjunto con el Ministerio de Planificaci\u00f3n Federal, Arsat y los distintos municipios. \u201cEste avance que tanto nos enorgullece es producto del modelo de gesti\u00f3n que nos marca el gobernador Sergio Urribarri: Naci\u00f3n, provincia y gobiernos locales trabajando juntos\u201d, se\u00f1al\u00f3 luego.<\/p>\n<p>Hay en el pa\u00eds 85 estaciones transmisoras de TDA, cinco de las cuales corresponden a Entre R\u00edos. Para los pr\u00f3ximos meses, est\u00e1 programado poner en funcionamiento otras 40, lo que permitir\u00e1 brindar el servicio al 83 por ciento de los hogares argentinos.<\/p>\n<p>\u201cComo sucede con tantas otras pol\u00edticas p\u00fablicas del Gobierno de Cristina Fern\u00e1ndez de Kirchner, por decisi\u00f3n de nuestro gobernador, en Entre R\u00edos se convierten en eje de gesti\u00f3n, se aplican y se fortalecen. Es por eso que, a cinco a\u00f1os de la creaci\u00f3n de este servicio, crece la infraestructura y con ella la cobertura de nuestro territorio, para que m\u00e1s entrerrianos puedan disfrutar de este sistema revolucionario\u201d, agreg\u00f3 el Ministro.<\/p>\n<p>Los infantiles PakaPaka y Tatet\u00ed; los canales de noticias C5N, CN23, el latinoamericano Telesur, el ruso RT; DeporTV, la TV P\u00fablica, Encuentro, 360TV, los musicales Vivra y Arpeggio, m\u00e1s Incaa TV (cine), Viajar (turismo), Tecn\u00f3polis (ciencia), y Construir TV, canal tem\u00e1tico de la Uni\u00f3n Obrera de la Construcci\u00f3n de la Rep\u00fablica Argentina (Uocra), integran la grilla de 15 canales que ofrece la TDA en la provincia.<\/p>\n<p>Para acceder al servicio los pobladores de las localidades alcanzadas deber\u00e1n contar con el equipo receptor de la se\u00f1al, ya disponible en comercios entrerrianos. Quienes cobren alg\u00fan tipo de plan social (AUH, Asignaci\u00f3n por embarazo, discapacidad, madres de siete hijos) y los jubilados que perciben el haber m\u00ednimo contar\u00e1n con el kit de deco y antena en forma gratuita. A la vez, el servicio llegar\u00e1 a todos los establecimientos estatales que tengan por finalidad el desarrollo de actividades sociales, culturales y educativas, adem\u00e1s de las organizaciones sociales, clubes, asociaciones civiles sin fines de lucro, fundaciones y cooperativas.<\/p>\n<h6>Fuente: APF Digital<\/h6>\n","protected":false},"excerpt":{"rendered":"<p>Con el progreso en las obras de emplazamiento de otra antena de Televisi\u00f3n Digital Abierta (TDA) en el territorio provincial, las localidades de Victoria y Nogoy\u00e1 podr\u00e1n acceder al servicio gratuito en los pr\u00f3ximos meses \u2022 En Concepci\u00f3n del Uruguay tambi\u00e9n se est\u00e1 instalando la infraestructura necesaria para poner en funcionamiento la quinta antena de<\/p>\n","protected":false},"author":2,"featured_media":30550,"comment_status":"closed","ping_status":"closed","sticky":false,"template":"","format":"standard","meta":{"footnotes":""},"categories":[2],"tags":[17],"class_list":["post-30549","post","type-post","status-publish","format-standard","has-post-thumbnail","hentry","category-informe-municipal","tag-entre-rios"],"_links":{"self":[{"href":"http:\/\/argentinamunicipal.com.ar\/argentina\/wp-json\/wp\/v2\/posts\/30549","targetHints":{"allow":["GET"]}}],"collection":[{"href":"http:\/\/argentinamunicipal.com.ar\/argentina\/wp-json\/wp\/v2\/posts"}],"about":[{"href":"http:\/\/argentinamunicipal.com.ar\/argentina\/wp-json\/wp\/v2\/types\/post"}],"author":[{"embeddable":true,"href":"http:\/\/argentinamunicipal.com.ar\/argentina\/wp-json\/wp\/v2\/users\/2"}],"replies":[{"embeddable":true,"href":"http:\/\/argentinamunicipal.com.ar\/argentina\/wp-json\/wp\/v2\/comments?post=30549"}],"version-history":[{"count":0,"href":"http:\/\/argentinamunicipal.com.ar\/argentina\/wp-json\/wp\/v2\/posts\/30549\/revisions"}],"wp:featuredmedia":[{"embeddable":true,"href":"http:\/\/argentinamunicipal.com.ar\/argentina\/wp-json\/wp\/v2\/media\/30550"}],"wp:attachment":[{"href":"http:\/\/argentinamunicipal.com.ar\/argentina\/wp-json\/wp\/v2\/media?parent=30549"}],"wp:term":[{"taxonomy":"category","embeddable":true,"href":"http:\/\/argentinamunicipal.com.ar\/argentina\/wp-json\/wp\/v2\/categories?post=30549"},{"taxonomy":"post_tag","embeddable":true,"href":"http:\/\/argentinamunicipal.com.ar\/argentina\/wp-json\/wp\/v2\/tags?post=30549"}],"curies":[{"name":"wp","href":"https:\/\/api.w.org\/{rel}","templated":true}]}}