{"id":30583,"date":"2015-06-01T10:07:49","date_gmt":"2015-06-01T13:07:49","guid":{"rendered":"http:\/\/argentinamunicipal.com.ar\/argentina\/?p=30583"},"modified":"2015-06-01T10:07:49","modified_gmt":"2015-06-01T13:07:49","slug":"el-municipio-de-santa-fe-llama-a-concurso-a-profesionales-y-tecnicos-para-cubrir-52-cargos","status":"publish","type":"post","link":"http:\/\/argentinamunicipal.com.ar\/argentina\/el-municipio-de-santa-fe-llama-a-concurso-a-profesionales-y-tecnicos-para-cubrir-52-cargos\/","title":{"rendered":"El Municipio de Santa Fe llama a concurso a profesionales y t\u00e9cnicos para cubrir 52 cargos"},"content":{"rendered":"<p><a href=\"http:\/\/argentinamunicipal.com.ar\/argentina\/wp-content\/uploads\/2015\/06\/muni.jpg_973718260.jpg\"><img loading=\"lazy\" decoding=\"async\" class=\"aligncenter  wp-image-30584\" src=\"http:\/\/argentinamunicipal.com.ar\/argentina\/wp-content\/uploads\/2015\/06\/muni.jpg_973718260.jpg\" alt=\"muni.jpg_973718260\" width=\"661\" height=\"461\" srcset=\"http:\/\/argentinamunicipal.com.ar\/argentina\/wp-content\/uploads\/2015\/06\/muni.jpg_973718260.jpg 789w, http:\/\/argentinamunicipal.com.ar\/argentina\/wp-content\/uploads\/2015\/06\/muni.jpg_973718260-300x209.jpg 300w\" sizes=\"auto, (max-width: 661px) 100vw, 661px\" \/><\/a><br \/>\nEs para ingresar como personal contratado no permanente. Desde el mi\u00e9rcoles 10 hasta el 20 junio, los interesados podr\u00e1n realizar las pre inscripciones ingresando al sitio web oficial del Gobierno de la Ciudad. La convocatoria es para cubrir cargos de distintas \u00e1reas del Ejecutivo Municipal.<\/p>\n<p>El Gobierno de la Ciudad informa que se encuentra abierto el concurso p\u00fablico para profesionales y t\u00e9cnicos con el objetivo de cubrir 52 cargos bajo la modalidad de personal contratado no permanente en diferentes dependencias municipales. La preinscripci\u00f3n para el ingreso de personal se realizar\u00e1 a trav\u00e9s del sitio web oficial del Municipio (www.santafeciudad.gov.ar\/gobierno\/convocatorias.html); comenzar\u00e1 el mi\u00e9rcoles 10 de junio y finalizar\u00e1 el 20 del mismo mes.<\/p>\n<p>Una vez realizada la preinscripci\u00f3n en la p\u00e1gina web, cada interesado podr\u00e1 obtener el d\u00eda y horario en el que deben llevar la documentaci\u00f3n en forma presencial al Municipio (Salta 2951).<\/p>\n<p>Como se sabe, todos los ingresos de personal, se realizan bajo los lineamientos de la Ley 9.286, que establece que el ingreso de personal en Municipios y Comunas deber\u00e1 hacerse por concurso. Por ese motivo, desde el 2007, el Gobierno de la Ciudad decidi\u00f3 incorporar a sus empleados por medio de un proceso de evaluaci\u00f3n, en el marco de un concurso por antecedentes y oposici\u00f3n.<\/p>\n<p><strong>Convocatoria<\/strong><\/p>\n<p>Los 52 cargos de personal bajo la modalidad no permanente est\u00e1n destinados tanto a hombres como mujeres, y abarcan los siguientes perfiles profesionales y t\u00e9cnicos: abogados, arquitectos y contadores para las distintas secretar\u00edas del Ejecutivo Municipal; ingeniero agr\u00f3nomo e inspector o verificador para el \u00e1rea de Ambiente; desarrollador de Sistemas Inform\u00e1ticos en el Programa Municipio Digital; asistente profesional en la Subsecretar\u00eda de Reforma y Modernizaci\u00f3n Administrativa, y administrativas en la Direcci\u00f3n Liceo Municipal.<\/p>\n<p>Para la Secretar\u00eda de Comunicaci\u00f3n, se seleccionar\u00e1 personal para procesamiento, sistematizaci\u00f3n y an\u00e1lisis de datos\/informaci\u00f3n social, econ\u00f3mica y de gesti\u00f3n en el Programa de Estad\u00edsticas e Investigaciones Sociales y Econ\u00f3micas. Tambi\u00e9n est\u00e1 abierta la convocatoria para perfiles para el \u00e1rea de Atenci\u00f3n al Ciudadano; y para t\u00e9cnico encargado de producci\u00f3n y redacci\u00f3n de noticias en diferentes formatos period\u00edsticos en el Programa de Informaci\u00f3n P\u00fablica.<\/p>\n<p>Otros perfiles son para t\u00e9cnicos de carreras sociales en las distintas secretar\u00edas del Ejecutivo Municipal (T\u00e9cnico Superior en Ni\u00f1ez, Adolescencia y Familia en Situaci\u00f3n de Riesgo; Asistente Social y\/o Licenciado en Trabajo Social; Licenciado en Terapia Ocupacional, psic\u00f3logo, m\u00e9dico y\/o enfermero).<\/p>\n<p>Tambi\u00e9n est\u00e1 abierta la inscripci\u00f3n para inspector en la Direcci\u00f3n de Seguridad Alimentaria.<\/p>\n<p>Para la Secretar\u00eda de la Producci\u00f3n, se seleccionar\u00e1 enfermero; t\u00e9cnico en Higiene y Seguridad en la Direcci\u00f3n de Seguridad y Salud Ocupacional; odont\u00f3logo, y t\u00e9cnico\/profesional en Psicolog\u00eda.<\/p>\n<p><strong>Detalles<\/strong><\/p>\n<p>Desde la Subsecretar\u00eda de la Funci\u00f3n P\u00fablica del Gobierno de la Ciudad se record\u00f3 que los concursos abiertos se rigen bajo tres principios: igualdad de oportunidades, transparencia en el proceso, y m\u00e9rito.<\/p>\n<p>Para conocer mayores requisitos, los aspirantes a ocupar los cargos podr\u00e1n obtener m\u00e1s informaci\u00f3n en la sede de la Direcci\u00f3n de Capacitaci\u00f3n, Ingreso y Promociones, ubicada en calle Salta 2952 o comunic\u00e1ndose al tel\u00e9fono 4574110.<\/p>\n<p>Vale mencionar, que los requisitos generales comunes a todos los concursos son: ser mayor de 18 a\u00f1os, de nacionalidad argentina, poseer buena conducta y nivel educativo secundario completo. A partir de esa base, cada concurso tiene sus requisitos particulares.<\/p>\n<h6>Fuente: Uno, Santa Fe<\/h6>\n","protected":false},"excerpt":{"rendered":"<p>Es para ingresar como personal contratado no permanente. Desde el mi\u00e9rcoles 10 hasta el 20 junio, los interesados podr\u00e1n realizar las pre inscripciones ingresando al sitio web oficial del Gobierno de la Ciudad. La convocatoria es para cubrir cargos de distintas \u00e1reas del Ejecutivo Municipal. El Gobierno de la Ciudad informa que se encuentra abierto<\/p>\n","protected":false},"author":2,"featured_media":30584,"comment_status":"closed","ping_status":"closed","sticky":false,"template":"","format":"standard","meta":{"footnotes":""},"categories":[2],"tags":[10],"class_list":["post-30583","post","type-post","status-publish","format-standard","has-post-thumbnail","hentry","category-informe-municipal","tag-santa-fe"],"_links":{"self":[{"href":"http:\/\/argentinamunicipal.com.ar\/argentina\/wp-json\/wp\/v2\/posts\/30583","targetHints":{"allow":["GET"]}}],"collection":[{"href":"http:\/\/argentinamunicipal.com.ar\/argentina\/wp-json\/wp\/v2\/posts"}],"about":[{"href":"http:\/\/argentinamunicipal.com.ar\/argentina\/wp-json\/wp\/v2\/types\/post"}],"author":[{"embeddable":true,"href":"http:\/\/argentinamunicipal.com.ar\/argentina\/wp-json\/wp\/v2\/users\/2"}],"replies":[{"embeddable":true,"href":"http:\/\/argentinamunicipal.com.ar\/argentina\/wp-json\/wp\/v2\/comments?post=30583"}],"version-history":[{"count":0,"href":"http:\/\/argentinamunicipal.com.ar\/argentina\/wp-json\/wp\/v2\/posts\/30583\/revisions"}],"wp:featuredmedia":[{"embeddable":true,"href":"http:\/\/argentinamunicipal.com.ar\/argentina\/wp-json\/wp\/v2\/media\/30584"}],"wp:attachment":[{"href":"http:\/\/argentinamunicipal.com.ar\/argentina\/wp-json\/wp\/v2\/media?parent=30583"}],"wp:term":[{"taxonomy":"category","embeddable":true,"href":"http:\/\/argentinamunicipal.com.ar\/argentina\/wp-json\/wp\/v2\/categories?post=30583"},{"taxonomy":"post_tag","embeddable":true,"href":"http:\/\/argentinamunicipal.com.ar\/argentina\/wp-json\/wp\/v2\/tags?post=30583"}],"curies":[{"name":"wp","href":"https:\/\/api.w.org\/{rel}","templated":true}]}}