{"id":30674,"date":"2015-06-02T11:41:51","date_gmt":"2015-06-02T14:41:51","guid":{"rendered":"http:\/\/argentinamunicipal.com.ar\/argentina\/?p=30674"},"modified":"2015-06-02T11:41:51","modified_gmt":"2015-06-02T14:41:51","slug":"crespo-proyectan-que-parte-del-alumbrado-publico-se-alimente-con-energia-solar-y-eolica","status":"publish","type":"post","link":"http:\/\/argentinamunicipal.com.ar\/argentina\/crespo-proyectan-que-parte-del-alumbrado-publico-se-alimente-con-energia-solar-y-eolica\/","title":{"rendered":"Crespo: Proyectan que parte del alumbrado p\u00fablico se alimente con energ\u00eda solar y e\u00f3lica"},"content":{"rendered":"<p>&nbsp;<\/p>\n<p><a href=\"http:\/\/argentinamunicipal.com.ar\/argentina\/wp-content\/uploads\/2015\/06\/107945_n.jpg\"><img loading=\"lazy\" decoding=\"async\" class=\"aligncenter size-full wp-image-30675\" src=\"http:\/\/argentinamunicipal.com.ar\/argentina\/wp-content\/uploads\/2015\/06\/107945_n.jpg\" alt=\"107945_n\" width=\"600\" height=\"450\" srcset=\"http:\/\/argentinamunicipal.com.ar\/argentina\/wp-content\/uploads\/2015\/06\/107945_n.jpg 600w, http:\/\/argentinamunicipal.com.ar\/argentina\/wp-content\/uploads\/2015\/06\/107945_n-300x225.jpg 300w\" sizes=\"auto, (max-width: 600px) 100vw, 600px\" \/><\/a><\/p>\n<p>El secretario de Planeamiento, Obras e Infraestructura de la municipalidad de Crespo, Fernando Bach, coment\u00f3 que se trabaja en la implementaci\u00f3n de un proyecto para dotar de una parte del alumbrado p\u00fablico con energ\u00eda solar y e\u00f3lica, iniciativa que se est\u00e1 probando, con muy buenos resultados, en otras partes del mundo<\/p>\n<p>Los equipos constan de un panel solar, una peque\u00f1a turbina e\u00f3lica y una bater\u00eda, con lo que una farola puede funcionar tal como lo hace con energ\u00eda el\u00e9ctrica.<\/p>\n<p>El funcionario explic\u00f3 que \u201csabemos que es un equipamiento costoso, pero estamos gestionando en la Provincia y Naci\u00f3n para llevar adelante este proyecto. La idea es empezar, haciendo un ensayo en una cuadra o en una plaza, como para ver qu\u00e9 resultados deja esta energ\u00eda alternativa\u201d.<\/p>\n<p>Bach resalt\u00f3 que durante la gesti\u00f3n del intendente Ariel Robles, se plante\u00f3 trabajar en la reconversi\u00f3n lum\u00ednica, incorporando las l\u00e1mparas por inducci\u00f3n magn\u00e9tica, que permiten obtener un ahorro energ\u00e9tico y mayor durabilidad en los equipos, dijo el funcionario. \u201cEl primer paso lo dimos con el recambio en calle San Mart\u00edn y lo seguimos en Plaza Sarmiento, donde en ocasi\u00f3n de los 125 a\u00f1os de Crespo, inauguramos la nueva iluminaci\u00f3n. El objetivo fue avanzar en otros espacios verdes, como en el Paseo de Tratado del Pilar, donde colocamos 3 globos con iluminaci\u00f3n magn\u00e9tica y el paso que sigue es el Parque Evita, donde se instalar\u00e1 un equipamiento similar al que usamos en la plaza principal de la ciudad\u201d, dijo el funcionario.<\/p>\n<p>El secretario coment\u00f3 que \u201chemos realizado un importante trabajo con la Escuela T\u00e9cnica, relevando en 2014 toda la red de alumbrado p\u00fablico de la ciudad. Se logr\u00f3 un material con 4 tomos, siendo un elemento muy importante para tomar decisiones futuras. Contamos con la informaci\u00f3n de donde est\u00e1n los transformadores, qu\u00e9 tipo de iluminaci\u00f3n existe, cu\u00e1les son los errores que debemos mejorar, cu\u00e1les son los problemas. A todos esos datos, se los hemos suministrado a ENERSA y hemos recibido felicitaciones desde esa empresa. Con este sistema de iluminaci\u00f3n, al cambiar el sodio por la inducci\u00f3n magn\u00e9tica, hemos ahorrado mucho en consumo de energ\u00eda y que es la misma l\u00ednea que siguen las ciudades m\u00e1s importantes\u201d.<\/p>\n<p>Por otra parte, Bach agreg\u00f3 que \u201cestamos trabajando en un proyecto con el objetivo de racionalizar el uso de la energ\u00eda en los edificios p\u00fablicos. Esto no significa tener todo apagado, sino que hay que usarlo de manera eficiente\u201d, public\u00f3 El Observador del Litoral.<\/p>\n<h6>Fuente: APF Digital<\/h6>\n","protected":false},"excerpt":{"rendered":"<p>&nbsp; El secretario de Planeamiento, Obras e Infraestructura de la municipalidad de Crespo, Fernando Bach, coment\u00f3 que se trabaja en la implementaci\u00f3n de un proyecto para dotar de una parte del alumbrado p\u00fablico con energ\u00eda solar y e\u00f3lica, iniciativa que se est\u00e1 probando, con muy buenos resultados, en otras partes del mundo Los equipos constan<\/p>\n","protected":false},"author":2,"featured_media":30675,"comment_status":"closed","ping_status":"closed","sticky":false,"template":"","format":"standard","meta":{"footnotes":""},"categories":[2],"tags":[17],"class_list":["post-30674","post","type-post","status-publish","format-standard","has-post-thumbnail","hentry","category-informe-municipal","tag-entre-rios"],"_links":{"self":[{"href":"http:\/\/argentinamunicipal.com.ar\/argentina\/wp-json\/wp\/v2\/posts\/30674","targetHints":{"allow":["GET"]}}],"collection":[{"href":"http:\/\/argentinamunicipal.com.ar\/argentina\/wp-json\/wp\/v2\/posts"}],"about":[{"href":"http:\/\/argentinamunicipal.com.ar\/argentina\/wp-json\/wp\/v2\/types\/post"}],"author":[{"embeddable":true,"href":"http:\/\/argentinamunicipal.com.ar\/argentina\/wp-json\/wp\/v2\/users\/2"}],"replies":[{"embeddable":true,"href":"http:\/\/argentinamunicipal.com.ar\/argentina\/wp-json\/wp\/v2\/comments?post=30674"}],"version-history":[{"count":0,"href":"http:\/\/argentinamunicipal.com.ar\/argentina\/wp-json\/wp\/v2\/posts\/30674\/revisions"}],"wp:featuredmedia":[{"embeddable":true,"href":"http:\/\/argentinamunicipal.com.ar\/argentina\/wp-json\/wp\/v2\/media\/30675"}],"wp:attachment":[{"href":"http:\/\/argentinamunicipal.com.ar\/argentina\/wp-json\/wp\/v2\/media?parent=30674"}],"wp:term":[{"taxonomy":"category","embeddable":true,"href":"http:\/\/argentinamunicipal.com.ar\/argentina\/wp-json\/wp\/v2\/categories?post=30674"},{"taxonomy":"post_tag","embeddable":true,"href":"http:\/\/argentinamunicipal.com.ar\/argentina\/wp-json\/wp\/v2\/tags?post=30674"}],"curies":[{"name":"wp","href":"https:\/\/api.w.org\/{rel}","templated":true}]}}