{"id":30690,"date":"2015-06-03T08:12:51","date_gmt":"2015-06-03T11:12:51","guid":{"rendered":"http:\/\/argentinamunicipal.com.ar\/argentina\/?p=30690"},"modified":"2015-06-03T08:12:51","modified_gmt":"2015-06-03T11:12:51","slug":"rosario-se-reafirma-en-turismo","status":"publish","type":"post","link":"http:\/\/argentinamunicipal.com.ar\/argentina\/rosario-se-reafirma-en-turismo\/","title":{"rendered":"Rosario se reafirma en turismo"},"content":{"rendered":"<p><a href=\"http:\/\/argentinamunicipal.com.ar\/argentina\/wp-content\/uploads\/2015\/06\/118341_rosario.jpg\"><img loading=\"lazy\" decoding=\"async\" class=\"aligncenter size-full wp-image-30691\" src=\"http:\/\/argentinamunicipal.com.ar\/argentina\/wp-content\/uploads\/2015\/06\/118341_rosario.jpg\" alt=\"118341_rosario\" width=\"544\" height=\"293\" srcset=\"http:\/\/argentinamunicipal.com.ar\/argentina\/wp-content\/uploads\/2015\/06\/118341_rosario.jpg 544w, http:\/\/argentinamunicipal.com.ar\/argentina\/wp-content\/uploads\/2015\/06\/118341_rosario-300x162.jpg 300w\" sizes=\"auto, (max-width: 544px) 100vw, 544px\" \/><\/a><br \/>\nM\u00f3nica Fein present\u00f3 la actualizaci\u00f3n del Plan de Desarrollo de Turismo Sustentable 2010-2018, destac\u00f3 el rol de la articulaci\u00f3n entre Estado y sector privado, y augur\u00f3: \u00abEstamos para m\u00e1s\u00bb<\/p>\n<p>La intendenta M\u00f3nica Fein, junto al secretario de Turismo, H\u00e9ctor De Benedectis, present\u00f3 en la tarde del lunes 1\u00ba de junio, en el hotel Ros Tower (Mitre 299), la actualizaci\u00f3n del Plan de Desarrollo de Turismo Sustentable Rosario 2010\u20132018, herramienta de planificaci\u00f3n generada de manera participativa y consensuada entre distintos actores de los sectores p\u00fablico y privado y entidades intermedias de la actividad tur\u00edstica a nivel local.<\/p>\n<p>La necesidad de actualizar el Plan de Desarrollo de Turismo Sustentable 2010 &#8211; 2018 surgi\u00f3 luego de reuniones sectoriales que abrieron un debate amplio y participativo, considerando el alto dinamismo que se registra en la oferta de bienes y servicios vinculados al turismo y la necesidad de revisar de manera permanente los lineamientos y estrategias para el desarrollo del sector, que fue cristalizada durante los \u00faltimos meses con una serie de reuniones impulsadas por la Secretar\u00eda de Turismo de Rosario y el Ente Tur\u00edstico Rosario.<\/p>\n<p>En la oportunidad, la intendenta destac\u00f3 que \u00abhemos logrado la base, el piso de c\u00f3mo tenemos que pensar el turismo en la ciudad. Estamos para m\u00e1s, y ese m\u00e1s lo tenemos que lograr entre todos. Si pudimos posicionar en unos a\u00f1os a la ciudad a nivel nacional e internacional, nos demuestra la capacidad que tenemos trabajando juntos, el Estado con el sector privado. Y eso se hace cuando se construye confianza, cuando ganamos ambos\u00bb.<\/p>\n<p>La jefa municipal recalc\u00f3 adem\u00e1s que \u00abhemos ido a posicionar a la ciudad a los pa\u00edses vecinos y a buscar congresos, convenciones, eventos, y la verdad que todos han sido exitosos, gracias al esfuerzo, al trabajo de ustedes; porque si bien el municipio puede trabajar e ir a buscar un evento, lo que lo hace exitoso es el trabajo de cada uno de ustedes\u00bb, aludi\u00f3 en referencia a la labor de cada uno de los actores que forman parte del desarrollo tur\u00edstico de la ciudad.<\/p>\n<p>Fein hizo hincapi\u00e9 tambi\u00e9n en los importantes proyectos que se est\u00e1n llevando a cabo en la ciudad y que ser\u00e1n, en un futuro cercano, atractivos tur\u00edsticos, entre los que mencion\u00f3 el nuevo Acuario R\u00edo Paran\u00e1, donde este pasado domingo se inaugur\u00f3 el Parque del sector y estar\u00e1 listo para fin de a\u00f1o; el Museo del Deporte, presentado d\u00edas atr\u00e1s por el gobernador Antonio Bonfatti; y el Centro de Interpretaci\u00f3n Ambiental que se realizar\u00e1 en el Bosque de los Constituyentes.<\/p>\n<p>Asimismo, la mandataria mencion\u00f3 la recuperaci\u00f3n que experiment\u00f3 en los \u00faltimos a\u00f1os el Aeropuerto Internacional Islas Malvinas y la nueva conexi\u00f3n de tren con Buenos Aires. \u00abNos entusiasma saber que a fin de a\u00f1o vamos a tener una conexi\u00f3n mucho m\u00e1s sutentable e importante\u00bb, dijo.<\/p>\n<p><strong>Tambi\u00e9n \u00abcrecen el empleo y las oportunidades\u00bb<\/strong><\/p>\n<p>\u00abRosario tiene muchos proyectos hacia el futuro y \u00e9sta tambi\u00e9n es la Rosario que existe. Sabemos que tenemos desaf\u00edos por delante, no negamos que la violencia y la inseguridad nos han puesto en un lugar complejo. Pero como hemos hecho todo, con seriedad, con compromiso, sin promesas falsas, sabemos que podemos superarlo, con mucho trabajo\u00bb, precis\u00f3 Fein.<\/p>\n<p>En ese sentido, remarc\u00f3 que \u00absi crece la ciudad, tambi\u00e9n crece el empleo y las oportunidades. Y la violencia tambi\u00e9n se supera con m\u00e1s oportunidades, con m\u00e1s inclusi\u00f3n, con m\u00e1s trabajo, y ustedes han hecho mucho en este tiempo por eso\u00bb.<\/p>\n<p><strong>\u00abTodo lo hicimos en conjunto, y tiene otro gusto\u00bb<\/strong><\/p>\n<p>Por su parte, el secretario de Turismo realiz\u00f3 un pormenorizado balance del trabajo que se llev\u00f3 a cabo en la ciudad en los \u00faltimos a\u00f1os para fortalecer a Rosario como destino tur\u00edstico y destac\u00f3 la decisi\u00f3n pol\u00edtica del ex intendente Miguel Lifschitz para profundizar la visi\u00f3n tur\u00edstica de la ciudad y, luego, de la actual mandataria, quien cre\u00f3 la Secretar\u00eda de Turismo.<\/p>\n<p>\u00abEl turismo empieza a tomarse como una actividad s\u00f3lida para los propios rosarinos y ese quiebre en la percepci\u00f3n de la poblaci\u00f3n es el verdadero cambio. Para el resto del pa\u00eds, desde hace tiempo, Rosario es una ciudad tur\u00edsticamente competitiva\u00bb, enfatiz\u00f3 De Benedectis luego de remarcar los logros obtenidos en el \u00faltimo tiempo, con la realizaci\u00f3n de importantes congresos y eventos nacionales e internacionales de toda \u00edndole.<\/p>\n<p>El funcionario municipal remarc\u00f3 que \u00abtodo lo hicimos en conjunto, y tiene otro gusto; as\u00ed quisimos que fuera y esperamos que siga siendo. Si hay que elegir un destino para nuestra ciudad, nada mejor que hacerlo colectivamente\u00bb.<\/p>\n<p>\u00abConsolidamos un nuevo piso y ahora vamos por m\u00e1s, porque luego de cuatro a\u00f1os de su implementaci\u00f3n se realiz\u00f3 la primera revisi\u00f3n del plan estrat\u00e9gico. El proceso de actualizaci\u00f3n fue encarado con el mismo esp\u00edritu que le dio origen: trabajo articulado y consensuado de todos los actores, analizando y proponiendo\u00bb, se\u00f1al\u00f3 De Benedectis.<\/p>\n<p>En la oportunidad, la Secretar\u00eda de Turismo y el Ente Tur\u00edstico de Rosario otorg\u00f3 una distinci\u00f3n, en reconocimiento por su labor para impulsar a Rosario como ciudad tur\u00edstica, a los representantes de la Asociaci\u00f3n Rosarina de Agencias de Viajes (ARAV), la Asociaci\u00f3n Empresaria Hotelera Gastron\u00f3mica de Rosario (AEHGAR), el Rosario Convention &amp; Visitors Bureau (RC&amp;VB); el secretario de Turismo de la provincia, Mart\u00edn Bulos, y a la propia intendenta M\u00f3nica Fein.<\/p>\n<p><strong>Cinco l\u00edneas estrat\u00e9gicas<\/strong><\/p>\n<p>La actualizaci\u00f3n del Plan de Desarrollo de Turismo Sustentable Rosario 2010\u20132018 plantea cinco l\u00edneas estrat\u00e9gicas para trabajar: consolidaci\u00f3n del producto Rosario Metropolitana; desarrollo de la cultura de calidad; fortalecimiento de la identidad, marca y posicionamiento; Rosario y su inserci\u00f3n en la escala regional, nacional e internacional, y fuentes de financimiento para el desarrollo tur\u00edstico.<\/p>\n<p>Tambi\u00e9n estuvieron presentes el subsecretario de Turismo, Adri\u00e1n Paladini; los concejales Miguel Capiello, Mar\u00eda Eugenia Schmuck y Adri\u00e1n Chale; la directora de Educaci\u00f3n Superior del Ministerio de Educaci\u00f3n de Santa Fe, Irene L\u00f3pez, y representantes de las distintas asociaciones y organizaciones vinculadas al rubro.<\/p>\n<h6>Fuente: Sin Mordaza<\/h6>\n","protected":false},"excerpt":{"rendered":"<p>M\u00f3nica Fein present\u00f3 la actualizaci\u00f3n del Plan de Desarrollo de Turismo Sustentable 2010-2018, destac\u00f3 el rol de la articulaci\u00f3n entre Estado y sector privado, y augur\u00f3: \u00abEstamos para m\u00e1s\u00bb La intendenta M\u00f3nica Fein, junto al secretario de Turismo, H\u00e9ctor De Benedectis, present\u00f3 en la tarde del lunes 1\u00ba de junio, en el hotel Ros Tower<\/p>\n","protected":false},"author":2,"featured_media":30691,"comment_status":"closed","ping_status":"closed","sticky":false,"template":"","format":"standard","meta":{"footnotes":""},"categories":[2],"tags":[10],"class_list":["post-30690","post","type-post","status-publish","format-standard","has-post-thumbnail","hentry","category-informe-municipal","tag-santa-fe"],"_links":{"self":[{"href":"http:\/\/argentinamunicipal.com.ar\/argentina\/wp-json\/wp\/v2\/posts\/30690","targetHints":{"allow":["GET"]}}],"collection":[{"href":"http:\/\/argentinamunicipal.com.ar\/argentina\/wp-json\/wp\/v2\/posts"}],"about":[{"href":"http:\/\/argentinamunicipal.com.ar\/argentina\/wp-json\/wp\/v2\/types\/post"}],"author":[{"embeddable":true,"href":"http:\/\/argentinamunicipal.com.ar\/argentina\/wp-json\/wp\/v2\/users\/2"}],"replies":[{"embeddable":true,"href":"http:\/\/argentinamunicipal.com.ar\/argentina\/wp-json\/wp\/v2\/comments?post=30690"}],"version-history":[{"count":0,"href":"http:\/\/argentinamunicipal.com.ar\/argentina\/wp-json\/wp\/v2\/posts\/30690\/revisions"}],"wp:featuredmedia":[{"embeddable":true,"href":"http:\/\/argentinamunicipal.com.ar\/argentina\/wp-json\/wp\/v2\/media\/30691"}],"wp:attachment":[{"href":"http:\/\/argentinamunicipal.com.ar\/argentina\/wp-json\/wp\/v2\/media?parent=30690"}],"wp:term":[{"taxonomy":"category","embeddable":true,"href":"http:\/\/argentinamunicipal.com.ar\/argentina\/wp-json\/wp\/v2\/categories?post=30690"},{"taxonomy":"post_tag","embeddable":true,"href":"http:\/\/argentinamunicipal.com.ar\/argentina\/wp-json\/wp\/v2\/tags?post=30690"}],"curies":[{"name":"wp","href":"https:\/\/api.w.org\/{rel}","templated":true}]}}