{"id":30726,"date":"2015-06-03T08:48:36","date_gmt":"2015-06-03T11:48:36","guid":{"rendered":"http:\/\/argentinamunicipal.com.ar\/argentina\/?p=30726"},"modified":"2015-06-03T08:48:36","modified_gmt":"2015-06-03T11:48:36","slug":"acueducto-desvio-arijon-inauguraran-en-septiembre-la-planta-potabilizadora","status":"publish","type":"post","link":"http:\/\/argentinamunicipal.com.ar\/argentina\/acueducto-desvio-arijon-inauguraran-en-septiembre-la-planta-potabilizadora\/","title":{"rendered":"Acueducto Desv\u00edo Arij\u00f3n: inaugurar\u00e1n en septiembre la planta potabilizadora"},"content":{"rendered":"<p><a href=\"http:\/\/argentinamunicipal.com.ar\/argentina\/wp-content\/uploads\/2015\/06\/2015-01-12NID_211197O_8.jpeg\"><img loading=\"lazy\" decoding=\"async\" class=\"aligncenter size-full wp-image-30727\" src=\"http:\/\/argentinamunicipal.com.ar\/argentina\/wp-content\/uploads\/2015\/06\/2015-01-12NID_211197O_8.jpeg\" alt=\"2015-01-12NID_211197O_8\" width=\"620\" height=\"388\" srcset=\"http:\/\/argentinamunicipal.com.ar\/argentina\/wp-content\/uploads\/2015\/06\/2015-01-12NID_211197O_8.jpeg 620w, http:\/\/argentinamunicipal.com.ar\/argentina\/wp-content\/uploads\/2015\/06\/2015-01-12NID_211197O_8-300x188.jpeg 300w\" sizes=\"auto, (max-width: 620px) 100vw, 620px\" \/><\/a><br \/>\nLa obra presenta un grado de ejecuci\u00f3n de entre el 60 y 70%. Se habilitar\u00e1 con uno de los cuatro m\u00f3dulos proyectados. En una primera etapa, permitir\u00e1 abastecer de agua potable a Desv\u00edo Arij\u00f3n, Sauce Viejo y Santo Tom\u00e9.<\/p>\n<p>Con un grado total de ejecuci\u00f3n de \u201centre un 60 y 70 por ciento\u201d, el gobierno pretende habilitar en septiembre la nueva planta potabilizadora del acueducto Desv\u00edo Arij\u00f3n-Rafaela. En di\u00e1logo con El Litoral, el ministro de Aguas y Servicios P\u00fablicos, Antonio Ciancio, reafirm\u00f3 hoy los plazos que originalmente barajaban. Despu\u00e9s de recorrer los distintos frentes de obra encarados, Ciancio dijo que la fecha estipulada \u201csigue en pie\u201d. La observaci\u00f3n in situ de los trabajos implic\u00f3 una primera \u201cmirada\u201d en la planta potabilizadora propiamente dicha, que se encuentra a la altura de Desv\u00edo Arij\u00f3n por la autopista Santa Fe-Rosario, y que constituye el \u201ccoraz\u00f3n\u201d de la obra. En segunda instancia, recorrieron el ramal hacia Rafaela, donde \u201cya hay un kil\u00f3metro de ca\u00f1os colocados\u201d, seg\u00fan precis\u00f3. Finalmente, visitaron el muelle de toma de agua cruda ubicado sobre el r\u00edo Coronda; tiene una longitud de 150 metros y ya se han colocado dos de las cinco bombas para la extracci\u00f3n de agua. Desde all\u00ed, se extiende una ca\u00f1er\u00eda que llega hasta la planta de tratamiento para su posterior potabilizaci\u00f3n.<\/p>\n<p><strong>Distribuci\u00f3n<\/strong><\/p>\n<p>En cuanto a la planta potabilizadora, Ciancio dijo que desde el punto de vista f\u00edsico, la obra civil est\u00e1 ejecutada pr\u00e1cticamente en un 90%. \u201cPero hablamos de un grado de ejecuci\u00f3n total de entre un 60 y 70% porque lo que falta es inversi\u00f3n. Los edificios est\u00e1n construidos; las cisternas est\u00e1n hechas, pero ahora se est\u00e1 trabajando en la instalaci\u00f3n electromec\u00e1nica. La obra de infraestructura -insisti\u00f3- est\u00e1 pr\u00e1cticamente terminada, pero falta el equipamiento\u201d.<\/p>\n<p>Mientras tanto, se trabaja en el tendido de ca\u00f1er\u00eda de hierro d\u00factil entre dicha planta y el muelle ya terminado, y en los 40 kil\u00f3metros de ca\u00f1er\u00eda de alimentaci\u00f3n hacia las tres localidades que se ver\u00e1n beneficiadas inicialmente: Desv\u00edo Arij\u00f3n, Sauce Viejo y Santo Tom\u00e9.<\/p>\n<p>Ciancio explic\u00f3 que en el caso de Santo Tom\u00e9 habr\u00e1 tres cisternas. \u201cLa provincia ya construy\u00f3 dos y la otra est\u00e1 casi terminada -indic\u00f3-. Despu\u00e9s nos vamos a ocupar de c\u00f3mo alimentamos los tanques elevados a partir de esas cisternas\u201d.<\/p>\n<p>El ministro advirti\u00f3 que la distribuci\u00f3n implica dos instancias, a partir del \u201cproblema\u201d de vincular los sistemas interiores al acueducto. \u201cEn Santo Tom\u00e9 -reiter\u00f3-, el agua se almacenar\u00e1 en las cisternas y desde all\u00ed llegar\u00e1 a los tres tanques para distribuirla luego a la red. En el caso de los pueblos -diferenci\u00f3-, desde las cisternas de llegada se impulsa directamente el agua a la red. En general, estos distritos ya tienen cisterna, y si no la tienen, vamos a colaborar para construirlas\u201d, prometi\u00f3.<\/p>\n<p><strong>Proyecci\u00f3n<\/strong><\/p>\n<p>El funcionario advirti\u00f3 que debieron sortearse numerosos inconvenientes con las importaciones, pero celebr\u00f3 que esos escollos se fueron salvando, incluso, \u201ccon la propia intervenci\u00f3n del gobernador\u201d.<\/p>\n<p>Finalmente, en cuanto a la planta potabilizadora que inaugurar\u00e1n en septiembre, dijo que ser\u00e1 con uno de los cuatro m\u00f3dulos a construir.<\/p>\n<p>\u201cLa planta va a tener en el futuro cuatro m\u00f3dulos de potabilizaci\u00f3n. Hay una serie que es com\u00fan a los cuatro; uno de esos m\u00f3dulos se est\u00e1 terminando y con \u00e9l ya podemos darle agua a Desv\u00edo Arij\u00f3n, Santo Tom\u00e9 y Sauce Viejo. Y hasta podemos empezar a impulsar agua a la ciudad de Rafaela\u201d, plante\u00f3.<\/p>\n<p>Ciancio explic\u00f3 que se proyectaron cuatro m\u00f3dulos de potabilizaci\u00f3n porque el de Desv\u00edo \u201ces el acueducto m\u00e1s grande que se construye en la provincia; tenemos noventa localidades que se conectar\u00e1n (unos 300 mil usuarios), y un horizonte de dise\u00f1o de treinta a\u00f1os\u201d. Acot\u00f3 que la obra fue pensada con \u201cun sobredimensionamiento, atentos a lo que pas\u00f3 con el acueducto Centro-Oeste que hizo la Naci\u00f3n, y que no logr\u00f3 tener capacidad de potabilizaci\u00f3n para las segundas etapas que estaban previstas, porque la planta estaba ya al l\u00edmite\u201d.<\/p>\n<p>Por otra parte, destac\u00f3 que \u201cla idea de ir construyendo plantas sin ce\u00f1irnos a esquemas r\u00edgidos, permite que luego cuando est\u00e9 todo conectado, veamos hacia d\u00f3nde lo hacemos llegar. Es un sistema parecido al el\u00e9ctrico, que permite alimentar desde un lado o desde el otro\u201d, concluy\u00f3.<\/p>\n<h6>Fuente: El Litoral, Santa fe<\/h6>\n","protected":false},"excerpt":{"rendered":"<p>La obra presenta un grado de ejecuci\u00f3n de entre el 60 y 70%. Se habilitar\u00e1 con uno de los cuatro m\u00f3dulos proyectados. En una primera etapa, permitir\u00e1 abastecer de agua potable a Desv\u00edo Arij\u00f3n, Sauce Viejo y Santo Tom\u00e9. Con un grado total de ejecuci\u00f3n de \u201centre un 60 y 70 por ciento\u201d, el gobierno<\/p>\n","protected":false},"author":2,"featured_media":30727,"comment_status":"closed","ping_status":"closed","sticky":false,"template":"","format":"standard","meta":{"footnotes":""},"categories":[2],"tags":[10],"class_list":["post-30726","post","type-post","status-publish","format-standard","has-post-thumbnail","hentry","category-informe-municipal","tag-santa-fe"],"_links":{"self":[{"href":"http:\/\/argentinamunicipal.com.ar\/argentina\/wp-json\/wp\/v2\/posts\/30726","targetHints":{"allow":["GET"]}}],"collection":[{"href":"http:\/\/argentinamunicipal.com.ar\/argentina\/wp-json\/wp\/v2\/posts"}],"about":[{"href":"http:\/\/argentinamunicipal.com.ar\/argentina\/wp-json\/wp\/v2\/types\/post"}],"author":[{"embeddable":true,"href":"http:\/\/argentinamunicipal.com.ar\/argentina\/wp-json\/wp\/v2\/users\/2"}],"replies":[{"embeddable":true,"href":"http:\/\/argentinamunicipal.com.ar\/argentina\/wp-json\/wp\/v2\/comments?post=30726"}],"version-history":[{"count":0,"href":"http:\/\/argentinamunicipal.com.ar\/argentina\/wp-json\/wp\/v2\/posts\/30726\/revisions"}],"wp:featuredmedia":[{"embeddable":true,"href":"http:\/\/argentinamunicipal.com.ar\/argentina\/wp-json\/wp\/v2\/media\/30727"}],"wp:attachment":[{"href":"http:\/\/argentinamunicipal.com.ar\/argentina\/wp-json\/wp\/v2\/media?parent=30726"}],"wp:term":[{"taxonomy":"category","embeddable":true,"href":"http:\/\/argentinamunicipal.com.ar\/argentina\/wp-json\/wp\/v2\/categories?post=30726"},{"taxonomy":"post_tag","embeddable":true,"href":"http:\/\/argentinamunicipal.com.ar\/argentina\/wp-json\/wp\/v2\/tags?post=30726"}],"curies":[{"name":"wp","href":"https:\/\/api.w.org\/{rel}","templated":true}]}}