{"id":30746,"date":"2015-06-03T09:42:41","date_gmt":"2015-06-03T12:42:41","guid":{"rendered":"http:\/\/argentinamunicipal.com.ar\/argentina\/?p=30746"},"modified":"2015-06-03T09:42:41","modified_gmt":"2015-06-03T12:42:41","slug":"cristina-la-violencia-produce-una-cultura-devastadora-de-lo-femenino","status":"publish","type":"post","link":"http:\/\/argentinamunicipal.com.ar\/argentina\/cristina-la-violencia-produce-una-cultura-devastadora-de-lo-femenino\/","title":{"rendered":"Cristina: \u00abLa violencia produce una cultura devastadora de lo femenino\u00bb"},"content":{"rendered":"<p><a href=\"http:\/\/argentinamunicipal.com.ar\/argentina\/wp-content\/uploads\/2015\/06\/Cristina-kichner.jpg\"><img loading=\"lazy\" decoding=\"async\" class=\"aligncenter size-full wp-image-30747\" src=\"http:\/\/argentinamunicipal.com.ar\/argentina\/wp-content\/uploads\/2015\/06\/Cristina-kichner.jpg\" alt=\"Cristina-kichner\" width=\"650\" height=\"420\" srcset=\"http:\/\/argentinamunicipal.com.ar\/argentina\/wp-content\/uploads\/2015\/06\/Cristina-kichner.jpg 650w, http:\/\/argentinamunicipal.com.ar\/argentina\/wp-content\/uploads\/2015\/06\/Cristina-kichner-300x194.jpg 300w\" sizes=\"auto, (max-width: 650px) 100vw, 650px\" \/><\/a><br \/>\nLa jefa de Estado critic\u00f3 la naturalizaci\u00f3n de condiciones previas a la violencia que \u201cson cotidianas y festejadas, como el piropo grosero y soez\u201d. Tambi\u00e9n cuestion\u00f3 la \u201ccosificaci\u00f3n de lolas y colas que se tocan y se miden en IBOPE\u201d.<\/p>\n<p>La presidenta Cristina Fern\u00e1ndez de Kirchner se refiri\u00f3 a trav\u00e9s de las redes sociales a la marcha que bajo la consigna \u201cni una menos\u201d se realizar\u00e1 en la Plaza de los Dos Congresos y en diversos puntos del pa\u00eds para denunciar los casos de femicidios que \u00faltimamente tuvieron lugar en el pa\u00eds, y se\u00f1al\u00f3 que \u201cla violencia produce una cultura devastadora de lo femenino\u201d.<\/p>\n<p>\u201cMiles de mujeres van a marchar contra la violencia de g\u00e9nero bajo la consigna ni una menos. Se trata de una agresi\u00f3n que encuentra su \u00faltima expresi\u00f3n en la agresi\u00f3n f\u00edsica, la violaci\u00f3n y la muerte. Pero no son las \u00fanicas\u201d, afirm\u00f3 la mandataria.<\/p>\n<p>Y en ese sentido, agreg\u00f3: \u201cHay violencias previas, anteriores que van creando las condiciones para el golpe final\u201d.<br \/>\nLa jefa de Estado critic\u00f3 la \u201cnaturalizaci\u00f3n\u201d de condiciones previas a la violencia que \u201cson cotidianas y festejadas como el piropo, grosero y soez\u201d.<\/p>\n<p>\u201cUna piba tiene que soportar esas situaciones por qu\u00e9 &#8216;\u00bfsi iba con minifalda qu\u00e9 quer\u00e9s que le digan?&#8217; Una justificaci\u00f3n c\u00ednica no solamente escuchada por los hombres\u201d, remarc\u00f3.<\/p>\n<p>Cristina tambi\u00e9n mencion\u00f3 las formas m\u00e1s sutiles de violencia que tiene que ver con \u201cuna cosificaci\u00f3n de lolas y colas que se tocan y se miden en IBOPE\u201d.<\/p>\n<p>\u201cSi la mujer es una cosa no queda hacer otra cosa que romperla si no la puede tener. \u00bfCu\u00e1ntas veces le\u00edste en letra de molde que una chica llevaba puesta tal ropa o que lo \u00fanico que hac\u00eda era ir a los boliches? &#8216;Si ni estudiaba&#8217;&#8230; A veces pienso en el &#8216;algo habr\u00e1n hecho&#8217;; falta con repasar algunas cr\u00f3nicas\u201d, apunt\u00f3.<\/p>\n<p>En otro orden, critic\u00f3 la liviandad con la que algunos de los integrantes del Poder Judicial abordan la problem\u00e1tica de la violencia contra la mujer.<\/p>\n<p>\u201cDe algunos jueces mejor ni hablar: seis meses de condena para un hombre que mol\u00f3 a golpes a una mujer en la calle. Pero no s\u00f3lo se trata de un problema judicial o policial. Estamos ante una cultura devastadora de lo femenino\u201d, enfatiz\u00f3 la mandataria.<\/p>\n<p>Y puntualiz\u00f3: \u201cCualquiera sea su lugar. Hasta el m\u00e1s encumbrado. Si algunos pudieran\u201d, y luego adjunta en un mensaje un link de la revista digital Anfibia que \u201cmerece una lectura y reflexi\u00f3n colectiva\u201d.<\/p>\n<h6>Fuente: El Once<\/h6>\n","protected":false},"excerpt":{"rendered":"<p>La jefa de Estado critic\u00f3 la naturalizaci\u00f3n de condiciones previas a la violencia que \u201cson cotidianas y festejadas, como el piropo grosero y soez\u201d. Tambi\u00e9n cuestion\u00f3 la \u201ccosificaci\u00f3n de lolas y colas que se tocan y se miden en IBOPE\u201d. La presidenta Cristina Fern\u00e1ndez de Kirchner se refiri\u00f3 a trav\u00e9s de las redes sociales a<\/p>\n","protected":false},"author":2,"featured_media":30747,"comment_status":"closed","ping_status":"closed","sticky":false,"template":"","format":"standard","meta":{"footnotes":""},"categories":[8],"tags":[21],"class_list":["post-30746","post","type-post","status-publish","format-standard","has-post-thumbnail","hentry","category-informe-nacional","tag-argentina"],"_links":{"self":[{"href":"http:\/\/argentinamunicipal.com.ar\/argentina\/wp-json\/wp\/v2\/posts\/30746","targetHints":{"allow":["GET"]}}],"collection":[{"href":"http:\/\/argentinamunicipal.com.ar\/argentina\/wp-json\/wp\/v2\/posts"}],"about":[{"href":"http:\/\/argentinamunicipal.com.ar\/argentina\/wp-json\/wp\/v2\/types\/post"}],"author":[{"embeddable":true,"href":"http:\/\/argentinamunicipal.com.ar\/argentina\/wp-json\/wp\/v2\/users\/2"}],"replies":[{"embeddable":true,"href":"http:\/\/argentinamunicipal.com.ar\/argentina\/wp-json\/wp\/v2\/comments?post=30746"}],"version-history":[{"count":0,"href":"http:\/\/argentinamunicipal.com.ar\/argentina\/wp-json\/wp\/v2\/posts\/30746\/revisions"}],"wp:featuredmedia":[{"embeddable":true,"href":"http:\/\/argentinamunicipal.com.ar\/argentina\/wp-json\/wp\/v2\/media\/30747"}],"wp:attachment":[{"href":"http:\/\/argentinamunicipal.com.ar\/argentina\/wp-json\/wp\/v2\/media?parent=30746"}],"wp:term":[{"taxonomy":"category","embeddable":true,"href":"http:\/\/argentinamunicipal.com.ar\/argentina\/wp-json\/wp\/v2\/categories?post=30746"},{"taxonomy":"post_tag","embeddable":true,"href":"http:\/\/argentinamunicipal.com.ar\/argentina\/wp-json\/wp\/v2\/tags?post=30746"}],"curies":[{"name":"wp","href":"https:\/\/api.w.org\/{rel}","templated":true}]}}