{"id":3075,"date":"2014-03-07T08:30:25","date_gmt":"2014-03-07T11:30:25","guid":{"rendered":"http:\/\/argentinamunicipal.com.ar\/argentina\/?p=3075"},"modified":"2014-03-07T08:30:25","modified_gmt":"2014-03-07T11:30:25","slug":"volvieron-los-vuelos-buenos-aires-parana-de-aerolineas-argentinas","status":"publish","type":"post","link":"http:\/\/argentinamunicipal.com.ar\/argentina\/volvieron-los-vuelos-buenos-aires-parana-de-aerolineas-argentinas\/","title":{"rendered":"Volvieron los vuelos Buenos Aires &#8211; Paran\u00e1 de Aerol\u00edneas Argentinas"},"content":{"rendered":"<p><a href=\"http:\/\/argentinamunicipal.com.ar\/argentina\/wp-content\/uploads\/2014\/03\/aero.jpg_869080375.jpg\"><img loading=\"lazy\" decoding=\"async\" class=\"aligncenter size-full wp-image-3076\" alt=\"aero.jpg_869080375\" src=\"http:\/\/argentinamunicipal.com.ar\/argentina\/wp-content\/uploads\/2014\/03\/aero.jpg_869080375.jpg\" width=\"624\" height=\"468\" srcset=\"http:\/\/argentinamunicipal.com.ar\/argentina\/wp-content\/uploads\/2014\/03\/aero.jpg_869080375.jpg 624w, http:\/\/argentinamunicipal.com.ar\/argentina\/wp-content\/uploads\/2014\/03\/aero.jpg_869080375-300x225.jpg 300w\" sizes=\"auto, (max-width: 624px) 100vw, 624px\" \/><\/a><br \/>\nEsta tarde-noche el Gobernador de la provincia recibi\u00f3 el primer vuelo de la ruta Buenos Aires &#8211; Paran\u00e1 en la capital provincial. Aerol\u00edneas Argentinas (AA) retoma la ruta luego de 25 a\u00f1os<\/p>\n<p>El gobernador de Entre R\u00edos, Sergio Urribarri, celebr\u00f3 la decisi\u00f3n de Aerol\u00edneas Argentinas de retomar la ruta Buenos Aires-Paran\u00e1, al recibir el primer vuelo luego de 25 a\u00f1os, que lleg\u00f3 esta tarde-noche a la capital provincial.<\/p>\n<p>\u00abHace 25 a\u00f1os que Aerol\u00edneas Argentinas no volaba a Paran\u00e1 y por eso estamos orgullosos de que hoy se pudiera concretar su regreso. Yo le quiero agradecer a la presidenta y a Mariano (Recalde) por el esfuerzo para que esto sea una realidad\u00bb, manifest\u00f3 el mandatario.<\/p>\n<p>Urribarri, junto a autoridades provinciales, recibi\u00f3 el vuelo de Austral que lleg\u00f3 hoy a Paran\u00e1, que tuvo entre sus ocupantes al presidente de Aerol\u00edneas Argentinas, Mariano Recalde.<\/p>\n<p>\u00abAerol\u00edneas Argentinas conecta al pa\u00eds y eso es fundamental para tener un pa\u00eds mucho m\u00e1s federal\u00bb, destac\u00f3 el gobernador de Entre R\u00edos.<\/p>\n<p>\u00abLa conectividad es un elemento importante para el pa\u00eds y para el mundo de los negocios, de las empresas, del turismo nacional e internacional. Este regreso de Aerol\u00edneas Argentinas a Paran\u00e1 genera muchas expectativas\u00bb, complet\u00f3 el mandatario.<\/p>\n<p>Urribarri se\u00f1al\u00f3 tambi\u00e9n que \u00abjusto esto se da hoy, en un d\u00eda especial para la militancia, recordando que se cumple un a\u00f1o de la muerte del Comandante Ch\u00e1vez\u00bb.<\/p>\n<h6>Fuente: Diario Uno Entre Rios<\/h6>\n","protected":false},"excerpt":{"rendered":"<p>Esta tarde-noche el Gobernador de la provincia recibi\u00f3 el primer vuelo de la ruta Buenos Aires &#8211; Paran\u00e1 en la capital provincial. Aerol\u00edneas Argentinas (AA) retoma la ruta luego de 25 a\u00f1os El gobernador de Entre R\u00edos, Sergio Urribarri, celebr\u00f3 la decisi\u00f3n de Aerol\u00edneas Argentinas de retomar la ruta Buenos Aires-Paran\u00e1, al recibir el primer<\/p>\n","protected":false},"author":2,"featured_media":3076,"comment_status":"closed","ping_status":"closed","sticky":false,"template":"","format":"standard","meta":{"footnotes":""},"categories":[2],"tags":[17],"class_list":["post-3075","post","type-post","status-publish","format-standard","has-post-thumbnail","hentry","category-informe-municipal","tag-entre-rios"],"_links":{"self":[{"href":"http:\/\/argentinamunicipal.com.ar\/argentina\/wp-json\/wp\/v2\/posts\/3075","targetHints":{"allow":["GET"]}}],"collection":[{"href":"http:\/\/argentinamunicipal.com.ar\/argentina\/wp-json\/wp\/v2\/posts"}],"about":[{"href":"http:\/\/argentinamunicipal.com.ar\/argentina\/wp-json\/wp\/v2\/types\/post"}],"author":[{"embeddable":true,"href":"http:\/\/argentinamunicipal.com.ar\/argentina\/wp-json\/wp\/v2\/users\/2"}],"replies":[{"embeddable":true,"href":"http:\/\/argentinamunicipal.com.ar\/argentina\/wp-json\/wp\/v2\/comments?post=3075"}],"version-history":[{"count":0,"href":"http:\/\/argentinamunicipal.com.ar\/argentina\/wp-json\/wp\/v2\/posts\/3075\/revisions"}],"wp:featuredmedia":[{"embeddable":true,"href":"http:\/\/argentinamunicipal.com.ar\/argentina\/wp-json\/wp\/v2\/media\/3076"}],"wp:attachment":[{"href":"http:\/\/argentinamunicipal.com.ar\/argentina\/wp-json\/wp\/v2\/media?parent=3075"}],"wp:term":[{"taxonomy":"category","embeddable":true,"href":"http:\/\/argentinamunicipal.com.ar\/argentina\/wp-json\/wp\/v2\/categories?post=3075"},{"taxonomy":"post_tag","embeddable":true,"href":"http:\/\/argentinamunicipal.com.ar\/argentina\/wp-json\/wp\/v2\/tags?post=3075"}],"curies":[{"name":"wp","href":"https:\/\/api.w.org\/{rel}","templated":true}]}}