{"id":30766,"date":"2015-06-03T10:08:50","date_gmt":"2015-06-03T13:08:50","guid":{"rendered":"http:\/\/argentinamunicipal.com.ar\/argentina\/?p=30766"},"modified":"2015-06-10T09:47:44","modified_gmt":"2015-06-10T12:47:44","slug":"ni-una-menos-mas-de-80-ciudades-argentinas-unidas-contra-los-femicidios","status":"publish","type":"post","link":"http:\/\/argentinamunicipal.com.ar\/argentina\/ni-una-menos-mas-de-80-ciudades-argentinas-unidas-contra-los-femicidios\/","title":{"rendered":"Ni Una Menos: m\u00e1s de 80 ciudades argentinas unidas contra los femicidios"},"content":{"rendered":"<p><a href=\"http:\/\/argentinamunicipal.com.ar\/argentina\/wp-content\/uploads\/2015\/06\/ni-una-menos-640x375.jpg\"><img loading=\"lazy\" decoding=\"async\" class=\"aligncenter size-full wp-image-30767\" src=\"http:\/\/argentinamunicipal.com.ar\/argentina\/wp-content\/uploads\/2015\/06\/ni-una-menos-640x375.jpg\" alt=\"ni-una-menos-640x375\" width=\"640\" height=\"375\" srcset=\"http:\/\/argentinamunicipal.com.ar\/argentina\/wp-content\/uploads\/2015\/06\/ni-una-menos-640x375.jpg 640w, http:\/\/argentinamunicipal.com.ar\/argentina\/wp-content\/uploads\/2015\/06\/ni-una-menos-640x375-300x176.jpg 300w\" sizes=\"auto, (max-width: 640px) 100vw, 640px\" \/><\/a><br \/>\nLa ciudad santafecina de Rufino est\u00e1 plagada de carteles que convocan a reunirse, a las 17, en la plaza Sarmiento para manifestarse contra los femicidios, un lugar emblem\u00e1tico porque all\u00ed asesinaron a Chiara P\u00e1ez de 14 a\u00f1os, embarazada, crimen que motivo que en m\u00e1s de 80 ciudades y pueblos argentinos se unan voces bajo la consigna #NiUnaMenos.<\/p>\n<p>\u00abVamos a estar con los cinco hermanos de Chiara, con su abuela, t\u00edas, compa\u00f1eros del colegio; con toda la gente que nos viene apoyando, pidiendo justicia y que nunca m\u00e1s maten a una mujer, como lo hicieron con mi hija\u00bb, dijo a T\u00e9lam Fabio P\u00e1ez, pap\u00e1 de la v\u00edctima del femicidio que impacto y moviliz\u00f3 al pa\u00eds.<\/p>\n<p>Tambi\u00e9n en Santa Fe, en Rosario, en el Monumento a la Bandera, se juntar\u00e1 la ciudadan\u00eda. Enfrente, cruzando el r\u00edo Paran\u00e1, en la capital entrerriana, el escenario ser\u00e1 el mural \u00abMemoria Colectiva\u00bb que recuerda a las v\u00edctimas de femicidios.<\/p>\n<p>En Entre R\u00edos, #NiUnaMenos significa que \u00abtodas y cada una de las mujeres tiene el poder de disfrutar de la vida, de so\u00f1ar, de decidir por s\u00ed misma, de hacer o de no hacer, de amar abiertamente sin controles, sin mandatos, sin formas preestablecidas\u00bb, resumi\u00f3 la comunicadora y especialista en violencias de g\u00e9nero, Laura Rozados.<\/p>\n<p>En el norte, en Jujuy, el impacto del femicidio el \u00faltimo s\u00e1bado de Rosa Aliaga, enterrada en el fondo de su casa de la localidad de Libertador General San Martin, movilizar\u00e1 con m\u00e1s potencia a\u00fan a quienes se concentrar\u00e1n, por el llamado de la Multisectorial de Mujeres, en la plaza Belgrano de la capital provincial.<\/p>\n<p>La provincia vecina, Salta, declar\u00f3 la emergencia por violencia de g\u00e9nero, uno de los reclamos nacionales, y las ministras de Justicia y de Derechos Humanos, Pamela Calletti y Marianela Cansino, confirmaron que participar\u00e1n de la convocatoria, recordando que \u00abimpulsamos juzgados, defensor\u00edas y una fiscal\u00eda de g\u00e9nero\u00bb para investigar delitos violentos contra las mujeres.<\/p>\n<p>Para Corrientes, el asesinato en 2013 de Elizabeth &#8216;Eli&#8217; Ver\u00f3n fue un sacud\u00f3n de conciencias. Este a\u00f1o su femicida fue condenado. La hermana de Eli, Rita, ser\u00e1 la encargada de inaugurar una radio abierta \u00abdonde haremos firmar a los funcionarios presentes un acta de compromiso para que se cumpla la Ley 26.487 y el protocolo policial. Tambi\u00e9n pidiendo que existan equipos interdisciplinarios para asistir a las mujeres y que se construyan refugios\u00bb, manifest\u00f3 a T\u00e9lam.<\/p>\n<p>Tambi\u00e9n en Catamarca ser\u00e1 una funcionaria quien encabezar\u00e1 la marcha que recorrer\u00e1 las sede de los tres poderes del Estado: la gobernadora Luc\u00eda Corpacci, a la que se sumar\u00e1n ONGs y dirigencia.<\/p>\n<p>En C\u00f3rdoba, mujeres en situaci\u00f3n de violencia y familiares que perdieron a sus seres queridos por femicidios son los principales convocantes de la marcha que concentrar\u00e1 en la intersecci\u00f3n de las avenidas Col\u00f3n y Figueroa Alcorta, para marchar hasta el patio Olmos, donde tambi\u00e9n se espera a dirigentes pol\u00edticos y sociales.<\/p>\n<p>La zona cuyana tendr\u00e1 en San Luis distintos puntos de encuentro y en Mendoza el reclamo ser\u00e1 a trav\u00e9s de una caminata desde San Mart\u00edn y Garibaldi hasta la Legislatura.<\/p>\n<p>En el sur argentino, en la santacruce\u00f1a El Calafate, autoridades comunales junto a la diputada nacional Ana Mar\u00eda Ianni, organizar\u00e1n un encuentro en la Plazoleta Perito Moreno, desde las 11 y hasta las 17, ya que \u00abse proyectar\u00e1n cortos e im\u00e1genes sobre las violencias, se entregar\u00e1 material preventivo y daremos a conocer la red local de prevenci\u00f3n\u00bb de los maltratos, explic\u00f3 la legisladora.<\/p>\n<p>La sede de la Corte bonaerensey los tribunales ser\u00e1 el lugar elegido por quienes se concentren en La Plata, en tanto en Mar del Plata el acto ser\u00e1 frente al Palacio Municipal.<\/p>\n<p>Ma\u00f1ana se espera que a las 17, en m\u00e1s de 80 ciudades argentinas se realicen actos, dibujando un mapa contra las violencias, que se sumar\u00e1n a la concentraci\u00f3n en el Congreso nacional y en pa\u00edses de la regi\u00f3n.<\/p>\n<p>En tanto, Mar del Plata, con 1.139 denuncias por violencia de g\u00e9nero en 2014, realizar\u00e1 su marcha en la plaza San Mart\u00edn, en la zona c\u00e9ntrica, con apoyo de organizaciones sociales y organismos p\u00fablicos, como la Universidad, que dict\u00f3 asueto desde la 6.30.<\/p>\n<p>Mientras que en Santa Rosa, La Pampa, la concentraci\u00f3n est\u00e1 convocada en la plaza principal para pedir por la plena aplicaci\u00f3n de la ley 26.485, contra la violencia de g\u00e9nero.<\/p>\n<h6>Fuente: T\u00e9lam<\/h6>\n","protected":false},"excerpt":{"rendered":"<p>La ciudad santafecina de Rufino est\u00e1 plagada de carteles que convocan a reunirse, a las 17, en la plaza Sarmiento para manifestarse contra los femicidios, un lugar emblem\u00e1tico porque all\u00ed asesinaron a Chiara P\u00e1ez de 14 a\u00f1os, embarazada, crimen que motivo que en m\u00e1s de 80 ciudades y pueblos argentinos se unan voces bajo la consigna #NiUnaMenos.<\/p>\n","protected":false},"author":2,"featured_media":30767,"comment_status":"closed","ping_status":"closed","sticky":false,"template":"","format":"standard","meta":{"footnotes":""},"categories":[8],"tags":[21],"class_list":["post-30766","post","type-post","status-publish","format-standard","has-post-thumbnail","hentry","category-informe-nacional","tag-argentina"],"_links":{"self":[{"href":"http:\/\/argentinamunicipal.com.ar\/argentina\/wp-json\/wp\/v2\/posts\/30766","targetHints":{"allow":["GET"]}}],"collection":[{"href":"http:\/\/argentinamunicipal.com.ar\/argentina\/wp-json\/wp\/v2\/posts"}],"about":[{"href":"http:\/\/argentinamunicipal.com.ar\/argentina\/wp-json\/wp\/v2\/types\/post"}],"author":[{"embeddable":true,"href":"http:\/\/argentinamunicipal.com.ar\/argentina\/wp-json\/wp\/v2\/users\/2"}],"replies":[{"embeddable":true,"href":"http:\/\/argentinamunicipal.com.ar\/argentina\/wp-json\/wp\/v2\/comments?post=30766"}],"version-history":[{"count":0,"href":"http:\/\/argentinamunicipal.com.ar\/argentina\/wp-json\/wp\/v2\/posts\/30766\/revisions"}],"wp:featuredmedia":[{"embeddable":true,"href":"http:\/\/argentinamunicipal.com.ar\/argentina\/wp-json\/wp\/v2\/media\/30767"}],"wp:attachment":[{"href":"http:\/\/argentinamunicipal.com.ar\/argentina\/wp-json\/wp\/v2\/media?parent=30766"}],"wp:term":[{"taxonomy":"category","embeddable":true,"href":"http:\/\/argentinamunicipal.com.ar\/argentina\/wp-json\/wp\/v2\/categories?post=30766"},{"taxonomy":"post_tag","embeddable":true,"href":"http:\/\/argentinamunicipal.com.ar\/argentina\/wp-json\/wp\/v2\/tags?post=30766"}],"curies":[{"name":"wp","href":"https:\/\/api.w.org\/{rel}","templated":true}]}}