{"id":30775,"date":"2015-06-03T10:20:22","date_gmt":"2015-06-03T13:20:22","guid":{"rendered":"http:\/\/argentinamunicipal.com.ar\/argentina\/?p=30775"},"modified":"2015-06-03T10:20:22","modified_gmt":"2015-06-03T13:20:22","slug":"desarrollaron-en-parana-la-7o-jornada-provincial-de-finanzas-publicas-municipales","status":"publish","type":"post","link":"http:\/\/argentinamunicipal.com.ar\/argentina\/desarrollaron-en-parana-la-7o-jornada-provincial-de-finanzas-publicas-municipales\/","title":{"rendered":"Desarrollaron en Paran\u00e1 la 7\u00ba Jornada Provincial de Finanzas P\u00fablicas Municipales"},"content":{"rendered":"<p><a href=\"http:\/\/argentinamunicipal.com.ar\/argentina\/wp-content\/uploads\/2015\/06\/e_1433282474.jpg\"><img loading=\"lazy\" decoding=\"async\" class=\"alignright size-full wp-image-30777\" src=\"http:\/\/argentinamunicipal.com.ar\/argentina\/wp-content\/uploads\/2015\/06\/e_1433282474.jpg\" alt=\"e_1433282474\" width=\"432\" height=\"324\" srcset=\"http:\/\/argentinamunicipal.com.ar\/argentina\/wp-content\/uploads\/2015\/06\/e_1433282474.jpg 432w, http:\/\/argentinamunicipal.com.ar\/argentina\/wp-content\/uploads\/2015\/06\/e_1433282474-300x225.jpg 300w\" sizes=\"auto, (max-width: 432px) 100vw, 432px\" \/><\/a>Se realiz\u00f3 la 7\u00ba Jornada Provincial de Finanzas P\u00fablicas Municipales, en la Vieja Usina. Particip\u00f3 personal de las comunas entrerrianas. Adem\u00e1s de capacitar, estos encuentros sirven \u201cpara diagramar pol\u00edticas\u201d se indic\u00f3 a Elonce<\/p>\n<p>Silvana Valiero, directora de Relaciones Municipales, dependiente del Ministerio de Econom\u00eda de la provincia, indic\u00f3 a Elonce TV que participan de esta jornada, secretarios de hacienda, personal t\u00e9cnico, tesoreros, personal relacionado con las finanzas p\u00fablicas de los municipios.<\/p>\n<p>El objetivo es \u201ccapacitar, intercambiar ideas, poner en debate y diagramar pol\u00edticas en conjunto\u201d.<\/p>\n<p>Entre los temas que se abordaron figuran \u201cContadur\u00eda, presupuesto, transparencia en el sector p\u00fablico municipal, clasificador presupuestario para el sector p\u00fablico municipal.<\/p>\n<h6>Fuente: El Once<\/h6>\n","protected":false},"excerpt":{"rendered":"<p>Se realiz\u00f3 la 7\u00ba Jornada Provincial de Finanzas P\u00fablicas Municipales, en la Vieja Usina. Particip\u00f3 personal de las comunas entrerrianas. Adem\u00e1s de capacitar, estos encuentros sirven \u201cpara diagramar pol\u00edticas\u201d se indic\u00f3 a Elonce Silvana Valiero, directora de Relaciones Municipales, dependiente del Ministerio de Econom\u00eda de la provincia, indic\u00f3 a Elonce TV que participan de esta<\/p>\n","protected":false},"author":2,"featured_media":30777,"comment_status":"closed","ping_status":"closed","sticky":false,"template":"","format":"standard","meta":{"footnotes":""},"categories":[2],"tags":[17],"class_list":["post-30775","post","type-post","status-publish","format-standard","has-post-thumbnail","hentry","category-informe-municipal","tag-entre-rios"],"_links":{"self":[{"href":"http:\/\/argentinamunicipal.com.ar\/argentina\/wp-json\/wp\/v2\/posts\/30775","targetHints":{"allow":["GET"]}}],"collection":[{"href":"http:\/\/argentinamunicipal.com.ar\/argentina\/wp-json\/wp\/v2\/posts"}],"about":[{"href":"http:\/\/argentinamunicipal.com.ar\/argentina\/wp-json\/wp\/v2\/types\/post"}],"author":[{"embeddable":true,"href":"http:\/\/argentinamunicipal.com.ar\/argentina\/wp-json\/wp\/v2\/users\/2"}],"replies":[{"embeddable":true,"href":"http:\/\/argentinamunicipal.com.ar\/argentina\/wp-json\/wp\/v2\/comments?post=30775"}],"version-history":[{"count":0,"href":"http:\/\/argentinamunicipal.com.ar\/argentina\/wp-json\/wp\/v2\/posts\/30775\/revisions"}],"wp:featuredmedia":[{"embeddable":true,"href":"http:\/\/argentinamunicipal.com.ar\/argentina\/wp-json\/wp\/v2\/media\/30777"}],"wp:attachment":[{"href":"http:\/\/argentinamunicipal.com.ar\/argentina\/wp-json\/wp\/v2\/media?parent=30775"}],"wp:term":[{"taxonomy":"category","embeddable":true,"href":"http:\/\/argentinamunicipal.com.ar\/argentina\/wp-json\/wp\/v2\/categories?post=30775"},{"taxonomy":"post_tag","embeddable":true,"href":"http:\/\/argentinamunicipal.com.ar\/argentina\/wp-json\/wp\/v2\/tags?post=30775"}],"curies":[{"name":"wp","href":"https:\/\/api.w.org\/{rel}","templated":true}]}}