{"id":30824,"date":"2015-06-04T09:48:04","date_gmt":"2015-06-04T12:48:04","guid":{"rendered":"http:\/\/argentinamunicipal.com.ar\/argentina\/?p=30824"},"modified":"2015-06-10T09:48:03","modified_gmt":"2015-06-10T12:48:03","slug":"en-mas-de-cien-ciudades-de-todo-el-pais-se-marcho-contra-la-violencia-de-genero","status":"publish","type":"post","link":"http:\/\/argentinamunicipal.com.ar\/argentina\/en-mas-de-cien-ciudades-de-todo-el-pais-se-marcho-contra-la-violencia-de-genero\/","title":{"rendered":"En m\u00e1s de cien ciudades de todo el pa\u00eds se march\u00f3 contra la violencia de g\u00e9nero"},"content":{"rendered":"<p><a href=\"http:\/\/argentinamunicipal.com.ar\/argentina\/wp-content\/uploads\/2015\/06\/206385_img_1.jpg\"><img loading=\"lazy\" decoding=\"async\" class=\"aligncenter  wp-image-30825\" src=\"http:\/\/argentinamunicipal.com.ar\/argentina\/wp-content\/uploads\/2015\/06\/206385_img_1.jpg\" alt=\"206385_img_1\" width=\"663\" height=\"398\" srcset=\"http:\/\/argentinamunicipal.com.ar\/argentina\/wp-content\/uploads\/2015\/06\/206385_img_1.jpg 870w, http:\/\/argentinamunicipal.com.ar\/argentina\/wp-content\/uploads\/2015\/06\/206385_img_1-300x180.jpg 300w\" sizes=\"auto, (max-width: 663px) 100vw, 663px\" \/><\/a><br \/>\nAl grito de \u00abBasta\u00bb para los casos de violencia de g\u00e9nero y femicidios, y bajo la consigna de \u00abNi una menos\u00bb, miles de personas se congregaron hoy en la Plaza de los dos Congresos para acompa\u00f1ar a v\u00edctimas y familiares de v\u00edctimas.<\/p>\n<p>Este mi\u00e9rcoles, por la avenida de Mayo las cientos de miles de personas que se manifestaron en contra de los femicidios y la violencia de g\u00e9nero lo hicieron a trav\u00e9s de la m\u00e1s diversa variedad de carteles, banderas, globos, representaciones art\u00edsticas, aerosoles, canciones, tambores y panfletos.<\/p>\n<p>M\u00e1s de 100 ciudades de todo el pa\u00eds se sumaron hoy a la marcha contra la violencia de g\u00e9nero bajo el lema #NiUnaMenos, e incluso hubo r\u00e9plicas en Chile, Uruguay, M\u00e9xico y, en menor medida, Miami. Con mayor o menor asistencia, todas las provincias de la Argentina organizaron su propia marcha e incluso comunidades de argentinos en Santiago de Chile, Valpara\u00edso, Montevideo, Maldonado y otras regiones \u2018charr\u00faas\u2018 tambi\u00e9n organizaron su reclamo. Jujuy, Salta, Catamarca, Tucum\u00e1n, Santiago del Estero, Corrientes, Misiones, Entre R\u00edos, Santa Fe, La Pampa, C\u00f3rdoba, La Rioja, Formosa, San Luis, Chaco, San Juan, Mendoza, Neuqu\u00e9n, Chubut, R\u00edo Negro, Santa Cruz, Tierra del Fuego e incluso ciudades del interior bonaerense dijeron presente a la iniciativa lanzada por las redes sociales semanas atr\u00e1s.<\/p>\n<p>En Mar del Plata, hubo m\u00e1s de cinco cuadras en la movilizaci\u00f3n contra la violencia de g\u00e9nero que termin\u00f3 en el monumento a San Mart\u00edn, en el centro de la ciudad. En ese marco, los marplatenses exhibieron carteles que reclamaban respeto hacia las mujeres, como uno que dec\u00eda \u2018Yo trato a la mujer como trato a mi hermana\u2018. En Rosario, el punto de encuentro fue el Monumento a la bandera, donde ONG, sindicatos y familias enteras participaron de la movilizaci\u00f3n.<\/p>\n<p>Desde las 15:00, una multitud se concentr\u00f3 en la Plaza Montenegro con pancartas, afiches y banderas que hac\u00edan alusi\u00f3n a la consigna #Niunamenos y desde all\u00ed marcharon para participar del acto central. En Santa Fe capital, los ciudadanos se manifestaron en gran n\u00famero a la Plaza de Mayo para participar de la convocatoria por la manifestaci\u00f3n en contra de la violencia de g\u00e9nero. En C\u00f3rdoba, la marcha central se llev\u00f3 a cabo en la capital provincial, hasta donde arrib\u00f3 una impresionante columna de manifestantes autoconvocados, integrantes de organizaciones sociales y partidos pol\u00edticos.<\/p>\n<p>Los manifestantes se congregaron en Col\u00f3n y Ca\u00f1ada, en el centro de C\u00f3rdoba, y luego marcharon hacia el Patio Olmos. En Salta, miles de personas, entre ellas ONG, organizaciones sociales, artistas y funcionarios, se sumaron a la iniciativa para que no haya m\u00e1s mujeres golpeadas ni asesinadas. En Tucum\u00e1n, la concentraci\u00f3n comenz\u00f3 a las 17:00 en la plaza Independencia de la capital provincial, pero tambi\u00e9n hubo otra en la plaza principal de Concepci\u00f3n.<\/p>\n<p>Por su parte, en Entre R\u00edos hubo cuatro movilizaciones diferentes en Paran\u00e1, pero todas con el mismo lema. En tanto, en Formosa la gente tambi\u00e9n dio su apoyo y ya desde las 16:00 llegaron al M\u00e1stil Municipal desde donde marcharon hacia la Plaza San Mart\u00edn, punto habitual de encuentro en la capital de esa provincia. En ese aspecto, se indic\u00f3 que desde hace muchos a\u00f1os que no se observa en Formosa tanta participaci\u00f3n de la gente a una movilizaci\u00f3n. Los manifestantes de Capital Federal que se trasladaron del Congreso a Tribunales para exigir al Poder Judicial m\u00e1s celeridad y eficiencia en los casos de violencia de g\u00e9nero y femicidios suspendieron la lectura del documento que ten\u00edan previsto realizar all\u00ed, porque encontraron la plaza a oscuras y sin electricidad.<\/p>\n<p>Ante la falta de electricidad, dirigentes de distintos espacios consensuaron suspender la lectura del documento y proponer la desconcentraci\u00f3n, aunque miles de manifestantes permanecieron largo rato frente a la sede judicial cantando consignas en reclamo de justicia y en repudio a la violencia de g\u00e9nero. Entre los manifestantes cundi\u00f3 la idea de que el gobierno porte\u00f1o era responsable del corte de luz en la plaza y miles de ellos comenzaron a cantar contra el jefe de Gobierno porte\u00f1o, Mauricio Macri.<\/p>\n<p>A pesar de la persistencia de miles de personas que se agolpaban frente a las vallas de Tribunales reclamando la restituci\u00f3n del suministro el\u00e9ctrico para poder concluir el acto, la desconcentraci\u00f3n comenz\u00f3 luego de que todos los presentes entonasen el Himno Nacional Argentino. La iniciativa para pedir el fin de los femicidios tuvo muy buena repercusi\u00f3n en ciudades de Chile y Uruguay, mientras que en Miami hubo una reducida movilizaci\u00f3n de la que particip\u00f3 la medi\u00e1tica modelo Karina Jelinek. En el pa\u00eds trasandino, los participantes de la protesta se vistieron de negro para repudiar los asesinatos de mujeres. En tanto, en Montevideo, Maldonado y en otras localidades uruguayas tambi\u00e9n hubo convocatorias bajo los lemas \u2018#NiUnaMenos\u2018 y \u2018#TocananunaTocanatodas\u2018.<\/p>\n<h6>Fuente: Diario Norte<\/h6>\n","protected":false},"excerpt":{"rendered":"<p>Al grito de \u00abBasta\u00bb para los casos de violencia de g\u00e9nero y femicidios, y bajo la consigna de \u00abNi una menos\u00bb, miles de personas se congregaron hoy en la Plaza de los dos Congresos para acompa\u00f1ar a v\u00edctimas y familiares de v\u00edctimas.<\/p>\n","protected":false},"author":2,"featured_media":30825,"comment_status":"closed","ping_status":"closed","sticky":false,"template":"","format":"standard","meta":{"footnotes":""},"categories":[8],"tags":[21],"class_list":["post-30824","post","type-post","status-publish","format-standard","has-post-thumbnail","hentry","category-informe-nacional","tag-argentina"],"_links":{"self":[{"href":"http:\/\/argentinamunicipal.com.ar\/argentina\/wp-json\/wp\/v2\/posts\/30824","targetHints":{"allow":["GET"]}}],"collection":[{"href":"http:\/\/argentinamunicipal.com.ar\/argentina\/wp-json\/wp\/v2\/posts"}],"about":[{"href":"http:\/\/argentinamunicipal.com.ar\/argentina\/wp-json\/wp\/v2\/types\/post"}],"author":[{"embeddable":true,"href":"http:\/\/argentinamunicipal.com.ar\/argentina\/wp-json\/wp\/v2\/users\/2"}],"replies":[{"embeddable":true,"href":"http:\/\/argentinamunicipal.com.ar\/argentina\/wp-json\/wp\/v2\/comments?post=30824"}],"version-history":[{"count":0,"href":"http:\/\/argentinamunicipal.com.ar\/argentina\/wp-json\/wp\/v2\/posts\/30824\/revisions"}],"wp:featuredmedia":[{"embeddable":true,"href":"http:\/\/argentinamunicipal.com.ar\/argentina\/wp-json\/wp\/v2\/media\/30825"}],"wp:attachment":[{"href":"http:\/\/argentinamunicipal.com.ar\/argentina\/wp-json\/wp\/v2\/media?parent=30824"}],"wp:term":[{"taxonomy":"category","embeddable":true,"href":"http:\/\/argentinamunicipal.com.ar\/argentina\/wp-json\/wp\/v2\/categories?post=30824"},{"taxonomy":"post_tag","embeddable":true,"href":"http:\/\/argentinamunicipal.com.ar\/argentina\/wp-json\/wp\/v2\/tags?post=30824"}],"curies":[{"name":"wp","href":"https:\/\/api.w.org\/{rel}","templated":true}]}}