{"id":30827,"date":"2015-06-04T17:52:49","date_gmt":"2015-06-04T20:52:49","guid":{"rendered":"http:\/\/argentinamunicipal.com.ar\/argentina\/?p=30827"},"modified":"2015-06-04T10:21:47","modified_gmt":"2015-06-04T13:21:47","slug":"el-fmi-reconoce-avance-material-de-argentina-en-cuestiones-estadisticas-y-extiende-plazo-de-trabajo-por-un-ano-mas","status":"publish","type":"post","link":"http:\/\/argentinamunicipal.com.ar\/argentina\/el-fmi-reconoce-avance-material-de-argentina-en-cuestiones-estadisticas-y-extiende-plazo-de-trabajo-por-un-ano-mas\/","title":{"rendered":"El FMI reconoce \u201cavance material\u201d de Argentina en cuestiones estad\u00edsticas y extiende plazo de trabajo por un a\u00f1o m\u00e1s"},"content":{"rendered":"<p><a href=\"http:\/\/argentinamunicipal.com.ar\/argentina\/wp-content\/uploads\/2015\/06\/fmi-modif-1100x618.jpg\"><img loading=\"lazy\" decoding=\"async\" class=\"aligncenter  wp-image-30828\" src=\"http:\/\/argentinamunicipal.com.ar\/argentina\/wp-content\/uploads\/2015\/06\/fmi-modif-1100x618.jpg\" alt=\"fmi-modif-1100x618\" width=\"701\" height=\"394\" srcset=\"http:\/\/argentinamunicipal.com.ar\/argentina\/wp-content\/uploads\/2015\/06\/fmi-modif-1100x618.jpg 1100w, http:\/\/argentinamunicipal.com.ar\/argentina\/wp-content\/uploads\/2015\/06\/fmi-modif-1100x618-300x169.jpg 300w, http:\/\/argentinamunicipal.com.ar\/argentina\/wp-content\/uploads\/2015\/06\/fmi-modif-1100x618-1024x575.jpg 1024w\" sizes=\"auto, (max-width: 701px) 100vw, 701px\" \/><\/a><br \/>\nEl directorio Ejecutivo del Fondo Monetario Internacional (FMI) reconoci\u00f3 el \u00abavance material\u00bb concretado por Argentina en materia estad\u00edstica en lo que hace al proceso de elaboraci\u00f3n del \u00cdndice de Precios al Consumidor Nacional Urbano (IPCNu) y la medici\u00f3n del Producto Interno Bruto (PIB) y extendi\u00f3 por espacio de un a\u00f1o el plazo con que cuenta el pa\u00eds para seguir trabajando sobre cuestiones metodol\u00f3gicas.<\/p>\n<p>Las conclusiones del Board fueron dadas a conocer esta tarde en Washington, al finalizar una reuni\u00f3n en la que se analiz\u00f3 un informe elevado por la directora Gerente, Christine Lagarde, \u201csobre el progreso de Argentina en la implementaci\u00f3n del tercer conjunto de medidas espec\u00edficas requeridas en diciembre de 2013 para mejorar la calidad\u00bb de los datos sobre el IPC y el PBI reportados al FMI.<\/p>\n<p>\u201cEl directorio Ejecutivo reconoci\u00f3 el di\u00e1logo en curso con las autoridades argentinas y su avance material desde 2013 en remediar las imprecisiones en el suministro de estad\u00edsticas sobre el IPC y el PBI\u201d, se\u00f1al\u00f3 el organismo multilateral en un comunicado, en el que tambi\u00e9n anunci\u00f3 que decidi\u00f3 \u201cextender el proceso en curso por un plazo de un a\u00f1o a fin de dar m\u00e1s tiempo\u00bb al pa\u00eds para seguir trabajando en cuestiones metodol\u00f3gicas y \u00abemprender un conjunto adicional de medidas espec\u00edficas\u201d.<\/p>\n<p>El directorio anunci\u00f3 a su vez que decidi\u00f3 \u201cextender el proceso en curso por un plazo de un a\u00f1o a fin de dar m\u00e1s tiempo\u00bb para seguir trabajando en cuestiones que hacen a la metodolog\u00eda y a otras que a\u00fan restan por ser implementadas, y para \u00abemprender un conjunto adicional de medidas espec\u00edficas\u201d.<\/p>\n<p>Al respecto, el FMI sostuvo que \u201chemos estado trabajando con el gobierno de Argentina muy bien en los \u00faltimos 15 meses, la introducci\u00f3n del nuevo IPC Nacional y varios cambios que fueron implementados al PBI\u201d, explic\u00f3 el director para la regi\u00f3n del FMI, Alejandro Werner, en conversaci\u00f3n telef\u00f3nica con algunos medios, entre ellos T\u00e9lam.<\/p>\n<p>Werner se\u00f1al\u00f3 que el programa propuesto \u201cfue muy ambicioso\u201d y que desde entonces \u201cse hizo mucho pero dada la programaci\u00f3n estricta\u201d del proceso, \u201ca\u00fan hay cosas por hacerse y es por eso que que se decidi\u00f3 dar un a\u00f1o m\u00e1s\u201d.<\/p>\n<p>B\u00e1sicamente, es para dar \u201ccontinuaci\u00f3n del trabajo metodol\u00f3gico que hemos hecho\u201d, agreg\u00f3 mencionando que hay temas que \u201cnecesitan ser trabajados a nivel t\u00e9cnico para satisfacer el conjunto de acciones\u201d que fueron establecidas tiempo atr\u00e1s.<\/p>\n<p>As\u00ed, \u201cdado el progreso hecho y la necesidad de continuar trabajando, el \u00abboard\u00bb decidi\u00f3 que era importante extender el proceso\u201d, reiter\u00f3 en la conferencia telef\u00f3nica de la que tambi\u00e9n particip\u00f3 el jefe de misi\u00f3n para Argentina del FMI, Roberto Cardarelli.<\/p>\n<p>Bajo esa agenda de actividades, Christine Lagarde presentar\u00e1 un nuevo informe al directorio Ejecutivo sobre el estado de la implementaci\u00f3n de las medidas espec\u00edficas por parte de Argentina, a m\u00e1s tardar para el 15 de julio de 2016.<\/p>\n<p>Werner, advirti\u00f3 no obstante que el proceso podr\u00eda terminar antes del a\u00f1o, lo que llevar\u00eda entonces a que el directorio sea informado antes del tiempo estipulado y los tiempos sean modificados.<\/p>\n<h6>Fuente: T\u00e9lam<\/h6>\n","protected":false},"excerpt":{"rendered":"<p>El directorio Ejecutivo del Fondo Monetario Internacional (FMI) reconoci\u00f3 el \u00abavance material\u00bb concretado por Argentina en materia estad\u00edstica en lo que hace al proceso de elaboraci\u00f3n del \u00cdndice de Precios al Consumidor Nacional Urbano (IPCNu) y la medici\u00f3n del Producto Interno Bruto (PIB) y extendi\u00f3 por espacio de un a\u00f1o el plazo con que cuenta<\/p>\n","protected":false},"author":2,"featured_media":30828,"comment_status":"closed","ping_status":"closed","sticky":false,"template":"","format":"standard","meta":{"footnotes":""},"categories":[8],"tags":[21],"class_list":["post-30827","post","type-post","status-publish","format-standard","has-post-thumbnail","hentry","category-informe-nacional","tag-argentina"],"_links":{"self":[{"href":"http:\/\/argentinamunicipal.com.ar\/argentina\/wp-json\/wp\/v2\/posts\/30827","targetHints":{"allow":["GET"]}}],"collection":[{"href":"http:\/\/argentinamunicipal.com.ar\/argentina\/wp-json\/wp\/v2\/posts"}],"about":[{"href":"http:\/\/argentinamunicipal.com.ar\/argentina\/wp-json\/wp\/v2\/types\/post"}],"author":[{"embeddable":true,"href":"http:\/\/argentinamunicipal.com.ar\/argentina\/wp-json\/wp\/v2\/users\/2"}],"replies":[{"embeddable":true,"href":"http:\/\/argentinamunicipal.com.ar\/argentina\/wp-json\/wp\/v2\/comments?post=30827"}],"version-history":[{"count":0,"href":"http:\/\/argentinamunicipal.com.ar\/argentina\/wp-json\/wp\/v2\/posts\/30827\/revisions"}],"wp:featuredmedia":[{"embeddable":true,"href":"http:\/\/argentinamunicipal.com.ar\/argentina\/wp-json\/wp\/v2\/media\/30828"}],"wp:attachment":[{"href":"http:\/\/argentinamunicipal.com.ar\/argentina\/wp-json\/wp\/v2\/media?parent=30827"}],"wp:term":[{"taxonomy":"category","embeddable":true,"href":"http:\/\/argentinamunicipal.com.ar\/argentina\/wp-json\/wp\/v2\/categories?post=30827"},{"taxonomy":"post_tag","embeddable":true,"href":"http:\/\/argentinamunicipal.com.ar\/argentina\/wp-json\/wp\/v2\/tags?post=30827"}],"curies":[{"name":"wp","href":"https:\/\/api.w.org\/{rel}","templated":true}]}}