{"id":30873,"date":"2015-06-05T08:46:20","date_gmt":"2015-06-05T11:46:20","guid":{"rendered":"http:\/\/argentinamunicipal.com.ar\/argentina\/?p=30873"},"modified":"2015-06-05T08:46:20","modified_gmt":"2015-06-05T11:46:20","slug":"presentaron-en-gualeguaychu-la-television-digital-abierta-con-accesibilidad-para-personas-con-discapacidad","status":"publish","type":"post","link":"http:\/\/argentinamunicipal.com.ar\/argentina\/presentaron-en-gualeguaychu-la-television-digital-abierta-con-accesibilidad-para-personas-con-discapacidad\/","title":{"rendered":"Presentaron en Gualeguaych\u00fa la Televisi\u00f3n Digital Abierta con accesibilidad para personas con discapacidad"},"content":{"rendered":"<p><a href=\"http:\/\/argentinamunicipal.com.ar\/argentina\/wp-content\/uploads\/2015\/06\/15470827475_78b5f4c310_o.jpg\"><img loading=\"lazy\" decoding=\"async\" class=\"aligncenter size-full wp-image-30874\" src=\"http:\/\/argentinamunicipal.com.ar\/argentina\/wp-content\/uploads\/2015\/06\/15470827475_78b5f4c310_o.jpg\" alt=\"15470827475_78b5f4c310_o\" width=\"580\" height=\"380\" srcset=\"http:\/\/argentinamunicipal.com.ar\/argentina\/wp-content\/uploads\/2015\/06\/15470827475_78b5f4c310_o.jpg 580w, http:\/\/argentinamunicipal.com.ar\/argentina\/wp-content\/uploads\/2015\/06\/15470827475_78b5f4c310_o-300x197.jpg 300w\" sizes=\"auto, (max-width: 580px) 100vw, 580px\" \/><\/a><\/p>\n<p>Contin\u00faan en la provincia las capacitaciones para la instrumentaci\u00f3n y uso de los nuevos equipos decodificadores de Televisi\u00f3n Digital Abierta (TDA), con funciones de accesibilidad para personas con discapacidad; un adelanto tecnol\u00f3gico en lo que nuestra provincia es pionera \u2022 Esta semana se realiz\u00f3 la presentaci\u00f3n en la ciudad de Gualeguaych\u00fa \u2022 Entre R\u00edos ya cuenta con todas las tecnolog\u00edas disponibles para acceder a esa modalidad, antenas de transmisi\u00f3n terrestre y equipos satelitales<\/p>\n<p>La jornada de capacitaci\u00f3n se llev\u00f3 a cabo en el N\u00facleo de Acceso al Conocimiento (NAC) de la ciudad del Carnaval ante la presencia de representantes de diversas asociaciones civiles, organismos p\u00fablicos y escuelas vinculadas a la tem\u00e1tica de discapacidad.<\/p>\n<p>El encuentro estuvo presidido por el secretario de Telecomunicaciones, Sergio Delcanto; la coordinadora provincial de TDA, Soledad Cantero, y los representantes del equipo t\u00e9cnico de Arsat, Cecilia D\u00edaz y Federico Boudoux. En representaci\u00f3n del Municipio local particip\u00f3 de la actividad el secretario de Salud, Mart\u00edn Piaggo.<\/p>\n<p><strong>Inversi\u00f3n social<\/strong><\/p>\n<p>\u201cLa TDA es un plan de inclusi\u00f3n comunicacional que no viene a competir con nadie porque no tiene un concepto comercial sino de inversi\u00f3n social. Viene a ofrecer una alternativa de contenidos informativos y culturales de forma gratuita con una calidad excepcional\u201d, destac\u00f3 Delcanto. Resalt\u00f3 en ese sentido, la existencia de las estaciones de TDA terrestres en Paran\u00e1, Concordia, Gualeguaych\u00fa y la pr\u00f3xima finalizaci\u00f3n de la obra en Victoria, que alcanzar\u00e1 adem\u00e1s a la localidad de Nogoy\u00e1.<\/p>\n<p>Luego de la explicaci\u00f3n sobre el despliegue de la TDA en la provincia, desarrollada por Delcanto y Cantero, el equipo t\u00e9cnico de Arsat present\u00f3 los nuevos componentes t\u00e9cnicos que incorporan los equipos decodificadores con accesibilidad. Los presentes pudieron interactuar con las nuevas herramientas y tomar dimensi\u00f3n del significado que tiene para una persona con discapacidad poder acceder casi en igualdad de condiciones a los contenidos que ofrece la TDA.<\/p>\n<p><strong>Mirada al futuro<\/strong><\/p>\n<p>Luego de recibir la capacitaci\u00f3n y conocer los nuevos equipos, la representante del \u00c1rea de Discapacidad de Concepci\u00f3n del Uruguay, Roxana Zuzungui, destac\u00f3 con entusiasmo la implementaci\u00f3n de este plan accesible y expres\u00f3 que \u201ces una alegr\u00eda saber de este gran paso que se est\u00e1 dando y que ya no se va volver para atr\u00e1s, todo lo que viene es mirando para adelante\u201d.<\/p>\n<p>El plan se instrumenta desde el Ministerio de Planificaci\u00f3n Federal, Inversi\u00f3n P\u00fablica y Servicios de la Naci\u00f3n, junto a la empresa estatal Arsat (Argentina Soluciones Satelitales).<\/p>\n<p>En Entre R\u00edos comenz\u00f3 a ejecutarse gracias a la voluntad pol\u00edtica del gobernador Sergio Urribarri. Las acciones son desarrolladas por la Naci\u00f3n junto al Ministerio de Cultura y Comunicaci\u00f3n de la provincia a trav\u00e9s de la Secretar\u00eda de Telecomunicaciones.<\/p>\n<p><strong>Acceso a los equipos<\/strong><\/p>\n<p>Las inscripciones para acceder a estos equipos con funciones de accesibilidad contin\u00faan abiertas en toda la provincia. Los interesados en acceder a estos equipos pueden hacerlo en cualquiera de los centros de referencia de cada localidad o por v\u00eda telef\u00f3nica. Una vez conformado los padrones definitivos, un grupo de instaladores visitar\u00e1 cada hogar para proceder a la instalaci\u00f3n del equipo adem\u00e1s de brindar una peque\u00f1a capacitaci\u00f3n sobre su uso al beneficiario y su familia.<\/p>\n<p><strong>Lugares de inscripci\u00f3n<\/strong><\/p>\n<p>Concordia: Municipio de Concordia. 0345-4210021 (Interno 126). normamabelbarrios@hotmail.com<\/p>\n<p>Gualeguaych\u00fa: Municipio de Gualeguaych\u00fa. 03446 \u2013 437008. emprendimientos@gualeguaychu.gov.ar\u00a0\u00a0 oegualeguaychu@trabajo.gob.ar<\/p>\n<p>Paran\u00e1: Secretar\u00eda de Telecomunicaciones. Alameda de la Federaci\u00f3n 451. 0343-4209040. coordinaciontelecomunicaciones@gmail.com<\/p>\n<p>Instituto Provincial de Discapacidad (Iprodi). Gregoria Matorras de San Mart\u00edn 861.<\/p>\n<p>0343-4208280\/4236473. iprodi@entrerios.gov.ar \/ damianreca@gmail.com.<\/p>\n<h6>Fuente: APF Digital<\/h6>\n","protected":false},"excerpt":{"rendered":"<p>Contin\u00faan en la provincia las capacitaciones para la instrumentaci\u00f3n y uso de los nuevos equipos decodificadores de Televisi\u00f3n Digital Abierta (TDA), con funciones de accesibilidad para personas con discapacidad; un adelanto tecnol\u00f3gico en lo que nuestra provincia es pionera \u2022 Esta semana se realiz\u00f3 la presentaci\u00f3n en la ciudad de Gualeguaych\u00fa \u2022 Entre R\u00edos ya<\/p>\n","protected":false},"author":2,"featured_media":30874,"comment_status":"closed","ping_status":"closed","sticky":false,"template":"","format":"standard","meta":{"footnotes":""},"categories":[2],"tags":[17],"class_list":["post-30873","post","type-post","status-publish","format-standard","has-post-thumbnail","hentry","category-informe-municipal","tag-entre-rios"],"_links":{"self":[{"href":"http:\/\/argentinamunicipal.com.ar\/argentina\/wp-json\/wp\/v2\/posts\/30873","targetHints":{"allow":["GET"]}}],"collection":[{"href":"http:\/\/argentinamunicipal.com.ar\/argentina\/wp-json\/wp\/v2\/posts"}],"about":[{"href":"http:\/\/argentinamunicipal.com.ar\/argentina\/wp-json\/wp\/v2\/types\/post"}],"author":[{"embeddable":true,"href":"http:\/\/argentinamunicipal.com.ar\/argentina\/wp-json\/wp\/v2\/users\/2"}],"replies":[{"embeddable":true,"href":"http:\/\/argentinamunicipal.com.ar\/argentina\/wp-json\/wp\/v2\/comments?post=30873"}],"version-history":[{"count":0,"href":"http:\/\/argentinamunicipal.com.ar\/argentina\/wp-json\/wp\/v2\/posts\/30873\/revisions"}],"wp:featuredmedia":[{"embeddable":true,"href":"http:\/\/argentinamunicipal.com.ar\/argentina\/wp-json\/wp\/v2\/media\/30874"}],"wp:attachment":[{"href":"http:\/\/argentinamunicipal.com.ar\/argentina\/wp-json\/wp\/v2\/media?parent=30873"}],"wp:term":[{"taxonomy":"category","embeddable":true,"href":"http:\/\/argentinamunicipal.com.ar\/argentina\/wp-json\/wp\/v2\/categories?post=30873"},{"taxonomy":"post_tag","embeddable":true,"href":"http:\/\/argentinamunicipal.com.ar\/argentina\/wp-json\/wp\/v2\/tags?post=30873"}],"curies":[{"name":"wp","href":"https:\/\/api.w.org\/{rel}","templated":true}]}}