{"id":30935,"date":"2015-06-06T09:37:13","date_gmt":"2015-06-06T12:37:13","guid":{"rendered":"http:\/\/argentinamunicipal.com.ar\/argentina\/?p=30935"},"modified":"2015-06-06T09:37:13","modified_gmt":"2015-06-06T12:37:13","slug":"comienza-a-operar-la-planta-de-residuos-en-coronel-moldes","status":"publish","type":"post","link":"http:\/\/argentinamunicipal.com.ar\/argentina\/comienza-a-operar-la-planta-de-residuos-en-coronel-moldes\/","title":{"rendered":"Comienza a operar la planta de residuos en Coronel Moldes"},"content":{"rendered":"<p><a href=\"http:\/\/argentinamunicipal.com.ar\/argentina\/wp-content\/uploads\/2015\/06\/F1-618x307.jpg\"><img loading=\"lazy\" decoding=\"async\" class=\"aligncenter size-full wp-image-30936\" src=\"http:\/\/argentinamunicipal.com.ar\/argentina\/wp-content\/uploads\/2015\/06\/F1-618x307.jpg\" alt=\"F1-618x307\" width=\"618\" height=\"307\" srcset=\"http:\/\/argentinamunicipal.com.ar\/argentina\/wp-content\/uploads\/2015\/06\/F1-618x307.jpg 618w, http:\/\/argentinamunicipal.com.ar\/argentina\/wp-content\/uploads\/2015\/06\/F1-618x307-300x149.jpg 300w\" sizes=\"auto, (max-width: 618px) 100vw, 618px\" \/><\/a><br \/>\nEl lunes se har\u00e1n las primeras pruebas y a mediados de la semana varias localidades empezar\u00e1n a derivar los desechos a este predio para su tratamiento<\/p>\n<p>A partir del lunes pr\u00f3ximo comenzar\u00e1 a operar la Planta de Tratamiento de Residuos S\u00f3lidos Urbanos Regional instalada en esta ciudad, tras la capacitaci\u00f3n del personal y la puesta a punto de las maquinarias.<\/p>\n<p>As\u00ed lo confirm\u00f3 a PUNTAL el presidente de la Comunidad Regional R\u00edo Cuarto e intendente de San Basilio, Rub\u00e9n Moine, quien precis\u00f3 que a partir del lunes comenzar\u00e1n las tareas experimentales y, entre martes y jueves de esa semana, se comenzar\u00e1 con el proceso de tratamiento de los desechos que lleguen de algunas de las localidades m\u00e1s pr\u00f3ximas a Moldes.<\/p>\n<p>Moine dijo que ya se cumpli\u00f3 con la capacitaci\u00f3n de los trabajadores que se desempe\u00f1ar\u00e1n en esta planta. \u201cHay gente de Moldes y Chaj\u00e1n la que se ocupar\u00e1 en esta tarea. En los \u00faltimos d\u00edas tambi\u00e9n se ha trabajado en la limpieza del predio\u201d, sostuvo.<\/p>\n<p>Al tiempo que confirm\u00f3 que el intendente de Chaj\u00e1n, Ricardo Reynoso, ser\u00e1 el administrador o gerenciador de la planta.<\/p>\n<p>Este gran complejo por ahora tiene previsto recopilar los residuos de Chaj\u00e1n, Suco, Sampacho, Las Vertientes, Bulnes, San Basilio, Malena y el mismo Coronel Moldes como para empezar. No se descarta que se sume Achiras. En tanto, eval\u00faan costos los municipios de Monte de los Gauchos y Adelia Mar\u00eda, debido a las distancias que deber\u00e1n recorrer para realizar el traslado de los desechos.<\/p>\n<p>\u00abEstamos haciendo las primeras pruebas y los resultados son \u00f3ptimos\u00bb, dijo el intendente Ricardo Reynoso.<\/p>\n<p>Cabe destacar que es un emprendimiento llevado a cabo con el apoyo de la Provincia que, en los \u00faltimos d\u00edas, estuvo colaborando con maquinarias para realizar el enterramiento y tapado del gran basural a cielo abierto existente en los alrededores de Coronel Moldes y donde se emplaza la nueva planta.<\/p>\n<p>\u00abPara Coronel Moldes comienza una nueva etapa en materia ambiental, creo que el resto de las poblaciones tambi\u00e9n\u00bb, indic\u00f3 el intendente local Jorge Costanzo esperanzado en que todo el complejo funcione correctamente tal como lo propuso el gobierno de la provincia.<\/p>\n<p>Por su parte, Reynoso asegur\u00f3 que en pueblos como Chaj\u00e1n ya no quedan espacios para enterrar la basura. \u00abAc\u00e1 se est\u00e1 haciendo una tarea de concientizaci\u00f3n para tener un pueblo m\u00e1s limpio y sano en materia ambiental\u00bb, expres\u00f3 Reynoso.<\/p>\n<p><strong>Eliminar basurales<\/strong><\/p>\n<p>Las poblaciones que enviar\u00e1n los residuos a Coronel Moldes tendr\u00e1n como premisa eliminar los basurales a cielo abierto, que en la regi\u00f3n superan el centenar.<\/p>\n<p>Hay situaciones de dep\u00f3sitos y enterramientos de residuos en los pueblos que, pr\u00e1cticamente, se han convertidos en focos contaminantes y h\u00e1bitat de distintas alima\u00f1as.<\/p>\n<p>\u00abLa basura que se genera en todos los pueblos ser\u00e1 encapsulada y enterrada en fosas especiales e impermeabilizadas para evitar la contaminaci\u00f3n\u00bb, explic\u00f3 Costanzo.<\/p>\n<p>Debido a las dimensiones que tiene el departamento R\u00edo\u2008Cuarto y las distancias existentes entre las distintas comunidades, es por eso que varios municipios por el momento no enviar\u00e1n los desechos a la planta de Moldes.<\/p>\n<p>Un caso es el de Vicu\u00f1a Mackenna, donde el Municipio argument\u00f3 que no posee un veh\u00edculo apto para el traslado, a lo que se suman los altos costos en combustible y hasta personal. En la misma situaci\u00f3n se encuentran La Cautiva, Washington y Tosquita.<\/p>\n<h6>Fuente: Puntal<\/h6>\n","protected":false},"excerpt":{"rendered":"<p>El lunes se har\u00e1n las primeras pruebas y a mediados de la semana varias localidades empezar\u00e1n a derivar los desechos a este predio para su tratamiento A partir del lunes pr\u00f3ximo comenzar\u00e1 a operar la Planta de Tratamiento de Residuos S\u00f3lidos Urbanos Regional instalada en esta ciudad, tras la capacitaci\u00f3n del personal y la puesta<\/p>\n","protected":false},"author":2,"featured_media":30936,"comment_status":"closed","ping_status":"closed","sticky":false,"template":"","format":"standard","meta":{"footnotes":""},"categories":[2],"tags":[3],"class_list":["post-30935","post","type-post","status-publish","format-standard","has-post-thumbnail","hentry","category-informe-municipal","tag-cordoba"],"_links":{"self":[{"href":"http:\/\/argentinamunicipal.com.ar\/argentina\/wp-json\/wp\/v2\/posts\/30935","targetHints":{"allow":["GET"]}}],"collection":[{"href":"http:\/\/argentinamunicipal.com.ar\/argentina\/wp-json\/wp\/v2\/posts"}],"about":[{"href":"http:\/\/argentinamunicipal.com.ar\/argentina\/wp-json\/wp\/v2\/types\/post"}],"author":[{"embeddable":true,"href":"http:\/\/argentinamunicipal.com.ar\/argentina\/wp-json\/wp\/v2\/users\/2"}],"replies":[{"embeddable":true,"href":"http:\/\/argentinamunicipal.com.ar\/argentina\/wp-json\/wp\/v2\/comments?post=30935"}],"version-history":[{"count":0,"href":"http:\/\/argentinamunicipal.com.ar\/argentina\/wp-json\/wp\/v2\/posts\/30935\/revisions"}],"wp:featuredmedia":[{"embeddable":true,"href":"http:\/\/argentinamunicipal.com.ar\/argentina\/wp-json\/wp\/v2\/media\/30936"}],"wp:attachment":[{"href":"http:\/\/argentinamunicipal.com.ar\/argentina\/wp-json\/wp\/v2\/media?parent=30935"}],"wp:term":[{"taxonomy":"category","embeddable":true,"href":"http:\/\/argentinamunicipal.com.ar\/argentina\/wp-json\/wp\/v2\/categories?post=30935"},{"taxonomy":"post_tag","embeddable":true,"href":"http:\/\/argentinamunicipal.com.ar\/argentina\/wp-json\/wp\/v2\/tags?post=30935"}],"curies":[{"name":"wp","href":"https:\/\/api.w.org\/{rel}","templated":true}]}}