{"id":30969,"date":"2015-06-06T10:42:50","date_gmt":"2015-06-06T13:42:50","guid":{"rendered":"http:\/\/argentinamunicipal.com.ar\/argentina\/?p=30969"},"modified":"2015-06-06T10:42:50","modified_gmt":"2015-06-06T13:42:50","slug":"la-recuperacion-de-legajos-universitarios-rescata-el-pasado-de-alumnos-y-facultades","status":"publish","type":"post","link":"http:\/\/argentinamunicipal.com.ar\/argentina\/la-recuperacion-de-legajos-universitarios-rescata-el-pasado-de-alumnos-y-facultades\/","title":{"rendered":"La recuperaci\u00f3n de legajos universitarios rescata el pasado de alumnos y facultades"},"content":{"rendered":"<p><a href=\"http:\/\/argentinamunicipal.com.ar\/argentina\/wp-content\/uploads\/2015\/06\/edu201-.jpg_88717827.jpg\"><img loading=\"lazy\" decoding=\"async\" class=\"aligncenter size-full wp-image-30970\" src=\"http:\/\/argentinamunicipal.com.ar\/argentina\/wp-content\/uploads\/2015\/06\/edu201-.jpg_88717827.jpg\" alt=\"edu201--.jpg_88717827\" width=\"621\" height=\"465\" srcset=\"http:\/\/argentinamunicipal.com.ar\/argentina\/wp-content\/uploads\/2015\/06\/edu201-.jpg_88717827.jpg 621w, http:\/\/argentinamunicipal.com.ar\/argentina\/wp-content\/uploads\/2015\/06\/edu201-.jpg_88717827-300x225.jpg 300w\" sizes=\"auto, (max-width: 621px) 100vw, 621px\" \/><\/a><br \/>\nAdem\u00e1s de reintegrar sus documentos a los familiares de v\u00edctimas de la represi\u00f3n, algunas facultades retoman debates y pr\u00e1cticas que \u201cno desaparecieron\u201d.<\/p>\n<p>La apertura de legajos y archivos universitarios de no docentes, docentes y estudiantes que fueron v\u00edctimas del terrorismo de Estado permite que sus familias se reencuentren con parte de la identidad de sus seres queridos. Pero tambi\u00e9n reconstruye la historia acad\u00e9mica de sus facultades, espacios de compromiso donde se desataron los debates estudiantiles sobre la formaci\u00f3n profesional, el perfil del graduado y su compromiso con la comunidad.<\/p>\n<p>El viernes \u00faltimo, la carrera de arquitectura de la Universidad de Buenos Aires (UBA), en su aula magna, entreg\u00f3 los expedientes acad\u00e9micos de los estudiantes desaparecidos Hugo Alberto Castro a su hijo Jorge Castro Rubel, nieto recuperado 116; y el de la estudiante desaparecida Ana Mar\u00eda del Carmen Granada a su hijo Manuel Gon\u00e7alves Granada, otro nieto recuperado. Las Abuelas de Plaza de Mayo los acompa\u00f1aron.<\/p>\n<p>Jorge es soci\u00f3logo del Conicet e investiga conflictos sindicales. Reci\u00e9n en diciembre de 2014 se enter\u00f3 de que era hijo de dos militantes sindicales desaparecidos. Su padre, Hugo Alberto Castro, fue desaparecido el 15 de enero de 1977 mientras cursaba la carrera de Arquitectura. Jorge naci\u00f3 en la ex Esma, lugar que visit\u00f3 el 24 de marzo de 2004 cuando N\u00e9stor Kirchner anunci\u00f3 que ser\u00eda convertido en un Espacio para la Memoria.<\/p>\n<p>Manuel recibi\u00f3 la documentaci\u00f3n universitaria de su madre, la estudiante Ana Mar\u00eda del Carmen Granada. \u201cFue un d\u00eda de mucha alegr\u00eda, porque quienes nos robaron la identidad durante la dictadura, tambi\u00e9n se llevaron hasta las fotos. Con este expediente recupero una foto de mi mama que no tenia\u201d, dijo Manuel.<\/p>\n<p>\u201cRecuperar la identidad es saber nuestro verdadero nombre, pero tambi\u00e9n es conocer qui\u00e9n fue tu pap\u00e1 y tu mam\u00e1 y armar respuestas sobre todo eso que no sabemos. La desaparici\u00f3n de personas hace un da\u00f1o permanente: no lo tenemos, no poder interactuar con ellos. Pero, a partir de la memoria colectiva, en este caso, me permite saber m\u00e1s quien es mi mam\u00e1\u201d, se\u00f1al\u00f3 tras el acto.<\/p>\n<p>Las fotos de Hugo y Ana Mar\u00eda ya forman parte del enorme cartel del patio de la Facultad de Arquitectura, Dise\u00f1o y Urbanismo.<\/p>\n<p><strong>Divulgaci\u00f3n.<\/strong> \u201cEl trabajo en la Facultad de Arquitectura comenz\u00f3 en 2001, al presentar un proyecto en el consejo directivo. En 2005 abrimos el archivo y en 2006 se public\u00f3 el listado de 108 compa\u00f1eros v\u00edctimas de la dictadura. Hoy son 115 los registrados, entre no docentes, docentes y alumnos\u201d, dice el arquitecto Marcelo Castillo, profesor de la facultad y miembro del Equipo de Antropolog\u00eda Forense y del Archivo Bibliogr\u00e1fico de Abuelas de Plaza de Mayo.<\/p>\n<p>\u201cEl archivo est\u00e1 digitalizado y resguardado en el Instituto de Arte Americano de la facultad, donde se cur\u00f3 al material que ya tiene m\u00e1s de 40 a\u00f1os\u201d, resalta.<\/p>\n<p>La labor pedag\u00f3gica se extiende a la divulgaci\u00f3n y \u201cel tema fue tomado ese mediante la difusi\u00f3n de un libro donde se revisan la historia de materiales de estudio y los programas. Desde hace 20 a\u00f1os se trabaja con las Abuelas en el dise\u00f1o de trabajos de comunicaci\u00f3n gr\u00e1fica\u201d, remarca el arquitecto.<\/p>\n<p><strong>Subsuelos.<\/strong> En la UBA, ya en noviembre de 2014 el Grupo de Voluntariado Sociales con Memoria, de la Facultad de Ciencias Sociales de la Universidad de Buenos Aires (UBA) busc\u00f3 y restaur\u00f3 expedientes de alumnos de Sociolog\u00eda que fueron v\u00edctimas del terrorismo de Estado. Esa documentaci\u00f3n, olvidada en un subsuelo del edificio de sede Marcelo Torcuato de Alvear 2230, se restituy\u00f3 a los familiares de aquellos estudiantes. En el acto se le entregaron copias de los legajos universitarios, cuyos originales quedaron resguardados en la facultad.<\/p>\n<p>\u201cEx compa\u00f1eros de la carrera de sociolog\u00eda de la UBA se comunicaron conmigo para convocarme al encuentro de entrega de los expedientes de los estudiantes que hab\u00edan pasado por esa facultad y que luego hab\u00edan sido desaparecidos durante el terrorismo de Estado\u201d, relata Juane Basso, hijo de Emilio Feres\u00edn, secuestrado el 10 de febrero de 1977 en Santa Fe y visto en un centro clandestino de detenci\u00f3n de Paran\u00e1.<\/p>\n<p>\u201cIr con mi compa\u00f1era Nadia y mis dos hijos Juana y Pedro, que nos preguntan de todo sobre su abuelo, fue una gran movilizaci\u00f3n de emociones, que se potenciaron durante el acto\u201d, admite el periodista de la Cooperativa La Masa.<\/p>\n<p>\u201cEn el lugar, \u2014agrega\u2014 encontr\u00e9, adem\u00e1s de papeles que son parte de la historia de mi padre, me encontr\u00e9 con ex compa\u00f1eros de \u00e9l, militantes y otros que no participaron de Montoneros como \u00e9l, pero que me acercaron historias\u201d.<\/p>\n<p>\u201cCuando me toc\u00f3 hablar en el acto me acompa\u00f1\u00f3 Pedrito y remarqu\u00e9 que no era casual que estemos ah\u00ed, sino producto de una pelea hist\u00f3rica del pueblo y sus organizaciones, de Madres, Abuelas y el Estado nacional que potenci\u00f3 esa lucha\u201d.<\/p>\n<p><strong>Retomar el compromiso de la instituci\u00f3n<\/strong><\/p>\n<p>\u201cRecibir en la facultad de psicolog\u00eda (UNR) el legajo universitario de mi vieja, en 2011, fue incorporar una nueva pieza al rompecabezas en el que armamos la identidad de nuestros padres. As\u00ed sabemos algo m\u00e1s sobre sus vidas y conocemos a sus ex compa\u00f1eros de estudio y convivencia.\u00a0 Me enter\u00e9 que mi vieja estaba terminando la carrera y era buena alumna\u201d, remarca Mat\u00edas Ayastuy,<\/p>\n<p>En septiembre de 2011 la Facultad de Psicolog\u00eda restituy\u00f3 37 legajos universitarios de alumnos, graduados y docentes v\u00edctimas de la represi\u00f3n.<\/p>\n<p>\u201cLos legajos sirve paran reconstruir la representaci\u00f3n que tenemos sobre la vida de nuestros padres, a quien no conocimos\u201d, admite Mat\u00edas, de 38 a\u00f1os.<\/p>\n<p>Y agrega: \u201cLa Universidad no retom\u00f3 ese compromiso. Esa recuperaci\u00f3n naci\u00f3 de un grupo de estudiantes y docentes\u201d.<\/p>\n<p>Marta Bugnone (naci\u00f3 en abril de 1949, Gualeguaych\u00fa, Entre R\u00edos) y Jorge Ayastuy (junio de 1950, Vedia, Buenos Aires) se casaron en 1974. Militaban en el Partido Comunista Marxista Leninista y los secuestraron el 6 de diciembre de 1977 en su casa de Buenos Aires junto a Mat\u00edas, de 9 meses. El beb\u00e9 fue recuperado por familiares, pero la pareja desapareci\u00f3. Hoy, Mat\u00edas y Abuelas busca a una hermana o hermano que debi\u00f3 nacer entre marzo y agosto de 1978.<\/p>\n<p><strong>Una deuda.<\/strong> \u201cFormularios de inscripci\u00f3n, resultados de examen, cada papel es de valor\u201d, dice el psic\u00f3logo Iv\u00e1n Fina, cuyo padre tambi\u00e9n estudiaba psicolog\u00eda y fue asesinado el 10 de agosto de 1976 en Rosario. Su madre, Isabel, Carlucci fue secuestrada y desaparecida.<\/p>\n<p>Fina, militante de Abuelas Rosario, resalta: \u201cEl reintegro de legajos universitarios a los familiares de las v\u00edctimas era una deuda que ten\u00eda la facultad\u201d.<\/p>\n<p>\u201cEn 2011, en un acto emotivo recib\u00ed pruebas del paso de mi padre por donde yo tambi\u00e9n estudi\u00e9. Esa juventud estudiaba, trabajaba y militaba\u201d, sostiene.<\/p>\n<p><strong>Recuperar pr\u00e1cticas<\/strong>. Por su parte, el psic\u00f3logo Esteban Fridman, quien en ese momento era secretario de Extensi\u00f3n de la facultad de psicolog\u00eda, se\u00f1ala que \u201cen 2011, cuando asume el nuevo decanato en Psicolog\u00eda, lo primero que se hace desde la Secretar\u00eda de Derechos Humanos es indagar sobre la situaci\u00f3n de los legajos de la facultad pertenecientes a la \u00e9poca de la dictadura\u201d.<\/p>\n<p>\u201cSon 37 los desaparecidos vinculados a la facultad y quer\u00edamos terminar con el olvido. En los 90 nos quer\u00edan prohibir poner una placa por las Madres\u201d, explica el profesor del seminario de Desmanicomializaci\u00f3n y Salud Mental.<\/p>\n<p>\u201cAparecieron documentos e historias sobre discusiones te\u00f3ricas del perfil profesional del psic\u00f3logo, materiales sobre trabajos en barrios. Con la desaparici\u00f3n de estudiantes tambi\u00e9n desaparecieron pr\u00e1cticas que asum\u00edan, hay c\u00e1tedras que las retoman, pero el tema sigue pendiente en la Universidad, ya que est\u00e1 gobernada por sectores que no se interesan por recuperar esa historia\u201d.<\/p>\n<h6>Fuente: La Capital, Rosario<\/h6>\n","protected":false},"excerpt":{"rendered":"<p>Adem\u00e1s de reintegrar sus documentos a los familiares de v\u00edctimas de la represi\u00f3n, algunas facultades retoman debates y pr\u00e1cticas que \u201cno desaparecieron\u201d. La apertura de legajos y archivos universitarios de no docentes, docentes y estudiantes que fueron v\u00edctimas del terrorismo de Estado permite que sus familias se reencuentren con parte de la identidad de sus<\/p>\n","protected":false},"author":2,"featured_media":30970,"comment_status":"closed","ping_status":"closed","sticky":false,"template":"","format":"standard","meta":{"footnotes":""},"categories":[8],"tags":[21],"class_list":["post-30969","post","type-post","status-publish","format-standard","has-post-thumbnail","hentry","category-informe-nacional","tag-argentina"],"_links":{"self":[{"href":"http:\/\/argentinamunicipal.com.ar\/argentina\/wp-json\/wp\/v2\/posts\/30969","targetHints":{"allow":["GET"]}}],"collection":[{"href":"http:\/\/argentinamunicipal.com.ar\/argentina\/wp-json\/wp\/v2\/posts"}],"about":[{"href":"http:\/\/argentinamunicipal.com.ar\/argentina\/wp-json\/wp\/v2\/types\/post"}],"author":[{"embeddable":true,"href":"http:\/\/argentinamunicipal.com.ar\/argentina\/wp-json\/wp\/v2\/users\/2"}],"replies":[{"embeddable":true,"href":"http:\/\/argentinamunicipal.com.ar\/argentina\/wp-json\/wp\/v2\/comments?post=30969"}],"version-history":[{"count":0,"href":"http:\/\/argentinamunicipal.com.ar\/argentina\/wp-json\/wp\/v2\/posts\/30969\/revisions"}],"wp:featuredmedia":[{"embeddable":true,"href":"http:\/\/argentinamunicipal.com.ar\/argentina\/wp-json\/wp\/v2\/media\/30970"}],"wp:attachment":[{"href":"http:\/\/argentinamunicipal.com.ar\/argentina\/wp-json\/wp\/v2\/media?parent=30969"}],"wp:term":[{"taxonomy":"category","embeddable":true,"href":"http:\/\/argentinamunicipal.com.ar\/argentina\/wp-json\/wp\/v2\/categories?post=30969"},{"taxonomy":"post_tag","embeddable":true,"href":"http:\/\/argentinamunicipal.com.ar\/argentina\/wp-json\/wp\/v2\/tags?post=30969"}],"curies":[{"name":"wp","href":"https:\/\/api.w.org\/{rel}","templated":true}]}}