{"id":30978,"date":"2015-06-08T08:21:49","date_gmt":"2015-06-08T11:21:49","guid":{"rendered":"http:\/\/argentinamunicipal.com.ar\/argentina\/?p=30978"},"modified":"2015-06-08T08:21:49","modified_gmt":"2015-06-08T11:21:49","slug":"san-francisco-tiene-una-oficina-de-discapacidad","status":"publish","type":"post","link":"http:\/\/argentinamunicipal.com.ar\/argentina\/san-francisco-tiene-una-oficina-de-discapacidad\/","title":{"rendered":"San Francisco tiene una Oficina de Discapacidad"},"content":{"rendered":"<div id=\"attachment_30979\" style=\"width: 667px\" class=\"wp-caption aligncenter\"><a href=\"http:\/\/argentinamunicipal.com.ar\/argentina\/wp-content\/uploads\/2015\/06\/206687_img.jpg\"><img loading=\"lazy\" decoding=\"async\" aria-describedby=\"caption-attachment-30979\" class=\" wp-image-30979\" src=\"http:\/\/argentinamunicipal.com.ar\/argentina\/wp-content\/uploads\/2015\/06\/206687_img.jpg\" alt=\"La nueva oficina funciona en la sede del Club de Leones.\" width=\"657\" height=\"394\" srcset=\"http:\/\/argentinamunicipal.com.ar\/argentina\/wp-content\/uploads\/2015\/06\/206687_img.jpg 870w, http:\/\/argentinamunicipal.com.ar\/argentina\/wp-content\/uploads\/2015\/06\/206687_img-300x180.jpg 300w\" sizes=\"auto, (max-width: 657px) 100vw, 657px\" \/><\/a><p id=\"caption-attachment-30979\" class=\"wp-caption-text\">La nueva oficina funciona en la sede del Club de Leones.<\/p><\/div>\n<p>La Municipalidad de San Francisco inaugur\u00f3 la nueva Oficina de Discapacidad, un espacio que estar\u00e1 \u00edntegramente dedicado al asesoramiento y consejer\u00eda para familias de personas con capacidades diferentes.<\/p>\n<p>La dependencia funcionar\u00e1 a cargo de Laura Bonino y una asistente, en las instalaciones del Club de Leones.<\/p>\n<p>En el acto de apertura estuvieron presentes el secretario de Salud Gustavo Klein, el titular de Gobierno, Miguel Pesce, los ediles Fabiana Palacios, Nora Marlatto, Marcelo Moreno, Ra\u00fal Fassi y Carlos Demarchi y el presidente de Emugas, Juan Carlos Sola.<\/p>\n<p>El secretario Klein destac\u00f3: \u00abEstamos trabajando con esta Oficina de Discapacidad para ser el nexo con los padres de ni\u00f1os con capacidades diferentes, la persona con capacidad diferente y la sociedad en su conjunto\u00bb.<\/p>\n<h6>Fuente: La Ma\u00f1ana de C\u00f3rdoba<\/h6>\n","protected":false},"excerpt":{"rendered":"<p>La Municipalidad de San Francisco inaugur\u00f3 la nueva Oficina de Discapacidad, un espacio que estar\u00e1 \u00edntegramente dedicado al asesoramiento y consejer\u00eda para familias de personas con capacidades diferentes. La dependencia funcionar\u00e1 a cargo de Laura Bonino y una asistente, en las instalaciones del Club de Leones. En el acto de apertura estuvieron presentes el secretario<\/p>\n","protected":false},"author":2,"featured_media":30979,"comment_status":"closed","ping_status":"closed","sticky":false,"template":"","format":"standard","meta":{"footnotes":""},"categories":[2],"tags":[3],"class_list":["post-30978","post","type-post","status-publish","format-standard","has-post-thumbnail","hentry","category-informe-municipal","tag-cordoba"],"_links":{"self":[{"href":"http:\/\/argentinamunicipal.com.ar\/argentina\/wp-json\/wp\/v2\/posts\/30978","targetHints":{"allow":["GET"]}}],"collection":[{"href":"http:\/\/argentinamunicipal.com.ar\/argentina\/wp-json\/wp\/v2\/posts"}],"about":[{"href":"http:\/\/argentinamunicipal.com.ar\/argentina\/wp-json\/wp\/v2\/types\/post"}],"author":[{"embeddable":true,"href":"http:\/\/argentinamunicipal.com.ar\/argentina\/wp-json\/wp\/v2\/users\/2"}],"replies":[{"embeddable":true,"href":"http:\/\/argentinamunicipal.com.ar\/argentina\/wp-json\/wp\/v2\/comments?post=30978"}],"version-history":[{"count":0,"href":"http:\/\/argentinamunicipal.com.ar\/argentina\/wp-json\/wp\/v2\/posts\/30978\/revisions"}],"wp:featuredmedia":[{"embeddable":true,"href":"http:\/\/argentinamunicipal.com.ar\/argentina\/wp-json\/wp\/v2\/media\/30979"}],"wp:attachment":[{"href":"http:\/\/argentinamunicipal.com.ar\/argentina\/wp-json\/wp\/v2\/media?parent=30978"}],"wp:term":[{"taxonomy":"category","embeddable":true,"href":"http:\/\/argentinamunicipal.com.ar\/argentina\/wp-json\/wp\/v2\/categories?post=30978"},{"taxonomy":"post_tag","embeddable":true,"href":"http:\/\/argentinamunicipal.com.ar\/argentina\/wp-json\/wp\/v2\/tags?post=30978"}],"curies":[{"name":"wp","href":"https:\/\/api.w.org\/{rel}","templated":true}]}}