{"id":30984,"date":"2015-06-08T08:28:24","date_gmt":"2015-06-08T11:28:24","guid":{"rendered":"http:\/\/argentinamunicipal.com.ar\/argentina\/?p=30984"},"modified":"2015-06-10T09:48:44","modified_gmt":"2015-06-10T12:48:44","slug":"colon-y-calamuchita-creceran-mas-hasta-2025","status":"publish","type":"post","link":"http:\/\/argentinamunicipal.com.ar\/argentina\/colon-y-calamuchita-creceran-mas-hasta-2025\/","title":{"rendered":"Col\u00f3n y Calamuchita crecer\u00e1n m\u00e1s hasta 2025"},"content":{"rendered":"<p><a href=\"http:\/\/argentinamunicipal.com.ar\/argentina\/wp-content\/uploads\/2015\/06\/Censo_departamentos_Colon_y_Calamuchita.jpg\"><img loading=\"lazy\" decoding=\"async\" class=\"aligncenter  wp-image-30986\" src=\"http:\/\/argentinamunicipal.com.ar\/argentina\/wp-content\/uploads\/2015\/06\/Censo_departamentos_Colon_y_Calamuchita.jpg\" alt=\"Censo_departamentos_Colon_y_Calamuchita\" width=\"708\" height=\"398\" srcset=\"http:\/\/argentinamunicipal.com.ar\/argentina\/wp-content\/uploads\/2015\/06\/Censo_departamentos_Colon_y_Calamuchita.jpg 980w, http:\/\/argentinamunicipal.com.ar\/argentina\/wp-content\/uploads\/2015\/06\/Censo_departamentos_Colon_y_Calamuchita-300x169.jpg 300w\" sizes=\"auto, (max-width: 708px) 100vw, 708px\" \/><\/a><br \/>\nSeg\u00fan una proyecci\u00f3n demogr\u00e1fica, entre 2010 y 2025 aumentar\u00e1n sus habitantes en un 50 y 43 por ciento, respectivamente. El promedio provincial ser\u00eda del 17.<\/p>\n<p>Los departamentos Col\u00f3n y Calamuchita ser\u00e1n las regiones cordobesas que m\u00e1s crecer\u00e1n en poblaci\u00f3n en los pr\u00f3ximos 10 a\u00f1os. Si se cumple el pron\u00f3stico, no ser\u00eda sorpresa: son las mismas que en mayor proporci\u00f3n aumentaron su cantidad de habitantes entre los \u00faltimos censos de 2001 y 2010.<\/p>\n<p>En la provincia de C\u00f3rdoba, el censo 2010 cont\u00f3 3.373.000 habitantes. Hoy, tendr\u00eda 3.567.000 y llegar\u00eda al a\u00f1o 2025 con 3.945.000. De ese modo, entre 2010 y 2025 crecer\u00eda un 17 por ciento su poblaci\u00f3n.<\/p>\n<p>Ese promedio provincial quedar\u00eda bastante por debajo del 50 por ciento que se calcula que registrar\u00e1 el departamento Col\u00f3n (cuya zona de mayor crecimiento es la de Sierras Chicas) entre 2010 y 2025, y para el 43 por ciento que se estima para Calamuchita.<\/p>\n<p>En el extremo opuesto, los m\u00e1s empobrecidos y despoblados departamentos Minas y Pocho, en el noroeste del mapa, crecer\u00edan s\u00f3lo cuatro y nueve por ciento, respectivamente.<\/p>\n<p>Mientras, la ciudad de C\u00f3rdoba aparece por debajo de \u2028la media: entre 2010 y 2025 aumentar\u00eda su poblaci\u00f3n en un 8,5 por ciento.<\/p>\n<p>Esos y otros datos surgen de un trabajo elaborado este a\u00f1o por la Direcci\u00f3n de Estad\u00edsticas y Censos de la Provincia, que intenta proyectar los cambios demogr\u00e1ficos que tendr\u00eda esta provincia hacia el a\u00f1o 2025.<\/p>\n<p><strong>En el mapa<\/strong><\/p>\n<p><a href=\"http:\/\/argentinamunicipal.com.ar\/argentina\/wp-content\/uploads\/2015\/06\/mapa_6.jpg\"><img loading=\"lazy\" decoding=\"async\" class=\"aligncenter  wp-image-30985\" src=\"http:\/\/argentinamunicipal.com.ar\/argentina\/wp-content\/uploads\/2015\/06\/mapa_6.jpg\" alt=\"mapa_6\" width=\"516\" height=\"598\" srcset=\"http:\/\/argentinamunicipal.com.ar\/argentina\/wp-content\/uploads\/2015\/06\/mapa_6.jpg 655w, http:\/\/argentinamunicipal.com.ar\/argentina\/wp-content\/uploads\/2015\/06\/mapa_6-259x300.jpg 259w\" sizes=\"auto, (max-width: 516px) 100vw, 516px\" \/><\/a><\/p>\n<p><strong>Diferencias<\/strong><\/p>\n<p>La perspectiva, como en el pa\u00eds, es que si no se produce una ola inmigratoria relevante la poblaci\u00f3n cordobesa siga reduciendo levemente cada a\u00f1o su tasa de crecimiento. En 2011 fue del 1,2 por ciento anual. En 2018 se prev\u00e9 que se situ\u00e9 \u2028en el 1,1. Y al 2025 llegar\u00eda con uno por ciento.<\/p>\n<p>Seg\u00fan las proyecciones que trazan los dem\u00f3grafos de la Provincia, esa tasa de crecimiento anual que para toda la provincia ser\u00e1 en 2025 del uno por ciento, llegar\u00eda en cambio al 2,6 en el departamento Col\u00f3n y al 2,4 en Calamuchita.<\/p>\n<p>Luego, les seguir\u00edan con el 1,4 por ciento de aumento anual de poblaci\u00f3n los departamentos Punilla, San Alberto y Cruz del Eje. La Capital llegar\u00eda a ese a\u00f1o con una baja tasa de aumento poblacional: 0,5 por ciento.<\/p>\n<p>Otra vez, en el extremo m\u00e1s bajo, aparece el departamento Minas, que ser\u00eda el \u00fanico que empezar\u00eda ya a tener una tasa negativa (-0,1 anual).<\/p>\n<p>Con datos certeros (y no proyecciones) los censos mostraron que entre 2001 y 2010 los departamentos que m\u00e1s crecieron fueron Col\u00f3n (31 por ciento), Calamuchita (20) y Punilla (15).<\/p>\n<p><strong>Una aproximaci\u00f3n<\/strong><\/p>\n<p>\u201cEs una proyecci\u00f3n, no suma matem\u00e1tica ni adivinanza\u201d, aclara Daniel Ortega, director de Socio Demograf\u00eda de la repartici\u00f3n provincial. Seg\u00fan explic\u00f3, el criterio utilizado para calcular es el mismo que aplica el Indec a nivel nacional.<\/p>\n<p>Explic\u00f3 que \u201cel insumo b\u00e1sico\u201d es la comparaci\u00f3n entre los dos censos anteriores (2001 y 2010), cotejando la tasa anual de crecimiento de cada zona, pero junto a datos valorativos como disponibilidad de suelos, infraestructura, demanda y proyecciones inmobiliarias, entre otras variables combinadas.<\/p>\n<p>\u201cNo se trata s\u00f3lo de estirar \u2028el crecimiento anterior al fu\u00adturo, sino de sumar otras va\u00adloraciones\u201d, explic\u00f3 Ortega a este diario.<\/p>\n<p>El resultado no puede ser certero: es s\u00f3lo un intento de aproximaci\u00f3n. No puede tampoco contemplar situaciones imponderables o fen\u00f3menos no previstos. Por caso, una migraci\u00f3n por alg\u00fan efecto coyuntural, alguna radicaci\u00f3n industrial de gran envergadura que impacte en el movimiento poblacional de una zona, o alguna circunstancia nueva que influya en forma determinante en una regi\u00f3n.<\/p>\n<p><strong>Explicaciones<\/strong><\/p>\n<p>El departamento Col\u00f3n fue el de mayor crecimiento entre 2000 y 2010 y lo ser\u00eda hasta 2025. La causa principal es conocida: la mudanza de miles de capitalinos hacia las Sierras Chicas.<\/p>\n<p>\u201cEsa zona sigue sumando habitantes cada a\u00f1o y ese fen\u00f3meno no \u2028se detendr\u00eda; en todo caso se acomodar\u00e1 en nuevos sectores, con m\u00e1s disponibilidad, como ya se ve ahora hacia el \u00e1rea de La Calera\u201d, apunt\u00f3 Ortega.<\/p>\n<p>El \u201cestiramiento\u201d de la Capital hacia el noroeste no parece detenerse.<\/p>\n<p>En el caso de Calamuchita, \u2028el dem\u00f3grafo marca que desde hace varios a\u00f1os es el sector que recibe m\u00e1s migrantes de otras provincias que llegan atra\u00eddos por el paisaje o el de\u00adsarrollo de actividades tur\u00edsticas. Antes, capitaliz\u00f3 m\u00e1s ese fen\u00f3meno Punilla (sobre todo Carlos Paz).<\/p>\n<p>\u00daltimamente, y con proyecci\u00f3n hacia 2015, se est\u00e1 sumando a esa ola la parte central del valle de Traslasierra (departamento San Alberto).<\/p>\n<p>De hecho, luego de Col\u00f3n y Calamuchita, los tres depar\u00adtamentos que llegar\u00edan al \u20282025 con una mayor tasa de \u00adcre\u00adcimiento anual son tambi\u00e9n \u2028de perfil serrano: Punilla, San Alberto y Santa \u00adMar\u00eda.<\/p>\n<p>En Punilla, es el \u00e1rea de las comunas del sur que rodean a Carlos Paz la que presenta mayor demanda de crecimiento. En San Alberto, es la zona alrededor de Mina Clavero y Nono. Y en Santa Mar\u00eda, en los peque\u00f1os pueblos alrededor \u2028de Alta Gracia.<\/p>\n<p><strong>Dato llamativo<\/strong><\/p>\n<p>A ese lote de arriba, llamativamente, el informe agrega dos departamentos del norte provincial: Totoral y Cruz del Eje. Ortega argumenta que son regiones con potencial, por disponibilidad de actividades y servicios, con perfil de recuperaci\u00f3n respecto a flojas d\u00e9cadas anteriores.<\/p>\n<p>El resto del mapa llegar\u00eda al 2025 con una tasa menor de crecimiento poblacional.<\/p>\n<p><strong>N\u00fameros para interpretar<\/strong><\/p>\n<p><strong>Gran C\u00f3rdoba<\/strong>. Desde hace m\u00e1s de una d\u00e9cada, lo que m\u00e1s crece es el \u00e1rea metropolitana que rodea a la Capital: el Gran C\u00f3rdoba. Pero ese crecimiento no es parejo: es mucho m\u00e1s evidente hacia el noroeste (Sierras Chicas) y oeste (Punilla), que hacia el norte, sur y este.<\/p>\n<p><strong>Depende<\/strong>. La Capital es uno de los dos departamentos que \u00admenos crecer\u00eda en porcentaje. Pero ser\u00e1 el m\u00e1s aumentar\u00eda su poblaci\u00f3n en cifras absolutas: 116 mil en 15 a\u00f1os. Col\u00f3n, el que de mayor crecimiento, aumentar\u00eda su poblaci\u00f3n en 115 mil.<\/p>\n<p>Y Calamuchita, el segundo de la lista, en \u201cs\u00f3lo\u201d 24 mil. Eso, por el volumen de Capital, donde vive el 41 por ciento de los \u00adcordobeses. Un uno por ciento en la ciudad de C\u00f3rdoba es, en n\u00fameros absolutos, m\u00e1s que el total de la poblaci\u00f3n de varios departamentos.<\/p>\n<p><strong>Lo rural.<\/strong> Entre 2001 y 2010, la poblaci\u00f3n rural de la provincia baj\u00f3 un 9,4 por ciento. Se supone que entre 2010 y 2025 se ir\u00e1 reduciendo a\u00fan m\u00e1s, como en todo el pa\u00eds.<\/p>\n<h6>Fuente: La Voz del Interior<\/h6>\n","protected":false},"excerpt":{"rendered":"<p>Seg\u00fan una proyecci\u00f3n demogr\u00e1fica, entre 2010 y 2025 aumentar\u00e1n sus habitantes en un 50 y 43 por ciento, respectivamente. El promedio provincial ser\u00eda del 17.<\/p>\n","protected":false},"author":2,"featured_media":30986,"comment_status":"closed","ping_status":"closed","sticky":false,"template":"","format":"standard","meta":{"footnotes":""},"categories":[2],"tags":[3],"class_list":["post-30984","post","type-post","status-publish","format-standard","has-post-thumbnail","hentry","category-informe-municipal","tag-cordoba"],"_links":{"self":[{"href":"http:\/\/argentinamunicipal.com.ar\/argentina\/wp-json\/wp\/v2\/posts\/30984","targetHints":{"allow":["GET"]}}],"collection":[{"href":"http:\/\/argentinamunicipal.com.ar\/argentina\/wp-json\/wp\/v2\/posts"}],"about":[{"href":"http:\/\/argentinamunicipal.com.ar\/argentina\/wp-json\/wp\/v2\/types\/post"}],"author":[{"embeddable":true,"href":"http:\/\/argentinamunicipal.com.ar\/argentina\/wp-json\/wp\/v2\/users\/2"}],"replies":[{"embeddable":true,"href":"http:\/\/argentinamunicipal.com.ar\/argentina\/wp-json\/wp\/v2\/comments?post=30984"}],"version-history":[{"count":0,"href":"http:\/\/argentinamunicipal.com.ar\/argentina\/wp-json\/wp\/v2\/posts\/30984\/revisions"}],"wp:featuredmedia":[{"embeddable":true,"href":"http:\/\/argentinamunicipal.com.ar\/argentina\/wp-json\/wp\/v2\/media\/30986"}],"wp:attachment":[{"href":"http:\/\/argentinamunicipal.com.ar\/argentina\/wp-json\/wp\/v2\/media?parent=30984"}],"wp:term":[{"taxonomy":"category","embeddable":true,"href":"http:\/\/argentinamunicipal.com.ar\/argentina\/wp-json\/wp\/v2\/categories?post=30984"},{"taxonomy":"post_tag","embeddable":true,"href":"http:\/\/argentinamunicipal.com.ar\/argentina\/wp-json\/wp\/v2\/tags?post=30984"}],"curies":[{"name":"wp","href":"https:\/\/api.w.org\/{rel}","templated":true}]}}