{"id":30988,"date":"2015-06-08T08:30:21","date_gmt":"2015-06-08T11:30:21","guid":{"rendered":"http:\/\/argentinamunicipal.com.ar\/argentina\/?p=30988"},"modified":"2015-06-08T08:30:21","modified_gmt":"2015-06-08T11:30:21","slug":"tren-urbano-de-santa-fe-avanzan-las-tareas-para-la-puesta-en-marcha","status":"publish","type":"post","link":"http:\/\/argentinamunicipal.com.ar\/argentina\/tren-urbano-de-santa-fe-avanzan-las-tareas-para-la-puesta-en-marcha\/","title":{"rendered":"Tren Urbano de Santa Fe: avanzan las tareas para la puesta en marcha"},"content":{"rendered":"<p><a href=\"http:\/\/argentinamunicipal.com.ar\/argentina\/wp-content\/uploads\/2015\/06\/99589_santa-fe.jpg\"><img loading=\"lazy\" decoding=\"async\" class=\"alignleft size-full wp-image-30989\" src=\"http:\/\/argentinamunicipal.com.ar\/argentina\/wp-content\/uploads\/2015\/06\/99589_santa-fe.jpg\" alt=\"99589_santa-fe\" width=\"544\" height=\"293\" srcset=\"http:\/\/argentinamunicipal.com.ar\/argentina\/wp-content\/uploads\/2015\/06\/99589_santa-fe.jpg 544w, http:\/\/argentinamunicipal.com.ar\/argentina\/wp-content\/uploads\/2015\/06\/99589_santa-fe-300x162.jpg 300w\" sizes=\"auto, (max-width: 544px) 100vw, 544px\" \/><\/a>Este lunes a las 10 se realizar\u00e1n las primeras pruebas de circulaci\u00f3n. Ser\u00e1 en la zona del apeadero del Parque Federal, en Salvador del Carril y Pedro Vittori.<\/p>\n<p>Las primeras pruebas de circulaci\u00f3n para la puesta en marcha del Tren Urbano en la ciudad de Santa Fe tendr\u00e1n lugar este lunes a las 10, en la zona del apeadero construido en el Parque Federal, en inmediaciones de Salvador del Carril y Pedro Vittori.<\/p>\n<p>Las pruebas ser\u00e1n presenciadas por funcionarios locales, encabezados por el intendente Jos\u00e9 Corral, y fueron invitados especialmente representantes de entidades y vecinales abarcadas por el ramal que ir\u00e1 en esta primera etapa desde el Molino Franchino a la Esquina Encendida. Tambi\u00e9n asistir\u00e1n referentes de instituciones ligadas a la historia del tren en la capital provincial.<\/p>\n<p>Como se sabe, en los \u00faltimos meses el Gobierno de la Ciudad llev\u00f3 adelante una serie de obras -con financiamiento del Ministerio de Transporte de la Naci\u00f3n- que permitir\u00e1n poner en marcha por primera vez el Tren Urbano en la capital provincial, que en esta primera etapa realizar\u00e1 un recorrido de unos 4 kil\u00f3metros, teniendo como punto de partida Pedro Vittori, a la altura del Molino Franchino, atravesando el Parque Federal, cruzando por la zona del Puente Negro, y llegando hasta Estanislao Zeballos y Facundo Zuvir\u00eda, donde est\u00e1 La Esquina Encendida.<\/p>\n<p>Entre otras obras, se realiz\u00f3 el reacondicionamiento de las v\u00edas existentes y la construcci\u00f3n de v\u00edas nuevas; la construcci\u00f3n de 8 apeaderos; la reconstrucci\u00f3n de nuevos tramos de la ciclov\u00eda que corren paralelos a las v\u00edas por donde circular\u00e1 el Tren Urbano, as\u00ed como tambi\u00e9n obras de seguridad vial para la circulaci\u00f3n de las unidades.<\/p>\n<h6>Fuente: Sin Mordaza<\/h6>\n","protected":false},"excerpt":{"rendered":"<p>Este lunes a las 10 se realizar\u00e1n las primeras pruebas de circulaci\u00f3n. Ser\u00e1 en la zona del apeadero del Parque Federal, en Salvador del Carril y Pedro Vittori. Las primeras pruebas de circulaci\u00f3n para la puesta en marcha del Tren Urbano en la ciudad de Santa Fe tendr\u00e1n lugar este lunes a las 10, en<\/p>\n","protected":false},"author":2,"featured_media":30989,"comment_status":"closed","ping_status":"closed","sticky":false,"template":"","format":"standard","meta":{"footnotes":""},"categories":[2],"tags":[10],"class_list":["post-30988","post","type-post","status-publish","format-standard","has-post-thumbnail","hentry","category-informe-municipal","tag-santa-fe"],"_links":{"self":[{"href":"http:\/\/argentinamunicipal.com.ar\/argentina\/wp-json\/wp\/v2\/posts\/30988","targetHints":{"allow":["GET"]}}],"collection":[{"href":"http:\/\/argentinamunicipal.com.ar\/argentina\/wp-json\/wp\/v2\/posts"}],"about":[{"href":"http:\/\/argentinamunicipal.com.ar\/argentina\/wp-json\/wp\/v2\/types\/post"}],"author":[{"embeddable":true,"href":"http:\/\/argentinamunicipal.com.ar\/argentina\/wp-json\/wp\/v2\/users\/2"}],"replies":[{"embeddable":true,"href":"http:\/\/argentinamunicipal.com.ar\/argentina\/wp-json\/wp\/v2\/comments?post=30988"}],"version-history":[{"count":0,"href":"http:\/\/argentinamunicipal.com.ar\/argentina\/wp-json\/wp\/v2\/posts\/30988\/revisions"}],"wp:featuredmedia":[{"embeddable":true,"href":"http:\/\/argentinamunicipal.com.ar\/argentina\/wp-json\/wp\/v2\/media\/30989"}],"wp:attachment":[{"href":"http:\/\/argentinamunicipal.com.ar\/argentina\/wp-json\/wp\/v2\/media?parent=30988"}],"wp:term":[{"taxonomy":"category","embeddable":true,"href":"http:\/\/argentinamunicipal.com.ar\/argentina\/wp-json\/wp\/v2\/categories?post=30988"},{"taxonomy":"post_tag","embeddable":true,"href":"http:\/\/argentinamunicipal.com.ar\/argentina\/wp-json\/wp\/v2\/tags?post=30988"}],"curies":[{"name":"wp","href":"https:\/\/api.w.org\/{rel}","templated":true}]}}