{"id":30991,"date":"2015-06-08T08:32:39","date_gmt":"2015-06-08T11:32:39","guid":{"rendered":"http:\/\/argentinamunicipal.com.ar\/argentina\/?p=30991"},"modified":"2015-06-08T08:32:39","modified_gmt":"2015-06-08T11:32:39","slug":"crearan-un-centro-universitario-municipal-en-villa-gdor-galvez","status":"publish","type":"post","link":"http:\/\/argentinamunicipal.com.ar\/argentina\/crearan-un-centro-universitario-municipal-en-villa-gdor-galvez\/","title":{"rendered":"Crear\u00e1n un Centro Universitario Municipal en\u00a0Villa Gdor. G\u00e1lvez"},"content":{"rendered":"<p><a href=\"http:\/\/argentinamunicipal.com.ar\/argentina\/wp-content\/uploads\/2015\/06\/LR1801.jpg_88717827.jpg\"><img loading=\"lazy\" decoding=\"async\" class=\"aligncenter size-full wp-image-30992\" src=\"http:\/\/argentinamunicipal.com.ar\/argentina\/wp-content\/uploads\/2015\/06\/LR1801.jpg_88717827.jpg\" alt=\"LR1801.jpg_88717827\" width=\"621\" height=\"465\" srcset=\"http:\/\/argentinamunicipal.com.ar\/argentina\/wp-content\/uploads\/2015\/06\/LR1801.jpg_88717827.jpg 621w, http:\/\/argentinamunicipal.com.ar\/argentina\/wp-content\/uploads\/2015\/06\/LR1801.jpg_88717827-300x225.jpg 300w\" sizes=\"auto, (max-width: 621px) 100vw, 621px\" \/><\/a><br \/>\nEl proyecto fue presentado por el Presidente del Concejo de Villa Gdor. G\u00e1lvez, Diego Garavano, el Rector de la UNR Dar\u00edo Maiorana y el Secretario de Transporte de la Naci\u00f3n Alejandro Ramos.<\/p>\n<p>El encuentro se desarroll\u00f3 en la sala de sesiones del cuerpo deliberativo de VGG, donde las autoridades nacionales y de la universidad junto a referentes de la educaci\u00f3n y directivos de escuelas de la comunidad, participaron de la presentaci\u00f3n del proyecto de ordenanza que fue presentado por el Bloque Justicialista del Frente para la Victoria de Villa Gobernador G\u00e1lvez integrado por Diego Garavano, Susana Mangiaterra y Daniel Cabrera.<\/p>\n<p>El joven edil y candidato a intendente del Frente Justicialista para la Victoria, Diego Garavano, expres\u00f3 con mucho entusiasmo \u201cqueremos que en Villa Gobernador G\u00e1lvez tengamos j\u00f3venes que sean la primer generaci\u00f3n de universitarios, por eso los pr\u00f3ximos 4 a\u00f1os de nuestra ciudad, van a ser los a\u00f1os de la educaci\u00f3n. Este proyecto consiste en promover un espacio para la UNR, la UTN y nuestro \u00fanico Instituto Terciario N\u00ba24, para eso vamos a brindar toda la infraestructura y las gestiones que sean necesarias. Vamos a estimular a nuestros j\u00f3venes para que se destaquen en ciencia y tecnolog\u00eda, tenemos que brindar herramientas para igualar oportunidades, no queremos que la universidad este lejos, venimos a demostrar que la tercer ciudad de la provincia de la mano de la educaci\u00f3n puede marcar un cambio cualitativo. Vamos a hacer todo el esfuerzo para que cualquier joven que quiera progresar y crecer con sacrifico personal lo pueda realizar y tengan todos las mismas oportunidades sin que ninguno quede afuera de nuestro sistema educativo. Para ello contamos con el apoyo de la Universidad, del Gobierno Nacional y la experiencia de Baigorria, que nos anima a emprender este desaf\u00edo\u00bb.<\/p>\n<p>Por su parte el Rector de la UNR, Prof. Dar\u00edo Maiorana destac\u00f3: \u201cDistintas ciudades del sur de nuestra provincial han creado \u00e1mbitos para la educaci\u00f3n superior en distintas modalidades, hoy a trav\u00e9s de esta incitativa que hemos trabajo con el Presidente del Concejo Diego Garavano, Villa Gdor. G\u00e1lvez da un paso en ese sentido. Queremos traer ofertas educativas para adultos mayores, y personas que hayan finalizados la escuela secundaria, a trav\u00e9s de carreras curriculares con t\u00edtulo, cursos de captaci\u00f3n o cursos para los adultos mayores garantizando el derecho a la educaci\u00f3n continua. Este es un proyecto integral que trabajamos con el municipio de Villa Gdor. G\u00e1lvez por la cercan\u00eda del gobierno local en los problemas cotidianos\u00bb.<\/p>\n<p>Maiorana continu\u00f3 \u201chemos conversado con el Presidente del Concejo Diego Garavano para asociarnos en el desarrollo del proyecto del nuevo Polo Tecnol\u00f3gico industrial que esta proyectando. Tambi\u00e9n en aportar al desarrollo del Plan Estrat\u00e9gico Municipal para pensar los problemas urbanos que tiene la ciudad, de movilidad y de los servicios p\u00fablicos, hacia donde tiene que crecer la ciudad, pensar VGG en el \u00e1rea metropolitana y su desarrollo junto al ri\u00f3, cuestiones que deben tomase encuentra para pensar Villa Gdor. G\u00e1lvez a 20 a\u00f1os\u201d.<\/p>\n<p>En tanto el Secretario de Transporte de la Naci\u00f3n y candidato a vicegobernador de Santa Fe, Alejandro Ramos, destaco \u201chay una clara voluntad pol\u00edtica de Diego Garavano y su equipo de acercar la educaci\u00f3n, la universidad y el conocimiento a nuestro pueblo, para garantizar la igualdad de oportunidades, esa es la visi\u00f3n de ciudad que Villa Gdor. G\u00e1lvez necesita. \u00a0Tenemos la convicci\u00f3n que Villa Gdor. G\u00e1lvez es una ciudad muy importante, que debe liderar el desarrollo del corredor sur de nuestra provincia, con Diego Garavano al frente contando con todo nuestro apoyo y compromiso con todo lo que sea necesario para profundizar el plan de obras publica para VGG y la creaci\u00f3n de este Centro Universitario, con calidad educativa para nuestra chicos. Eso es lo que hoy venimos a expresar nuestro apoyo y compromiso con Garavano, se vienen tiempos de oportunidades y bienestar para los vecinos de Villa Gdor. G\u00e1lvez\u201d.<\/p>\n<h6>Fuente: Sin Mordaza<\/h6>\n","protected":false},"excerpt":{"rendered":"<p>El proyecto fue presentado por el Presidente del Concejo de Villa Gdor. G\u00e1lvez, Diego Garavano, el Rector de la UNR Dar\u00edo Maiorana y el Secretario de Transporte de la Naci\u00f3n Alejandro Ramos. El encuentro se desarroll\u00f3 en la sala de sesiones del cuerpo deliberativo de VGG, donde las autoridades nacionales y de la universidad junto<\/p>\n","protected":false},"author":2,"featured_media":30992,"comment_status":"closed","ping_status":"closed","sticky":false,"template":"","format":"standard","meta":{"footnotes":""},"categories":[2],"tags":[10],"class_list":["post-30991","post","type-post","status-publish","format-standard","has-post-thumbnail","hentry","category-informe-municipal","tag-santa-fe"],"_links":{"self":[{"href":"http:\/\/argentinamunicipal.com.ar\/argentina\/wp-json\/wp\/v2\/posts\/30991","targetHints":{"allow":["GET"]}}],"collection":[{"href":"http:\/\/argentinamunicipal.com.ar\/argentina\/wp-json\/wp\/v2\/posts"}],"about":[{"href":"http:\/\/argentinamunicipal.com.ar\/argentina\/wp-json\/wp\/v2\/types\/post"}],"author":[{"embeddable":true,"href":"http:\/\/argentinamunicipal.com.ar\/argentina\/wp-json\/wp\/v2\/users\/2"}],"replies":[{"embeddable":true,"href":"http:\/\/argentinamunicipal.com.ar\/argentina\/wp-json\/wp\/v2\/comments?post=30991"}],"version-history":[{"count":0,"href":"http:\/\/argentinamunicipal.com.ar\/argentina\/wp-json\/wp\/v2\/posts\/30991\/revisions"}],"wp:featuredmedia":[{"embeddable":true,"href":"http:\/\/argentinamunicipal.com.ar\/argentina\/wp-json\/wp\/v2\/media\/30992"}],"wp:attachment":[{"href":"http:\/\/argentinamunicipal.com.ar\/argentina\/wp-json\/wp\/v2\/media?parent=30991"}],"wp:term":[{"taxonomy":"category","embeddable":true,"href":"http:\/\/argentinamunicipal.com.ar\/argentina\/wp-json\/wp\/v2\/categories?post=30991"},{"taxonomy":"post_tag","embeddable":true,"href":"http:\/\/argentinamunicipal.com.ar\/argentina\/wp-json\/wp\/v2\/tags?post=30991"}],"curies":[{"name":"wp","href":"https:\/\/api.w.org\/{rel}","templated":true}]}}