{"id":31030,"date":"2015-06-08T09:16:54","date_gmt":"2015-06-08T12:16:54","guid":{"rendered":"http:\/\/argentinamunicipal.com.ar\/argentina\/?p=31030"},"modified":"2015-06-08T09:16:54","modified_gmt":"2015-06-08T12:16:54","slug":"empresas-locales-se-suman-al-proyecto-de-la-escuela-municipal-de-educacion-vial-en-concordia","status":"publish","type":"post","link":"http:\/\/argentinamunicipal.com.ar\/argentina\/empresas-locales-se-suman-al-proyecto-de-la-escuela-municipal-de-educacion-vial-en-concordia\/","title":{"rendered":"Empresas locales se suman al proyecto de la Escuela Municipal de Educaci\u00f3n Vial en Concordia"},"content":{"rendered":"<div id=\"attachment_31031\" style=\"width: 566px\" class=\"wp-caption aligncenter\"><a href=\"http:\/\/argentinamunicipal.com.ar\/argentina\/wp-content\/uploads\/2015\/06\/educacion-vial-en-el-autodromo.jpg\"><img loading=\"lazy\" decoding=\"async\" aria-describedby=\"caption-attachment-31031\" class=\" wp-image-31031\" src=\"http:\/\/argentinamunicipal.com.ar\/argentina\/wp-content\/uploads\/2015\/06\/educacion-vial-en-el-autodromo.jpg\" alt=\"KODAK SMART LENS Camera\" width=\"556\" height=\"332\" srcset=\"http:\/\/argentinamunicipal.com.ar\/argentina\/wp-content\/uploads\/2015\/06\/educacion-vial-en-el-autodromo.jpg 800w, http:\/\/argentinamunicipal.com.ar\/argentina\/wp-content\/uploads\/2015\/06\/educacion-vial-en-el-autodromo-300x179.jpg 300w\" sizes=\"auto, (max-width: 556px) 100vw, 556px\" \/><\/a><p id=\"caption-attachment-31031\" class=\"wp-caption-text\">KODAK SMART LENS Camera<\/p><\/div>\n<p>El proyecto del Parque Escuela Municipal de Educaci\u00f3n Vial fue presentado en detalle ante representantes de las principales empresas locales, como automotrices, aseguradoras y supermercados, quienes se mostraron interesados en formar parte de la gesti\u00f3n del Parque que se emplazar\u00e1 en el predio del Aut\u00f3dromo<\/p>\n<p>La iniciativa busca crear el primer organismo municipal de educaci\u00f3n vial para adolescentes, que impartir\u00e1 clases te\u00f3ricas y pr\u00e1cticas en la curr\u00edcula educativa oficial.Ya confirm\u00f3 su colaboraci\u00f3n la categor\u00eda TOP RACE.<\/p>\n<p>La Municipalidad de Concordia, a trav\u00e9s de la Subsecretar\u00eda de Gobierno, avanza con el proyecto para construir el Parque Escuela Municipal de Educaci\u00f3n Vial, que ser\u00e1 el primero de la provincia de Entre R\u00edos y funcionar\u00e1 en el Aut\u00f3dromo de la ciudad. El proyecto es encarado en conjunto con el Automoto Club, Nadia Cutro y el Rotary Club, contando con la participaci\u00f3n de integrantes del equipo de Educaci\u00f3n Vial de la Direcci\u00f3n de Tr\u00e1nsito municipal.<\/p>\n<p>El Parque Escuela ofrecer\u00e1, en coordinaci\u00f3n con escuelas secundarias, clases te\u00f3ricas y pr\u00e1cticas gratuitas a modo de preparaci\u00f3n previa para la solicitud del carnet de conductor.<\/p>\n<p>Esta semana fue presentado por los responsables ante una veintena de empresarios locales que conocieron detalles de la implementaci\u00f3n del Parque Escuela en una parte del predio del Aut\u00f3dromo especialmente destinada para su emplazamiento.<\/p>\n<p>Entre los aspectos m\u00e1s significativos, se destaca que la gesti\u00f3n del Parque Escuela estar\u00e1 a cargo de un Ente Mixto conformado por distintos actores de la comunidad. Para ello, ya fue presentado un proyecto al Concejo Deliberante. Tambi\u00e9n se present\u00f3 el esquema educativo que tendr\u00e1 la Escuela, con los horarios y turnos asignados a cada instituci\u00f3n. Adem\u00e1s, se detall\u00f3 sobre el presupuesto necesario para concretarlo y se solicit\u00f3 a los empresarios donaciones para tal fin.<\/p>\n<p>Los empresarios se mostraron interesados y celebraron la iniciativa, comprometi\u00e9ndose ya en algunos casos a colaborar con recursos como pintura, se\u00f1alizaci\u00f3n, veh\u00edculos, sem\u00e1foros, etc.<\/p>\n<p>Entre los que manifestaron p\u00fablicamente su apoyo se encuentra el representante de la categor\u00eda TOP RACE, que se correr\u00e1 en Concordia la pr\u00f3xima semana y quien se comprometi\u00f3 a colaborar con el mobiliario necesario para equipar el aula para la capacitaci\u00f3n te\u00f3rica.<\/p>\n<p>\u201cEste es un proyecto impulsado por el intendente, quien nos pidi\u00f3 expresamente que lo implementemos de manera interdisciplinaria, y por eso llevamos ya m\u00e1s de cinco encuentros en pista definiendo detalles y ahora hicimos la presentaci\u00f3n formal con los empresarios para solicitarles su participaci\u00f3n activa y su compromiso en el marco de los programas de Responsabilidad Social Empresaria\u201d, explic\u00f3 Mabel Barrios, subsecretaria de Gobierno de la Municipalidad de Concordia.<\/p>\n<p>El programa de responsabilidad social empresaria que se les propuso a los empresarios contempla el aporte de materiales, en distintos niveles, y siempre trat\u00e1ndose de recursos y no de dinero. A cambio, se les ofrece presencia publicitaria en la pista del Aut\u00f3dromo.<\/p>\n<h6>Fuente: APF Digital<\/h6>\n","protected":false},"excerpt":{"rendered":"<p>El proyecto del Parque Escuela Municipal de Educaci\u00f3n Vial fue presentado en detalle ante representantes de las principales empresas locales, como automotrices, aseguradoras y supermercados, quienes se mostraron interesados en formar parte de la gesti\u00f3n del Parque que se emplazar\u00e1 en el predio del Aut\u00f3dromo La iniciativa busca crear el primer organismo municipal de educaci\u00f3n<\/p>\n","protected":false},"author":2,"featured_media":31031,"comment_status":"closed","ping_status":"closed","sticky":false,"template":"","format":"standard","meta":{"footnotes":""},"categories":[2],"tags":[17],"class_list":["post-31030","post","type-post","status-publish","format-standard","has-post-thumbnail","hentry","category-informe-municipal","tag-entre-rios"],"_links":{"self":[{"href":"http:\/\/argentinamunicipal.com.ar\/argentina\/wp-json\/wp\/v2\/posts\/31030","targetHints":{"allow":["GET"]}}],"collection":[{"href":"http:\/\/argentinamunicipal.com.ar\/argentina\/wp-json\/wp\/v2\/posts"}],"about":[{"href":"http:\/\/argentinamunicipal.com.ar\/argentina\/wp-json\/wp\/v2\/types\/post"}],"author":[{"embeddable":true,"href":"http:\/\/argentinamunicipal.com.ar\/argentina\/wp-json\/wp\/v2\/users\/2"}],"replies":[{"embeddable":true,"href":"http:\/\/argentinamunicipal.com.ar\/argentina\/wp-json\/wp\/v2\/comments?post=31030"}],"version-history":[{"count":0,"href":"http:\/\/argentinamunicipal.com.ar\/argentina\/wp-json\/wp\/v2\/posts\/31030\/revisions"}],"wp:featuredmedia":[{"embeddable":true,"href":"http:\/\/argentinamunicipal.com.ar\/argentina\/wp-json\/wp\/v2\/media\/31031"}],"wp:attachment":[{"href":"http:\/\/argentinamunicipal.com.ar\/argentina\/wp-json\/wp\/v2\/media?parent=31030"}],"wp:term":[{"taxonomy":"category","embeddable":true,"href":"http:\/\/argentinamunicipal.com.ar\/argentina\/wp-json\/wp\/v2\/categories?post=31030"},{"taxonomy":"post_tag","embeddable":true,"href":"http:\/\/argentinamunicipal.com.ar\/argentina\/wp-json\/wp\/v2\/tags?post=31030"}],"curies":[{"name":"wp","href":"https:\/\/api.w.org\/{rel}","templated":true}]}}