{"id":31046,"date":"2015-06-08T09:37:44","date_gmt":"2015-06-08T12:37:44","guid":{"rendered":"http:\/\/argentinamunicipal.com.ar\/argentina\/?p=31046"},"modified":"2015-06-08T09:37:44","modified_gmt":"2015-06-08T12:37:44","slug":"ushuaia-fue-seleccionada-como-ciudad-ejemplar","status":"publish","type":"post","link":"http:\/\/argentinamunicipal.com.ar\/argentina\/ushuaia-fue-seleccionada-como-ciudad-ejemplar\/","title":{"rendered":"Ushuaia fue seleccionada como ciudad ejemplar"},"content":{"rendered":"<p><a href=\"http:\/\/argentinamunicipal.com.ar\/argentina\/wp-content\/uploads\/2015\/06\/557508331596f_724_407.jpg\"><img loading=\"lazy\" decoding=\"async\" class=\"aligncenter  wp-image-31047\" src=\"http:\/\/argentinamunicipal.com.ar\/argentina\/wp-content\/uploads\/2015\/06\/557508331596f_724_407.jpg\" alt=\"557508331596f_724_407!\" width=\"665\" height=\"374\" srcset=\"http:\/\/argentinamunicipal.com.ar\/argentina\/wp-content\/uploads\/2015\/06\/557508331596f_724_407.jpg 724w, http:\/\/argentinamunicipal.com.ar\/argentina\/wp-content\/uploads\/2015\/06\/557508331596f_724_407-300x169.jpg 300w\" sizes=\"auto, (max-width: 665px) 100vw, 665px\" \/><\/a><\/p>\n<p>La noticia fue dada el viernes cuando se realiz\u00f3 el juramento ambiental de ni\u00f1os por el D\u00eda Mundial del Ambiente. El intendente Sciurano anunci\u00f3 que la ciudad fue seleccionada por el proyecto presentado \u201cUshuaia Ciudad Verde\u201d para una Feria Internacional que se realizar\u00e1 en Francia del 13 al 15 de octubre.<\/p>\n<p>Con el motivo de celebrar la 2da Jura Ambiental en la provincia, se llev\u00f3 a cabo un acto el pasado viernes en el cual ni\u00f1os de diferentes escuelas proclamaron su amor por la tierra y el cuidado a la misma. La jura ambiental cont\u00f3 con la presencia de los promotores activos en la isla del cuidado ambiental, el actor fueguino Mariano Torre y la reconocida cantante Elena Roger.<\/p>\n<p>En este nuevo juramento, ni\u00f1os de diferentes instituciones educativas afirmaron su compromiso con la protecci\u00f3n de la naturaleza y el entorno.<\/p>\n<p>Durante el evento, el Intendente Sciurano dijo que \u201cen este D\u00eda del Ambiente queremos dar a conocer a todos los que vivimos en Ushuaia una gran noticia: hace pocos d\u00edas nos confirmaron que a partir de un trabajo que se hizo, llamado Ushuaia Ciudad Verde, que habla sobre el tratamiento de residuos s\u00f3lidos urbanos, relleno sanitario, programa Ushuaia Recicla, Juramento Ambiental, Ushuaia Magn\u00edfica y Nave Tierra, la ciudad fue seleccionada como Ciudad Ejemplar y Sostenible entre varias ciudades del mundo\u201d.<\/p>\n<p>El mandatario prosigui\u00f3 diciendo que \u201cfue un trabajo que present\u00f3 la gente que trabaja en la Municipalidad y que fue evaluado por una instituci\u00f3n internacional. Gracias a la presentaci\u00f3n nos convocaron en el marco del Congreso de Mundo Eficiente a presentar el trabajo y la ciudad fue seleccionada como Ciudad Ejemplar y Sostenible entre varios lugares del mundo, para presentar la pol\u00edtica de acci\u00f3n p\u00fablica sostenible en materia de dise\u00f1o urbano\u201d.<\/p>\n<p>\u201cEste fue un logro que conseguimos entre todos con un gran trabajo del personal municipal y sabiendo de d\u00f3nde ven\u00edamos y hacia d\u00f3nde vamos. Es una enorme alegr\u00eda que queremos compartir en este D\u00eda del Ambiente con todos los que vivimos en Ushuaia y agradecerle a todos los que directa e indirectamente trabajaron para que lleguemos hoy a este lugar\u201d, destac\u00f3 el Intendente.<\/p>\n<p><strong>Un Juramento muy especial<\/strong><\/p>\n<p>El Intendente coment\u00f3 que \u00abestamos muy orgullosos de que Nave Tierra sea una realidad y tengamos la suerte de que el juramento se haga en este icono de un planeta sustentable. Agradecemos tambi\u00e9n a Elena Roger y a Mariano Torre, quienes han sido un gran incentivo para poder potenciar el Ushuaia recicla, trabajar en la zona costera y transmitir un mensaje que no tiene fin y se puede sostener en el tiempo\u00bb.<\/p>\n<p>El emotivo acto estuvo lleno de significado en una b\u00fasqueda por madurar lo conceptos de patria, promesa y compromiso, recalcando la instancia en la que los ni\u00f1os prometen proteger al medioambiente, sus ecosistemas y todas las formas de vida manifiestas sobre la tierra.<\/p>\n<p>El actor Mariano Torre fue quien tom\u00f3 la palabra para comunicar el Juramento Ambiental, que versa \u201cHoy, a orillas de del Canal, teniendo a los bosques y a las monta\u00f1as como testigos; al zorro, a las bandurrias, a los lobos marinos y a las gaviotas como amigos. Con la mente lista y el coraz\u00f3n dispuesto, prometo conocer, a respetar y a hacer uso sustentable de los recursos naturales que nos rodean. Reconociendo la importancia del cuidado del medioambiente para la calidad de vida de la humanidad entera, prometo proteger los ecosistemas y la vida m\u00e1s all\u00e1 de las fronteras de los pa\u00edses que la naturaleza trasciende. Del Este al Oeste, de Norte a Sur, prometo amar y respetar cada rinc\u00f3n de esta tierra que nos\u00bb.<\/p>\n<p>Por otro lado, el actor coment\u00f3 que \u00abyo nac\u00ed en esta ciudad y fui a infinidad de actos helados como hoy ustedes est\u00e1n ac\u00e1 y me emociona que hoy a mis 37 a\u00f1os, Ushuaia est\u00e9 haciendo un viraje desde donde ven\u00eda y empiece a mirar hacia un futuro verdadero que tiene que ver con preservar el planeta y la familia\u00bb.<\/p>\n<p>Estuvieron presentes acompa\u00f1ando a los ni\u00f1os, el Intendente de la ciudad Federico Sciurano, el secretario de Gobierno Oscar Rubinos, el secretario de Promoci\u00f3n, Desarrollo Social y Derechos Juan Manuel Romano, junto al Secretario de Desarrollo y Gesti\u00f3n Urbana Juan Munaf\u00f3, la secretaria de Cultura y Educaci\u00f3n M\u00f3nica S\u00e1ndali No\u00e9, la responsable del programa Ushuaia Recicla Gabriela Sosa, el secretario de Hacienda y Finanzas Sebasti\u00e1n Robel\u00edn, el concejal por la Uni\u00f3n C\u00edvica Radical Walter Gambadoro y autoridades del \u00c1rea Naval Austral.<\/p>\n<p>El objetivo m\u00e1ximo del juramento ambiental es sembrar en cada ni\u00f1o el compromiso de cuidar su entorno. Uno de los mayores desaf\u00edos consiste en fomentar actos saludables y practicas sustentables los que requieren la participaci\u00f3n activa de todos los sectores del Estado, organizaciones no gubernamentales y de toda la poblaci\u00f3n en su conjunto, pero con este acto se intent\u00f3 reconocer a los ni\u00f1os de la ciudad como los verdaderos agentes del cambio.<\/p>\n<h6>Fuente: Reporte Austral<\/h6>\n","protected":false},"excerpt":{"rendered":"<p>La noticia fue dada el viernes cuando se realiz\u00f3 el juramento ambiental de ni\u00f1os por el D\u00eda Mundial del Ambiente. El intendente Sciurano anunci\u00f3 que la ciudad fue seleccionada por el proyecto presentado \u201cUshuaia Ciudad Verde\u201d para una Feria Internacional que se realizar\u00e1 en Francia del 13 al 15 de octubre. Con el motivo de<\/p>\n","protected":false},"author":2,"featured_media":31047,"comment_status":"closed","ping_status":"closed","sticky":false,"template":"","format":"standard","meta":{"footnotes":""},"categories":[2],"tags":[34],"class_list":["post-31046","post","type-post","status-publish","format-standard","has-post-thumbnail","hentry","category-informe-municipal","tag-tierra-del-fuego"],"_links":{"self":[{"href":"http:\/\/argentinamunicipal.com.ar\/argentina\/wp-json\/wp\/v2\/posts\/31046","targetHints":{"allow":["GET"]}}],"collection":[{"href":"http:\/\/argentinamunicipal.com.ar\/argentina\/wp-json\/wp\/v2\/posts"}],"about":[{"href":"http:\/\/argentinamunicipal.com.ar\/argentina\/wp-json\/wp\/v2\/types\/post"}],"author":[{"embeddable":true,"href":"http:\/\/argentinamunicipal.com.ar\/argentina\/wp-json\/wp\/v2\/users\/2"}],"replies":[{"embeddable":true,"href":"http:\/\/argentinamunicipal.com.ar\/argentina\/wp-json\/wp\/v2\/comments?post=31046"}],"version-history":[{"count":0,"href":"http:\/\/argentinamunicipal.com.ar\/argentina\/wp-json\/wp\/v2\/posts\/31046\/revisions"}],"wp:featuredmedia":[{"embeddable":true,"href":"http:\/\/argentinamunicipal.com.ar\/argentina\/wp-json\/wp\/v2\/media\/31047"}],"wp:attachment":[{"href":"http:\/\/argentinamunicipal.com.ar\/argentina\/wp-json\/wp\/v2\/media?parent=31046"}],"wp:term":[{"taxonomy":"category","embeddable":true,"href":"http:\/\/argentinamunicipal.com.ar\/argentina\/wp-json\/wp\/v2\/categories?post=31046"},{"taxonomy":"post_tag","embeddable":true,"href":"http:\/\/argentinamunicipal.com.ar\/argentina\/wp-json\/wp\/v2\/tags?post=31046"}],"curies":[{"name":"wp","href":"https:\/\/api.w.org\/{rel}","templated":true}]}}