{"id":31049,"date":"2015-06-08T09:42:50","date_gmt":"2015-06-08T12:42:50","guid":{"rendered":"http:\/\/argentinamunicipal.com.ar\/argentina\/?p=31049"},"modified":"2015-06-08T09:42:50","modified_gmt":"2015-06-08T12:42:50","slug":"cristina-tras-reunirse-con-francisco-los-dos-creemos-en-un-mundo-multipolar","status":"publish","type":"post","link":"http:\/\/argentinamunicipal.com.ar\/argentina\/cristina-tras-reunirse-con-francisco-los-dos-creemos-en-un-mundo-multipolar\/","title":{"rendered":"Cristina tras reunirse con Francisco: \u00abLos dos creemos en un mundo multipolar\u00bb"},"content":{"rendered":"<p><a href=\"http:\/\/argentinamunicipal.com.ar\/argentina\/wp-content\/uploads\/2015\/06\/117104.jpg\"><img loading=\"lazy\" decoding=\"async\" class=\"aligncenter size-full wp-image-31050\" src=\"http:\/\/argentinamunicipal.com.ar\/argentina\/wp-content\/uploads\/2015\/06\/117104.jpg\" alt=\"117104\" width=\"621\" height=\"465\" srcset=\"http:\/\/argentinamunicipal.com.ar\/argentina\/wp-content\/uploads\/2015\/06\/117104.jpg 621w, http:\/\/argentinamunicipal.com.ar\/argentina\/wp-content\/uploads\/2015\/06\/117104-300x225.jpg 300w\" sizes=\"auto, (max-width: 621px) 100vw, 621px\" \/><\/a><br \/>\nLa presidenta Cristina Fern\u00e1ndez de Kirchner asegur\u00f3 que la reuni\u00f3n de 1 hora y 48 minutos que mantuvo con el papa Francisco en el Vaticano fue \u00abcomo siempre, un encuentro estupendo\u00bb y expres\u00f3: \u00ablos dos creemos en un mundo multipolar\u00bb.<\/p>\n<p>\u00abFue muy bueno, y fue en domingo, a diferencia de otras veces que he venido y ustedes saben que para los cat\u00f3licos el domingo es un d\u00eda de descanso\u00bb, asegur\u00f3 la mandataria en una rueda de prensa en el hotel Ed\u00e9n tras el encuentro con Francisco en el Aula Paulo VI de la Santa Sede de esta tarde.<\/p>\n<p>Cristina recalc\u00f3 que \u00abfue una reuni\u00f3n muy c\u00e1lida, muy cordial. Estuvimos charlando sobre los problemas del mundo y de la regi\u00f3n. La visita del Papa de ayer a Sarajevo, su preocupaci\u00f3n por lo que considera que est\u00e1 sucediendo, como \u00e9l dijo, una tercera guerra mundial\u00bb.<\/p>\n<p>\u00abY tambi\u00e9n hablamos de la preocupaci\u00f3n que los dos tenemos por la paz y tambi\u00e9n del incentivo que hay muchas veces desde el sector armament\u00edstico, como \u00e9l lo ha denunciado, para que surjan los conflictos y no se solucionen\u00bb, revel\u00f3 la mandataria en rueda de prensa tras la reuni\u00f3n que los medios especializados como el Vatican Insider resaltaron como \u00abr\u00e9cord\u00bb por su duraci\u00f3n.<\/p>\n<p>\u00abYo creo en un mundo multipolar, \u00e9l tambi\u00e9n lo cree. Nos preocupa un mundo sacudido por fanatismos, que podemos decir que esto en Argentina afortunadamente no sucede\u00bb, explic\u00f3 la Presidenta en esa direcci\u00f3n.<\/p>\n<p>La jefa de Estado agreg\u00f3 que \u00abcuando nos encontramos con el Papa nos gusta hablar mucho de lo regional, de lo global, y lo mejor es que lo hacemos sin esfuerzo. No es que nos esforzamos por no hablar de temas de la Argentina. No lo hacemos porque \u00e9l hoy tiene un rol global y segundo porque ustedes saben que a m\u00ed la pol\u00edtica internacional y regional me gusta mucho, me interesa y la vivo con mucha intensidad\u00bb, expres\u00f3 Cristina en la rueda de prensa luego del encuentro con Francisco y de una reuni\u00f3n con argentinos residentes en Italia.<\/p>\n<p>\u00abEl Papa est\u00e1 muy preocupado por lo que pasa en el mundo y Am\u00e9rica Latina es una regi\u00f3n que se ha consolidado como una regi\u00f3n de paz, en la que no hay diferencias \u00e9tnicas ni religiosas. Y eso es lo que \u00e9l acaba de venir de ver en Sarajevo, que es casi la contracara de lo que pasa en nuestra regi\u00f3n. Es eso lo que debemos conservar como valor y la unidad, con nuestros matices\u00bb, pidi\u00f3 Cristina.<\/p>\n<p>La Presidenta agreg\u00f3 que \u00abhay intereses encaminados a ver a una Am\u00e9rica Latina dividida sobre la que han pivoteado durante d\u00e9cadas para pol\u00edticas neoliberales, pero yo creo que la regi\u00f3n ha tenido una experiencia muy importante durante la ultima d\u00e9cada y m\u00e1s tambi\u00e9n\u00bb, asever\u00f3.<\/p>\n<p>Ante una pregunta sobre si con el Papa hab\u00edan hablado de temas de la Argentina como por ejemplo el proceso electoral argentino y las PASO, la Presidenta respondi\u00f3: \u00abNo, no hablamos. Imag\u00ednense, con todos los problemas que hay, con todo lo que ha pasado; su participaci\u00f3n en Cuba, su viaje a Bolivia, su viaje de ayer a Sarajevo, su lucha por la paz&#8230; venir a hablar de las PASO no se lo merec\u00eda ni \u00e9l ni yo\u00bb, explic\u00f3 la jefa de Estado, y revel\u00f3 que de la Argentina \u00absolo hablamos de la (restauraci\u00f3n de la) Bas\u00edlica de Luj\u00e1n y el sable corvo de San Mart\u00edn\u00bb.<\/p>\n<p>\u00abHablamos de la Bas\u00edlica de Luj\u00e1n y del traslado del sable corvo de San Mart\u00edn, que fue algo muy emotivo y que a \u00e9l le pareci\u00f3 fant\u00e1stico por la revalorizaci\u00f3n de la historia y de la patria para todos los argentinos\u00bb, desarroll\u00f3 la presidenta al aludir al acto realizado durante los festejos de la Semana de Mayo.<\/p>\n<p>Tambi\u00e9n se refiri\u00f3 a la mirada sobre la regi\u00f3n en Europa: \u00aba partir de los gobiernos de Kirchner, de Ch\u00e1vez, de Lula, la gente fue comprendiendo a Am\u00e9rica Latina de manera diferente, y ah\u00ed los peronistas contribuimos un poquito. La nueva realidad de Europa es totalmente diferente que parec\u00eda que el sue\u00f1o era venir ac\u00e1. Yo me acordaba cuando era diputada y senadora, en 2001, y trabajaban los coleros para gente que se quer\u00eda ir a Espa\u00f1a o a Italia, y la verdad es que ha cambiado tanto. hay una nueva comprensi\u00f3n del fen\u00f3meno latinoamericano que se viv\u00eda como algo ex\u00f3tico, y muy lejano\u00bb.<\/p>\n<p>Cristina estuvo acompa\u00f1ada durante su visita al Vaticano por el canciller, H\u00e9ctor Timerman; el embajador ante la Santa Sede, Eduardo F\u00e9lix Vald\u00e9s; el secretario de Comunicaci\u00f3n P\u00fablica, Alfredo Scoccimarro; el secretario de Culto, Guillermo Oliveri; el titular del Banco Naci\u00f3n, Juan Ignacio Forlon y el ministro de Agricultura, Carlos Casamiquela.<\/p>\n<p>Adem\u00e1s estuvieron presentes los sindicalistas Omar Viviani y Omar Su\u00e1rez; la titular del INCAA, Lucrecia Cardoso; el subsecretario de Comunicaci\u00f3n, Gustavo Fernando Russo y la periodista Alicia Barrios.<\/p>\n<h6>Fuente: T\u00e9lam<\/h6>\n","protected":false},"excerpt":{"rendered":"<p>La presidenta Cristina Fern\u00e1ndez de Kirchner asegur\u00f3 que la reuni\u00f3n de 1 hora y 48 minutos que mantuvo con el papa Francisco en el Vaticano fue \u00abcomo siempre, un encuentro estupendo\u00bb y expres\u00f3: \u00ablos dos creemos en un mundo multipolar\u00bb. \u00abFue muy bueno, y fue en domingo, a diferencia de otras veces que he venido<\/p>\n","protected":false},"author":2,"featured_media":31050,"comment_status":"closed","ping_status":"closed","sticky":false,"template":"","format":"standard","meta":{"footnotes":""},"categories":[8],"tags":[21],"class_list":["post-31049","post","type-post","status-publish","format-standard","has-post-thumbnail","hentry","category-informe-nacional","tag-argentina"],"_links":{"self":[{"href":"http:\/\/argentinamunicipal.com.ar\/argentina\/wp-json\/wp\/v2\/posts\/31049","targetHints":{"allow":["GET"]}}],"collection":[{"href":"http:\/\/argentinamunicipal.com.ar\/argentina\/wp-json\/wp\/v2\/posts"}],"about":[{"href":"http:\/\/argentinamunicipal.com.ar\/argentina\/wp-json\/wp\/v2\/types\/post"}],"author":[{"embeddable":true,"href":"http:\/\/argentinamunicipal.com.ar\/argentina\/wp-json\/wp\/v2\/users\/2"}],"replies":[{"embeddable":true,"href":"http:\/\/argentinamunicipal.com.ar\/argentina\/wp-json\/wp\/v2\/comments?post=31049"}],"version-history":[{"count":0,"href":"http:\/\/argentinamunicipal.com.ar\/argentina\/wp-json\/wp\/v2\/posts\/31049\/revisions"}],"wp:featuredmedia":[{"embeddable":true,"href":"http:\/\/argentinamunicipal.com.ar\/argentina\/wp-json\/wp\/v2\/media\/31050"}],"wp:attachment":[{"href":"http:\/\/argentinamunicipal.com.ar\/argentina\/wp-json\/wp\/v2\/media?parent=31049"}],"wp:term":[{"taxonomy":"category","embeddable":true,"href":"http:\/\/argentinamunicipal.com.ar\/argentina\/wp-json\/wp\/v2\/categories?post=31049"},{"taxonomy":"post_tag","embeddable":true,"href":"http:\/\/argentinamunicipal.com.ar\/argentina\/wp-json\/wp\/v2\/tags?post=31049"}],"curies":[{"name":"wp","href":"https:\/\/api.w.org\/{rel}","templated":true}]}}