{"id":31086,"date":"2015-06-09T08:54:58","date_gmt":"2015-06-09T11:54:58","guid":{"rendered":"http:\/\/argentinamunicipal.com.ar\/argentina\/?p=31086"},"modified":"2015-06-09T08:54:58","modified_gmt":"2015-06-09T11:54:58","slug":"carreros-de-parana-recibieron-motocarros-y-ya-son-40-los-que-circulan-por-la-ciudad","status":"publish","type":"post","link":"http:\/\/argentinamunicipal.com.ar\/argentina\/carreros-de-parana-recibieron-motocarros-y-ya-son-40-los-que-circulan-por-la-ciudad\/","title":{"rendered":"Carreros de Paran\u00e1 recibieron motocarros y ya son 40 los que circulan por la ciudad"},"content":{"rendered":"<p><a href=\"http:\/\/argentinamunicipal.com.ar\/argentina\/wp-content\/uploads\/2015\/06\/e_1433807776.jpg\"><img loading=\"lazy\" decoding=\"async\" class=\"aligncenter size-full wp-image-31087\" src=\"http:\/\/argentinamunicipal.com.ar\/argentina\/wp-content\/uploads\/2015\/06\/e_1433807776.jpg\" alt=\"e_1433807776\" width=\"432\" height=\"324\" srcset=\"http:\/\/argentinamunicipal.com.ar\/argentina\/wp-content\/uploads\/2015\/06\/e_1433807776.jpg 432w, http:\/\/argentinamunicipal.com.ar\/argentina\/wp-content\/uploads\/2015\/06\/e_1433807776-300x225.jpg 300w\" sizes=\"auto, (max-width: 432px) 100vw, 432px\" \/><\/a><br \/>\nEste lunes, 23 familias entregaron sus caballos, potrillos y yeguas pre\u00f1adas para acceder a los motocarros. Los carreros los estrenaron esta tarde en el Parque Urquiza, en medio de un clima de emoci\u00f3n y alegr\u00eda, supo Elonce TV.<\/p>\n<p>Veintitr\u00e9s familias entregaron este lunes sus caballos, potrillos y yeguas pre\u00f1adas para acceder a los motocarros. En medio de un clima de alegr\u00eda y emoci\u00f3n, esta tarde los carreros los estrenaron en el Parque Urquiza.<\/p>\n<p>Tras recibir su moto, Ricardo Jos\u00e9, de barrio Los Arenales, cont\u00f3 a Elonce TV que \u201cel trabajo ser\u00e1 el mismo, pero voy a ver si puedo encontrar otro trabajo. Quiero hacer fletes en un corral\u00f3n, proyectamos mucho. Somos seis personas en mi familia, la m\u00e1s chica estaba triste porque entregamos el caballo, pero ya ten\u00eda 18 a\u00f1os y necesitaba descansar\u201d.<\/p>\n<p>Por su parte, Roberto, quien vive en barrio Gaucho Rivero junto a sus ocho hijos y su esposa, se\u00f1al\u00f3 que \u201cahora vamos a trabajar mejor porque esto nos da m\u00e1s oportunidades. Estamos todos muy contentos\u201d.<\/p>\n<p>En el lugar tambi\u00e9n estuvo presente \u00c1ngel Fabio, uno de los primeros carreros que hace dos a\u00f1os entreg\u00f3 su caballo y recibi\u00f3 un motocarro. En el marco del programa municipal Recuperadores de Derechos, tuvo la posibilidad de capacitar a quienes este lunes recibieron su moto y relat\u00f3 a Elonce TV que \u201clos beneficios son muchos: se circula m\u00e1s tranquilo, la gente nos mira diferente, se para a hablar con nosotros. Yo obtuve mejor calidad de vida, tengo m\u00e1s tiempo para estar en mi casa y rindo m\u00e1s en el trabajo, ahora vivo de fletes\u201d.<\/p>\n<p>Adem\u00e1s, Sergio Daniel Granetto, secretario de Gobierno de la Municipalidad de Paran\u00e1, manifest\u00f3 a Elonce TV que gran cantidad de comerciantes avalan la iniciativa y apoyan la recolecci\u00f3n en el microcentro. Indic\u00f3 que se trata de una pol\u00edtica que \u201cexpresa mucho amor por la gente, los animales y el medio ambiente. Se busca dignificar el trabajo de las personas\u201d. En ese sentido, asegur\u00f3 que la inversi\u00f3n se acerca al mill\u00f3n de pesos y que gestionan m\u00e1s motocarros. \u201cEs una soluci\u00f3n pero falta bastante\u201d, consider\u00f3.<\/p>\n<p>Asimismo, Florencia Amore, secretaria de Derechos Humanos, Salud y Educaci\u00f3n de la Municipalidad, explic\u00f3 que con esta tercera entrega son 40 los motocarros que circulan por la ciudad y agreg\u00f3 que \u201ces una pol\u00edtica de inclusi\u00f3n social que se ha sostenido en el tiempo y mejor\u00f3 la vida de las familias\u201d.<\/p>\n<h6>Fuente: El Once<\/h6>\n","protected":false},"excerpt":{"rendered":"<p>Este lunes, 23 familias entregaron sus caballos, potrillos y yeguas pre\u00f1adas para acceder a los motocarros. Los carreros los estrenaron esta tarde en el Parque Urquiza, en medio de un clima de emoci\u00f3n y alegr\u00eda, supo Elonce TV. Veintitr\u00e9s familias entregaron este lunes sus caballos, potrillos y yeguas pre\u00f1adas para acceder a los motocarros. En<\/p>\n","protected":false},"author":2,"featured_media":31087,"comment_status":"closed","ping_status":"closed","sticky":false,"template":"","format":"standard","meta":{"footnotes":""},"categories":[2],"tags":[17],"class_list":["post-31086","post","type-post","status-publish","format-standard","has-post-thumbnail","hentry","category-informe-municipal","tag-entre-rios"],"_links":{"self":[{"href":"http:\/\/argentinamunicipal.com.ar\/argentina\/wp-json\/wp\/v2\/posts\/31086","targetHints":{"allow":["GET"]}}],"collection":[{"href":"http:\/\/argentinamunicipal.com.ar\/argentina\/wp-json\/wp\/v2\/posts"}],"about":[{"href":"http:\/\/argentinamunicipal.com.ar\/argentina\/wp-json\/wp\/v2\/types\/post"}],"author":[{"embeddable":true,"href":"http:\/\/argentinamunicipal.com.ar\/argentina\/wp-json\/wp\/v2\/users\/2"}],"replies":[{"embeddable":true,"href":"http:\/\/argentinamunicipal.com.ar\/argentina\/wp-json\/wp\/v2\/comments?post=31086"}],"version-history":[{"count":0,"href":"http:\/\/argentinamunicipal.com.ar\/argentina\/wp-json\/wp\/v2\/posts\/31086\/revisions"}],"wp:featuredmedia":[{"embeddable":true,"href":"http:\/\/argentinamunicipal.com.ar\/argentina\/wp-json\/wp\/v2\/media\/31087"}],"wp:attachment":[{"href":"http:\/\/argentinamunicipal.com.ar\/argentina\/wp-json\/wp\/v2\/media?parent=31086"}],"wp:term":[{"taxonomy":"category","embeddable":true,"href":"http:\/\/argentinamunicipal.com.ar\/argentina\/wp-json\/wp\/v2\/categories?post=31086"},{"taxonomy":"post_tag","embeddable":true,"href":"http:\/\/argentinamunicipal.com.ar\/argentina\/wp-json\/wp\/v2\/tags?post=31086"}],"curies":[{"name":"wp","href":"https:\/\/api.w.org\/{rel}","templated":true}]}}