{"id":31089,"date":"2015-06-09T08:57:56","date_gmt":"2015-06-09T11:57:56","guid":{"rendered":"http:\/\/argentinamunicipal.com.ar\/argentina\/?p=31089"},"modified":"2015-06-09T08:57:56","modified_gmt":"2015-06-09T11:57:56","slug":"se-inauguro-en-san-jose-una-plaza-disenada-junto-a-los-ninos","status":"publish","type":"post","link":"http:\/\/argentinamunicipal.com.ar\/argentina\/se-inauguro-en-san-jose-una-plaza-disenada-junto-a-los-ninos\/","title":{"rendered":"Se inaugur\u00f3 en San Jos\u00e9 una plaza dise\u00f1ada junto a los ni\u00f1os"},"content":{"rendered":"<p><a href=\"http:\/\/argentinamunicipal.com.ar\/argentina\/wp-content\/uploads\/2015\/06\/08_sanjose_plazasanmiguel_in.jpg\"><img loading=\"lazy\" decoding=\"async\" class=\"aligncenter size-full wp-image-31090\" src=\"http:\/\/argentinamunicipal.com.ar\/argentina\/wp-content\/uploads\/2015\/06\/08_sanjose_plazasanmiguel_in.jpg\" alt=\"08_sanjose_plazasanmiguel_in\" width=\"640\" height=\"427\" srcset=\"http:\/\/argentinamunicipal.com.ar\/argentina\/wp-content\/uploads\/2015\/06\/08_sanjose_plazasanmiguel_in.jpg 640w, http:\/\/argentinamunicipal.com.ar\/argentina\/wp-content\/uploads\/2015\/06\/08_sanjose_plazasanmiguel_in-300x200.jpg 300w\" sizes=\"auto, (max-width: 640px) 100vw, 640px\" \/><\/a><br \/>\nEl proyecto naci\u00f3 como necesidad de un espacio p\u00fablico y fue llevado adelante por la Municipalidad y la Asociaci\u00f3n Civil Impulsar. En la inauguraci\u00f3n hubo m\u00fasica, chocolatada y facturas.<\/p>\n<p>Desde la maqueta de la plaza y la planificaci\u00f3n del espacio, hasta la realizaci\u00f3n del cartel, fue dise\u00f1ado junto a los ni\u00f1os del barrio, un parque infantil que qued\u00f3 inaugurado este s\u00e1bado en barrio San Miguel.<\/p>\n<p>Se ubica en Centenario y Primero de Mayo, concretado a trav\u00e9s de un proyecto que vincula a la Municipalidad de San Jos\u00e9, la Asociaci\u00f3n Civil Impulsar y las \u00e1reas nacional y local de Ni\u00f1ez, Adolescencia y Familia. Estuvo presente el Intendente, Pablo Canali, acompa\u00f1ado por la viceintendenta, Irma Monjo, funcionarios y vecinos.<\/p>\n<p>\u00abHoy venimos a dar cumplido este compromiso de poder hacer este parquecito para los chicos\u00bb expres\u00f3 Canali, quien tambi\u00e9n dijo sentirse \u00abplenamente satisfecho porque verdaderamente cuando uno ve a los chicos jugando ve acabadamente cual es el objetivo de los parques\u00bb.<\/p>\n<p>El presidente municipal agreg\u00f3 adem\u00e1s: \u00abVerlos felices cerca de sus casas da mucha satisfacci\u00f3n a quienes han tomado la decisi\u00f3n de llevar este parque adelante\u00bb.<\/p>\n<p>Y pidi\u00f3: \u00abQue lo disfruten, cu\u00eddenlo entre todos los vecinos, son ustedes los due\u00f1os de esto, apr\u00f3piense de este espacio\u00bb sostuvo el intendente sanjosesino.<\/p>\n<p><strong>El juego, un derecho<\/strong><\/p>\n<p>La responsable del \u00e1rea Ni\u00f1ez, Adolescencia y Familia de la Municipalidad, Paula Fern\u00e1ndez, explic\u00f3 por su parte: \u00abCuando Impulsar hizo un relevamiento en los barrios hace unos a\u00f1os, fue un pedido de todos que en barrio San Miguel haya un espacio para el juego un parque propio\u00bb.<\/p>\n<p>\u00abEn esto nos unimos presentando el proyecto en la Secretar\u00eda Nacional de Ni\u00f1ez para que con este financiamiento pudimos hacer que entre todos construyamos esto\u00bb indic\u00f3.<\/p>\n<p>Y agreg\u00f3 a su vez: \u00abLos grandes somos los que debemos brindar los espacios y los tiempos para el juego que es un derecho de todo ni\u00f1o y ni\u00f1a\u00bb.<\/p>\n<p>Se invit\u00f3 adem\u00e1s a \u00abpoder conservar y cuidar este espacio que es la construcci\u00f3n de todos\u00bb.<\/p>\n<p>Los presentes pudieron disfrutar de las an\u00e9cdotas de \u00abDo\u00f1a \u00d1ata\u00bb, t\u00edteres de tama\u00f1o humano, m\u00fasica a cargo del taller de canto y guitarra y expresi\u00f3n art\u00edstica del taller de arte de Casa de la Cultura. Tambi\u00e9n se comparti\u00f3 un rico chocolate y facturas.<\/p>\n<h6>Fuente: El Once<\/h6>\n","protected":false},"excerpt":{"rendered":"<p>El proyecto naci\u00f3 como necesidad de un espacio p\u00fablico y fue llevado adelante por la Municipalidad y la Asociaci\u00f3n Civil Impulsar. En la inauguraci\u00f3n hubo m\u00fasica, chocolatada y facturas. Desde la maqueta de la plaza y la planificaci\u00f3n del espacio, hasta la realizaci\u00f3n del cartel, fue dise\u00f1ado junto a los ni\u00f1os del barrio, un parque<\/p>\n","protected":false},"author":2,"featured_media":31090,"comment_status":"closed","ping_status":"closed","sticky":false,"template":"","format":"standard","meta":{"footnotes":""},"categories":[2],"tags":[17],"class_list":["post-31089","post","type-post","status-publish","format-standard","has-post-thumbnail","hentry","category-informe-municipal","tag-entre-rios"],"_links":{"self":[{"href":"http:\/\/argentinamunicipal.com.ar\/argentina\/wp-json\/wp\/v2\/posts\/31089","targetHints":{"allow":["GET"]}}],"collection":[{"href":"http:\/\/argentinamunicipal.com.ar\/argentina\/wp-json\/wp\/v2\/posts"}],"about":[{"href":"http:\/\/argentinamunicipal.com.ar\/argentina\/wp-json\/wp\/v2\/types\/post"}],"author":[{"embeddable":true,"href":"http:\/\/argentinamunicipal.com.ar\/argentina\/wp-json\/wp\/v2\/users\/2"}],"replies":[{"embeddable":true,"href":"http:\/\/argentinamunicipal.com.ar\/argentina\/wp-json\/wp\/v2\/comments?post=31089"}],"version-history":[{"count":0,"href":"http:\/\/argentinamunicipal.com.ar\/argentina\/wp-json\/wp\/v2\/posts\/31089\/revisions"}],"wp:featuredmedia":[{"embeddable":true,"href":"http:\/\/argentinamunicipal.com.ar\/argentina\/wp-json\/wp\/v2\/media\/31090"}],"wp:attachment":[{"href":"http:\/\/argentinamunicipal.com.ar\/argentina\/wp-json\/wp\/v2\/media?parent=31089"}],"wp:term":[{"taxonomy":"category","embeddable":true,"href":"http:\/\/argentinamunicipal.com.ar\/argentina\/wp-json\/wp\/v2\/categories?post=31089"},{"taxonomy":"post_tag","embeddable":true,"href":"http:\/\/argentinamunicipal.com.ar\/argentina\/wp-json\/wp\/v2\/tags?post=31089"}],"curies":[{"name":"wp","href":"https:\/\/api.w.org\/{rel}","templated":true}]}}