{"id":31095,"date":"2015-06-09T09:03:22","date_gmt":"2015-06-09T12:03:22","guid":{"rendered":"http:\/\/argentinamunicipal.com.ar\/argentina\/?p=31095"},"modified":"2015-06-09T09:03:22","modified_gmt":"2015-06-09T12:03:22","slug":"mas-de-250-viviendas-del-iapv-estan-en-plena-ejecucion-en-gualeguaychu","status":"publish","type":"post","link":"http:\/\/argentinamunicipal.com.ar\/argentina\/mas-de-250-viviendas-del-iapv-estan-en-plena-ejecucion-en-gualeguaychu\/","title":{"rendered":"M\u00e1s de 250 viviendas del IAPV est\u00e1n en plena ejecuci\u00f3n en Gualeguaych\u00fa"},"content":{"rendered":"<p><a href=\"http:\/\/argentinamunicipal.com.ar\/argentina\/wp-content\/uploads\/2015\/06\/228636_862015_b_1433801326.jpg\"><img loading=\"lazy\" decoding=\"async\" class=\"alignright size-full wp-image-31096\" src=\"http:\/\/argentinamunicipal.com.ar\/argentina\/wp-content\/uploads\/2015\/06\/228636_862015_b_1433801326.jpg\" alt=\"_228636_862015_b_1433801326\" width=\"484\" height=\"369\" srcset=\"http:\/\/argentinamunicipal.com.ar\/argentina\/wp-content\/uploads\/2015\/06\/228636_862015_b_1433801326.jpg 484w, http:\/\/argentinamunicipal.com.ar\/argentina\/wp-content\/uploads\/2015\/06\/228636_862015_b_1433801326-300x229.jpg 300w\" sizes=\"auto, (max-width: 484px) 100vw, 484px\" \/><\/a>Los grupos habitacionales que el Instituto Aut\u00e1rquico de Planeamiento y Vivienda (IAPV) construye en Gualeguaych\u00fa avanzan a buen ritmo \u2022 Las unidades habitacionales tienen financiamiento del Programa Federal \u201cTecho Digno\u201d y constan de dos dormitorios, estar, comedor-cocina y ba\u00f1o \u2022 Las obras fueron visitadas por el presidente del organismo, Oscar Marelli y el gerente de la Regional Sur de la repartici\u00f3n, Ricardo Nieto<\/p>\n<p>El titular del IAPV, Oscar Marelli dijo al respecto: \u201cHemos tenido una jornada intensa de trabajo, cumpliendo con el pedido del gobernador Sergio Urribarri de recorrer cada obra en el territorio provincial, observando su ejecuci\u00f3n y el avance de los trabajos\u201d.<\/p>\n<p>El funcionario manifest\u00f3 que \u00abel acceso a una vivienda digna consolida la familia, que es el n\u00facleo fundamental y b\u00e1sico de nuestra sociedad\u00bb y resalt\u00f3 que la obra p\u00fablica que se ejecuta y en especial la construcci\u00f3n de viviendas \u00abmejora las condiciones de vida de la gente y generar trabajo genuino y directo\u00bb.<\/p>\n<p>Marelli destac\u00f3 \u201cla firme decisi\u00f3n del Gobierno provincial de que la pol\u00edtica habitacional se consolide definitivamente en Entre R\u00edos y la expectativa que la ejecuci\u00f3n de estas obras genera en la ciudadan\u00eda, a partir de las soluciones habitacionales que se le brinda a los habitantes en cada una de las localidades a lo largo y ancho de nuestra geograf\u00eda\u00bb.<\/p>\n<p>Seguidamente, valor\u00f3 \u201cel continuo apoyo que se recibe desde el Gobierno nacional de Cristina Fern\u00e1ndez de Kirchner para llevar adelante las pol\u00edticas habitacionales que desde el a\u00f1o 2003 puso en marcha m\u00e1s de un mill\u00f3n de soluciones habitacionales en todo el pa\u00eds, generando mayor inclusi\u00f3n y fortaleciendo a las familias argentinas.\u201d<\/p>\n<p>El directivo hizo hincapi\u00e9 en \u201cla tarea que desarrollan en forma conjunta el Gobierno nacional, la administraci\u00f3n provincial, a trav\u00e9s del IAPV, los municipios, y las entidades intermedias y gremiales para que cada vez m\u00e1s entrerrianos puedan acceder a una vivienda digna, donde poder educar y criar a sus hijos\u201d.<\/p>\n<h6>Fuente: APF Digital<\/h6>\n","protected":false},"excerpt":{"rendered":"<p>Los grupos habitacionales que el Instituto Aut\u00e1rquico de Planeamiento y Vivienda (IAPV) construye en Gualeguaych\u00fa avanzan a buen ritmo \u2022 Las unidades habitacionales tienen financiamiento del Programa Federal \u201cTecho Digno\u201d y constan de dos dormitorios, estar, comedor-cocina y ba\u00f1o \u2022 Las obras fueron visitadas por el presidente del organismo, Oscar Marelli y el gerente de<\/p>\n","protected":false},"author":2,"featured_media":31096,"comment_status":"closed","ping_status":"closed","sticky":false,"template":"","format":"standard","meta":{"footnotes":""},"categories":[2],"tags":[17],"class_list":["post-31095","post","type-post","status-publish","format-standard","has-post-thumbnail","hentry","category-informe-municipal","tag-entre-rios"],"_links":{"self":[{"href":"http:\/\/argentinamunicipal.com.ar\/argentina\/wp-json\/wp\/v2\/posts\/31095","targetHints":{"allow":["GET"]}}],"collection":[{"href":"http:\/\/argentinamunicipal.com.ar\/argentina\/wp-json\/wp\/v2\/posts"}],"about":[{"href":"http:\/\/argentinamunicipal.com.ar\/argentina\/wp-json\/wp\/v2\/types\/post"}],"author":[{"embeddable":true,"href":"http:\/\/argentinamunicipal.com.ar\/argentina\/wp-json\/wp\/v2\/users\/2"}],"replies":[{"embeddable":true,"href":"http:\/\/argentinamunicipal.com.ar\/argentina\/wp-json\/wp\/v2\/comments?post=31095"}],"version-history":[{"count":0,"href":"http:\/\/argentinamunicipal.com.ar\/argentina\/wp-json\/wp\/v2\/posts\/31095\/revisions"}],"wp:featuredmedia":[{"embeddable":true,"href":"http:\/\/argentinamunicipal.com.ar\/argentina\/wp-json\/wp\/v2\/media\/31096"}],"wp:attachment":[{"href":"http:\/\/argentinamunicipal.com.ar\/argentina\/wp-json\/wp\/v2\/media?parent=31095"}],"wp:term":[{"taxonomy":"category","embeddable":true,"href":"http:\/\/argentinamunicipal.com.ar\/argentina\/wp-json\/wp\/v2\/categories?post=31095"},{"taxonomy":"post_tag","embeddable":true,"href":"http:\/\/argentinamunicipal.com.ar\/argentina\/wp-json\/wp\/v2\/tags?post=31095"}],"curies":[{"name":"wp","href":"https:\/\/api.w.org\/{rel}","templated":true}]}}