{"id":31162,"date":"2015-06-10T08:36:29","date_gmt":"2015-06-10T11:36:29","guid":{"rendered":"http:\/\/argentinamunicipal.com.ar\/argentina\/?p=31162"},"modified":"2015-06-10T08:36:29","modified_gmt":"2015-06-10T11:36:29","slug":"nuevo-proyecto-para-crear-escuelas-de-trabajo-en-santa-fe","status":"publish","type":"post","link":"http:\/\/argentinamunicipal.com.ar\/argentina\/nuevo-proyecto-para-crear-escuelas-de-trabajo-en-santa-fe\/","title":{"rendered":"Nuevo proyecto para crear Escuelas de Trabajo en Santa Fe"},"content":{"rendered":"<p><a href=\"http:\/\/argentinamunicipal.com.ar\/argentina\/wp-content\/uploads\/2015\/06\/113787_santa-fe.jpg\"><img loading=\"lazy\" decoding=\"async\" class=\"aligncenter size-full wp-image-31163\" src=\"http:\/\/argentinamunicipal.com.ar\/argentina\/wp-content\/uploads\/2015\/06\/113787_santa-fe.jpg\" alt=\"113787_santa-fe\" width=\"544\" height=\"293\" srcset=\"http:\/\/argentinamunicipal.com.ar\/argentina\/wp-content\/uploads\/2015\/06\/113787_santa-fe.jpg 544w, http:\/\/argentinamunicipal.com.ar\/argentina\/wp-content\/uploads\/2015\/06\/113787_santa-fe-300x162.jpg 300w\" sizes=\"auto, (max-width: 544px) 100vw, 544px\" \/><\/a><\/p>\n<p>Jos\u00e9 Corral presenta el proyecto en la Uni\u00f3n Industrial donde dar\u00e1 a conocer ante empresarios e industriales la propuesta que apunta a formar y capacitar a j\u00f3venes, vinculando la oferta laboral y la demanda de empleo.<\/p>\n<p>Jos\u00e9 Corral, intendente de la ciudad de Santa Fe y candidato a renovar el mandato por el Frente Progresista, C\u00edvico y Social (FPCyS), presentar\u00e1 este martes a las 10.30, en la Uni\u00f3n Industrial de Santa Fe (UISF), el proyecto para la creaci\u00f3n de Escuelas de Trabajo durante el per\u00edodo 2015-2019. Se trata de una iniciativa que apunta a que los j\u00f3venes vuelvan a encontrar en la educaci\u00f3n y el empleo los ejes vertebradores de su futuro.<\/p>\n<p>La propuesta -que apuesta a brindar formaci\u00f3n y capacitaci\u00f3n con el objetivo de vincular la oferta laboral y la demanda de empleo-, ser\u00e1 presentada ante industriales y empresarios locales en la sede que la entidad posee en calle 25 de Mayo 2843.<\/p>\n<p>Como se informa, el proyecto prev\u00e9 la construcci\u00f3n de 5 Escuelas de Trabajo con un dise\u00f1o arquitect\u00f3nico de jerarqu\u00eda, donde se ofrecer\u00e1 desde capacitaci\u00f3n en oficios, formaci\u00f3n laboral y asesoramiento para desarrollar su propio emprendimiento, hasta la posibilidad de realizar actividades recreativas y culturales as\u00ed como asistencia en temas de salud y vivienda para los j\u00f3venes.<\/p>\n<h6>Fuente: Sin Mordaza<\/h6>\n","protected":false},"excerpt":{"rendered":"<p>Jos\u00e9 Corral presenta el proyecto en la Uni\u00f3n Industrial donde dar\u00e1 a conocer ante empresarios e industriales la propuesta que apunta a formar y capacitar a j\u00f3venes, vinculando la oferta laboral y la demanda de empleo. Jos\u00e9 Corral, intendente de la ciudad de Santa Fe y candidato a renovar el mandato por el Frente Progresista,<\/p>\n","protected":false},"author":2,"featured_media":31163,"comment_status":"closed","ping_status":"closed","sticky":false,"template":"","format":"standard","meta":{"footnotes":""},"categories":[2],"tags":[10],"class_list":["post-31162","post","type-post","status-publish","format-standard","has-post-thumbnail","hentry","category-informe-municipal","tag-santa-fe"],"_links":{"self":[{"href":"http:\/\/argentinamunicipal.com.ar\/argentina\/wp-json\/wp\/v2\/posts\/31162","targetHints":{"allow":["GET"]}}],"collection":[{"href":"http:\/\/argentinamunicipal.com.ar\/argentina\/wp-json\/wp\/v2\/posts"}],"about":[{"href":"http:\/\/argentinamunicipal.com.ar\/argentina\/wp-json\/wp\/v2\/types\/post"}],"author":[{"embeddable":true,"href":"http:\/\/argentinamunicipal.com.ar\/argentina\/wp-json\/wp\/v2\/users\/2"}],"replies":[{"embeddable":true,"href":"http:\/\/argentinamunicipal.com.ar\/argentina\/wp-json\/wp\/v2\/comments?post=31162"}],"version-history":[{"count":0,"href":"http:\/\/argentinamunicipal.com.ar\/argentina\/wp-json\/wp\/v2\/posts\/31162\/revisions"}],"wp:featuredmedia":[{"embeddable":true,"href":"http:\/\/argentinamunicipal.com.ar\/argentina\/wp-json\/wp\/v2\/media\/31163"}],"wp:attachment":[{"href":"http:\/\/argentinamunicipal.com.ar\/argentina\/wp-json\/wp\/v2\/media?parent=31162"}],"wp:term":[{"taxonomy":"category","embeddable":true,"href":"http:\/\/argentinamunicipal.com.ar\/argentina\/wp-json\/wp\/v2\/categories?post=31162"},{"taxonomy":"post_tag","embeddable":true,"href":"http:\/\/argentinamunicipal.com.ar\/argentina\/wp-json\/wp\/v2\/tags?post=31162"}],"curies":[{"name":"wp","href":"https:\/\/api.w.org\/{rel}","templated":true}]}}