{"id":31280,"date":"2015-06-11T09:21:02","date_gmt":"2015-06-11T12:21:02","guid":{"rendered":"http:\/\/argentinamunicipal.com.ar\/argentina\/?p=31280"},"modified":"2015-06-11T09:21:02","modified_gmt":"2015-06-11T12:21:02","slug":"ocho-frentes-se-inscribieron-para-las-primarias-presidenciales","status":"publish","type":"post","link":"http:\/\/argentinamunicipal.com.ar\/argentina\/ocho-frentes-se-inscribieron-para-las-primarias-presidenciales\/","title":{"rendered":"Ocho frentes se inscribieron para las primarias presidenciales"},"content":{"rendered":"<p><a href=\"http:\/\/argentinamunicipal.com.ar\/argentina\/wp-content\/uploads\/2015\/06\/n_1434011415.jpg\"><img loading=\"lazy\" decoding=\"async\" class=\"aligncenter  wp-image-31281\" src=\"http:\/\/argentinamunicipal.com.ar\/argentina\/wp-content\/uploads\/2015\/06\/n_1434011415.jpg\" alt=\"n_1434011415\" width=\"677\" height=\"381\" srcset=\"http:\/\/argentinamunicipal.com.ar\/argentina\/wp-content\/uploads\/2015\/06\/n_1434011415.jpg 752w, http:\/\/argentinamunicipal.com.ar\/argentina\/wp-content\/uploads\/2015\/06\/n_1434011415-300x169.jpg 300w\" sizes=\"auto, (max-width: 677px) 100vw, 677px\" \/><\/a><br \/>\nOcho frentes electorales fueron formalizados ante la Secretar\u00eda Electoral y comenz\u00f3 as\u00ed oficialmente la contienda presidencial, que tendr\u00e1 su primer round en las elecciones primarias del pr\u00f3ximo 9 de agosto.<br \/>\nComentarios Enviar Imprimir<\/p>\n<p>El kirchnerismo ratific\u00f3 el armado del Frente para la Victoria (FpV), que volver\u00e1 a tener al PJ como nave insignia y estar\u00e1 acompa\u00f1ado por otros 13 espacios como los partidos de la Victoria; Intransigente; Humanista; Comunista; Solidario; de la Soberan\u00eda Popular; Federal; as\u00ed como tambi\u00e9n el Frente Grande, Kolina, Nuevo Encuentro, Forja y el Encuentro por la Democracia y la Equidad (EDE), entre otros.<\/p>\n<p>Los postulantes del oficialismo que buscar\u00e1n el Sill\u00f3n de Rivadavia ser\u00e1n el gobernador bonaerense, Daniel Scioli, y el ministro del Interior y Transporte, Florencio Randazzo.<\/p>\n<p>En la vereda de enfrente, la principal alianza opositora ser\u00e1 Cambiemos, integrada por el PRO, la UCR y la Coalici\u00f3n C\u00edvica como socios mayoritarios.<\/p>\n<p>Seg\u00fan informaron fuentes del PRO, el frente tambi\u00e9n incluye el Partido Fe, del sindicalista Ger\u00f3nimo \u00abMomo\u00bb Venegas; as\u00ed como tambi\u00e9n el Partido Dem\u00f3crata Progresista (PDP); y el Partido Conservador Popular (PCP).<br \/>\nEl nombre de la alianza electoral, que se defini\u00f3 este mi\u00e9rcoles, hab\u00eda sido propuesto por el espacio amarillo, que termin\u00f3 imponi\u00e9ndose ante la iniciativa del radicalismo, que hab\u00eda acercado la denominaci\u00f3n \u00abAcuerdo por el cambio\u00bb.<\/p>\n<p>El acta constitutiva contiene una cl\u00e1usula en la que se acuerda \u00abesperar a que terminen las elecciones porte\u00f1as para utilizar la denominaci\u00f3n Cambiemos y la paleta crom\u00e1tica\u00bb, ya que en la Ciudad la UCR y la CC est\u00e1n enfrentados al PRO.<\/p>\n<p>En lo que respecta a las precandidaturas, Cambiemos presentar\u00e1 tres opciones en las PASO de agosto: Mauricio Macri, Ernesto Sanz, Elisa Carri\u00f3.<\/p>\n<p>En el peronismo disidente, finalmente, el l\u00edder del Frente Renovador, Sergio Massa, ratific\u00f3 su precandidatura presidencial y junto al gobernador de C\u00f3rdoba, Jos\u00e9 Manuel De la Sota, anotaron la alianza Una Nueva Alternativa (UNA), conformada por el FR; el MID; el Partido Nacional Constitucionalista (PND); Unir; Uni\u00f3n Popular; y la Democracia Cristiana.<\/p>\n<p>El nombre del espacio se modific\u00f3 en las \u00faltimas horas por cuestiones legales, ya que primero iba a llamarse \u00abUnidos por una Nueva Argentina\u00bb, pero el art\u00edculo art\u00edculo 16 de la ley 23.298 establece que \u00abel nombre no puede contener designaciones personales, ni derivadas de ellas, ni las expresiones \u00b4argentino\u00b4, \u00b4nacional\u00b4, \u00b4internacional\u00b4 ni sus derivados\u00bb.<\/p>\n<p>Otro frente opositor que qued\u00f3 formalizado este mi\u00e9rcoles fue Progresistas, el primero en inscribirse, que cont\u00f3 con la adhesi\u00f3n del GEN, el Partido Socialista, Libres del Sur, el Partido Socialista Aut\u00e9ntico, as\u00ed como tambi\u00e9n el \u00abMovimiento Polo Social-La Tercera Posici\u00f3n de la Gente\u00bb.<\/p>\n<p>En su acta constitutiva, el espacio de centroizquierda reserv\u00f3 los colores \u00abazul 300 escala pantone y rojo 192 escala pantone\u00bb para las boletas que llevar\u00e1n a la diputada nacional Margarita Stolbizer como postulante presidencial.<\/p>\n<p>En el Palacio de Tribunales, ante la jueza federal con competencia electoral Mar\u00eda Romilda Servini de Cubr\u00eda tambi\u00e9n realiz\u00f3 su inscripci\u00f3n el Frente de Izquierda y de los Trabajadores (FIT), que revalid\u00f3 la alianza entre el Partido Obrero (PO), el Partidos de los Trabajadores Socialistas (PTS) y la Izquierda Socialista.<\/p>\n<p>Tras el lanzamiento de la f\u00f3rmula compuesta por Jorge Altamira y Juan Carlos Giordano, el PTS intentaba llegar a un acuerdo con sus socios pol\u00edticos para presentar una lista de unidad y poner al diputado nacional Nicol\u00e1s Del Ca\u00f1o como precandidato a vicepresidente.<\/p>\n<p>Mientras, Unidad Popular y el Partido del Trabajo y el Pueblo (PTP), liderados por V\u00edctor De Gennaro y Juan Carlos Alderete, respectivamente, acordaron forjar el Frente Popular, que llevar\u00e1 al diputado nacional como postulante a la Casa Rosada.<\/p>\n<p>A su vez, el frente MST-Nueva Izquierda tambi\u00e9n present\u00f3 su acta constitutiva ante la Secretar\u00eda Electoral y llevar\u00e1 al cuarto oscuro la f\u00f3rmula compuesta por legislador porte\u00f1o Alejandro y la dirigente Vilma Ripoll.<\/p>\n<p>Finalmente, el senador nacional Adolfo Rodr\u00edguez Sa\u00e1 volvi\u00f3 a inscribir la alianza Compromiso Federal que est\u00e1 integrada por el partido Es Posible y el Movimiento Independiente de Jubilados y Desocupados (MIJD), luego de no lograr un acuerdo con Proyecto Sur de Fernando \u00abPino\u00bb Solanas, quien baj\u00f3 su postulaci\u00f3n nacional.<\/p>\n<h6>Fuente: El Once<\/h6>\n","protected":false},"excerpt":{"rendered":"<p>Ocho frentes electorales fueron formalizados ante la Secretar\u00eda Electoral y comenz\u00f3 as\u00ed oficialmente la contienda presidencial, que tendr\u00e1 su primer round en las elecciones primarias del pr\u00f3ximo 9 de agosto. Comentarios Enviar Imprimir El kirchnerismo ratific\u00f3 el armado del Frente para la Victoria (FpV), que volver\u00e1 a tener al PJ como nave insignia y estar\u00e1<\/p>\n","protected":false},"author":2,"featured_media":31281,"comment_status":"closed","ping_status":"closed","sticky":false,"template":"","format":"standard","meta":{"footnotes":""},"categories":[8],"tags":[21],"class_list":["post-31280","post","type-post","status-publish","format-standard","has-post-thumbnail","hentry","category-informe-nacional","tag-argentina"],"_links":{"self":[{"href":"http:\/\/argentinamunicipal.com.ar\/argentina\/wp-json\/wp\/v2\/posts\/31280","targetHints":{"allow":["GET"]}}],"collection":[{"href":"http:\/\/argentinamunicipal.com.ar\/argentina\/wp-json\/wp\/v2\/posts"}],"about":[{"href":"http:\/\/argentinamunicipal.com.ar\/argentina\/wp-json\/wp\/v2\/types\/post"}],"author":[{"embeddable":true,"href":"http:\/\/argentinamunicipal.com.ar\/argentina\/wp-json\/wp\/v2\/users\/2"}],"replies":[{"embeddable":true,"href":"http:\/\/argentinamunicipal.com.ar\/argentina\/wp-json\/wp\/v2\/comments?post=31280"}],"version-history":[{"count":0,"href":"http:\/\/argentinamunicipal.com.ar\/argentina\/wp-json\/wp\/v2\/posts\/31280\/revisions"}],"wp:featuredmedia":[{"embeddable":true,"href":"http:\/\/argentinamunicipal.com.ar\/argentina\/wp-json\/wp\/v2\/media\/31281"}],"wp:attachment":[{"href":"http:\/\/argentinamunicipal.com.ar\/argentina\/wp-json\/wp\/v2\/media?parent=31280"}],"wp:term":[{"taxonomy":"category","embeddable":true,"href":"http:\/\/argentinamunicipal.com.ar\/argentina\/wp-json\/wp\/v2\/categories?post=31280"},{"taxonomy":"post_tag","embeddable":true,"href":"http:\/\/argentinamunicipal.com.ar\/argentina\/wp-json\/wp\/v2\/tags?post=31280"}],"curies":[{"name":"wp","href":"https:\/\/api.w.org\/{rel}","templated":true}]}}