{"id":31318,"date":"2015-06-12T09:59:28","date_gmt":"2015-06-12T12:59:28","guid":{"rendered":"http:\/\/argentinamunicipal.com.ar\/argentina\/?p=31318"},"modified":"2015-06-16T10:13:28","modified_gmt":"2015-06-16T13:13:28","slug":"el-bid-destaco-la-recuperacion-costera-de-rosario","status":"publish","type":"post","link":"http:\/\/argentinamunicipal.com.ar\/argentina\/el-bid-destaco-la-recuperacion-costera-de-rosario\/","title":{"rendered":"El BID destac\u00f3 la recuperaci\u00f3n costera de Rosario"},"content":{"rendered":"<p><a href=\"http:\/\/argentinamunicipal.com.ar\/argentina\/wp-content\/uploads\/2015\/06\/rosario-en-argentina.jpg\"><img loading=\"lazy\" decoding=\"async\" class=\"aligncenter  wp-image-31319\" src=\"http:\/\/argentinamunicipal.com.ar\/argentina\/wp-content\/uploads\/2015\/06\/rosario-en-argentina.jpg\" alt=\"rosario-en-argentina\" width=\"627\" height=\"470\" srcset=\"http:\/\/argentinamunicipal.com.ar\/argentina\/wp-content\/uploads\/2015\/06\/rosario-en-argentina.jpg 800w, http:\/\/argentinamunicipal.com.ar\/argentina\/wp-content\/uploads\/2015\/06\/rosario-en-argentina-300x225.jpg 300w\" sizes=\"auto, (max-width: 627px) 100vw, 627px\" \/><\/a><br \/>\nMediante una publicaci\u00f3n, resalt\u00f3 la transformaci\u00f3n de la zona lindante al r\u00edo Paran\u00e1 a trav\u00e9s de la gesti\u00f3n p\u00fablico-privada, que ser\u00e1 difundida como ejemplo en ciudades de Latinoam\u00e9rica.<\/p>\n<p>La intendenta M\u00f3nica Fein present\u00f3 en la ma\u00f1ana del martes 9 de junio, junto a B\u00e1rbara Pons Gin\u00e9s y Mart\u00edn Soulier, expertos del Banco Interamericano de Desarrollo, la publicaci\u00f3n Gesti\u00f3n urbana, asociaciones p\u00fablico-privadas y captaci\u00f3n de plusval\u00edas: El caso de la recuperaci\u00f3n del frente costero del r\u00edo Paran\u00e1 en la Ciudad de Rosario, Argentina, realizada por los mencionados Pons Gin\u00e9s y Soulier junto a Horacio Terraza y Andr\u00e9s Juan.<\/p>\n<p>Durante la presentaci\u00f3n, realizada en el sal\u00f3n Belgrano del Palacio Municipal, Fein explic\u00f3 que \u201cesta publicaci\u00f3n surgi\u00f3 tras una invitaci\u00f3n que recibimos del BID para exponer en una reuni\u00f3n del programa Ciudades Sostenibles, all\u00ed contamos lo que hab\u00edamos logrado juntos con esta iniciativa p\u00fablico-privada que esta ciudad tiene como experiencia muy importante, y la transformaci\u00f3n del frente costero\u201d.<\/p>\n<p>\u201cA partir de esta exposici\u00f3n, el BID nos propuso hacer un seminario aqu\u00ed en Rosario, donde participaron 35 ciudades de Am\u00e9rica con desaf\u00edos similares a partir de r\u00edos, arroyos y otros cursos de agua. Les pareci\u00f3 interesante nuestra propuesta y all\u00ed surgi\u00f3 la idea de publicar la experiencia de Rosario y Medell\u00edn para que puedan servir como base de debate en muchas ciudades\u201d, agreg\u00f3 la intendenta.<\/p>\n<p>La titular del Ejecutivo local agradeci\u00f3 a los representantes del BID, no s\u00f3lo por la publicaci\u00f3n, sino por trabajar junto a los equipos t\u00e9cnicos de las secretar\u00edas de Planeamiento, Hacienda y Producci\u00f3n y Desarrollo Local, entre otras. \u201cA partir de aquel encuentro, Rosario est\u00e1 siendo invitada a\u00f1o tras a\u00f1o al encuentro de evaluaci\u00f3n de los proyectos que presenta el BID con ciudades sustentables. All\u00ed intercambiamos experiencias y aprendemos mucho\u201d.<\/p>\n<p>Por su parte, la arquitecta y profesora de la George Washington University (Estados Unidos), B\u00e1rbara Pons Gin\u00e9s, se\u00f1al\u00f3 que \u201cRosario ha sido un caso paradigm\u00e1tico en Latinoam\u00e9rica en cuanto a la regeneraci\u00f3n urbana de frentes costeros y ribere\u00f1os a trav\u00e9s de la gesti\u00f3n p\u00fablico-privada. Hemos llegado a cinco conclusiones muy interesantes que vamos a difundir en todas las ciudades de Latinoam\u00e9rica que colaboran con el BID en este tipo de iniciativas, ya que muchas de ellas tienen un r\u00edo, una quebrada, una costa contaminada, y tambi\u00e9n su zona urbana colindante degradada. Este mecanismo que viene llevando Rosario desde la d\u00e9cada del 90 va a ser muy \u00fatil para esas ciudades\u201d.<\/p>\n<p>Pons Gin\u00e9s \u2013quien present\u00f3 esta investigaci\u00f3n hace un mes en el congreso River City Forum, realizado en la ciudad colombiana de Monter\u00eda\u2013, explic\u00f3 que \u201ccon una buena planificaci\u00f3n p\u00fablica y con la colaboraci\u00f3n de los privados se pueden hacer estas transformaciones en un per\u00edodo de tiempo relativamente breve para lo que son los tiempos urban\u00edsticos\u201d.<\/p>\n<p>Y agreg\u00f3: \u201cEsta investigaci\u00f3n demuestra que estas transformaciones de hacer parques frente a los r\u00edos, y a partir de ah\u00ed regenerar urban\u00edsticamente los predios colindantes es muy rentable econ\u00f3micamente. Por ejemplo, la transformaci\u00f3n de Puerto Norte se hizo con una inversi\u00f3n de 0 peso para la Municipalidad de Rosario. Fue una inversi\u00f3n privada pero con la planificaci\u00f3n p\u00fablica\u201d.<\/p>\n<p>La publicaci\u00f3n destaca que la recuperaci\u00f3n urbana del frente costero de Rosario es un caso emblem\u00e1tico de planeamiento y gesti\u00f3n con visi\u00f3n de largo plazo para incrementar el bienestar de la ciudad devolvi\u00e9ndole el paisaje natural y espacios ribere\u00f1os perdidos. Adem\u00e1s, remarca que esta experiencia tambi\u00e9n es representativa de los modelos de concertaci\u00f3n y di\u00e1logo con el sector privado que permitieron construir infraestructura y servicios de vocaci\u00f3n p\u00fablica y al mismo tiempo abrir oportunidades de negocio para el capital local.<\/p>\n<p>Cabe destacar que el Plan Estrat\u00e9gico Rosario Metropolitana de 2008 y el Plan Urbano 2007-2017 son el paraguas de los planes maestros, especiales y de detalle que orientan la recuperaci\u00f3n de la zona costera, definen las nuevas cualidades f\u00edsicas del territorio, as\u00ed como su funcionalidad y relaci\u00f3n con el resto de la ciudad.<\/p>\n<p>Estos eslabones de planeamiento urbano se combinaron con novedosos instrumentos de gesti\u00f3n &#8211; Concesiones Administrativas y Convenios Urban\u00edsticos &#8211; mediante los cuales la Municipalidad, adem\u00e1s de conseguir los montos de inversi\u00f3n y terrenos necesarios para las intervenciones, convierte a las nuevas instalaciones y espacios recuperados en patrimonio municipal para uso p\u00fablico.<\/p>\n<p>Las cinco conclusiones del estudio del caso del frente costero de Rosario son:<\/p>\n<p>Existen instrumentos urban\u00edsticos de colaboraci\u00f3n p\u00fablico privada que hacen posible transformar espacios urbanos de vocaci\u00f3n p\u00fablica con inversi\u00f3n del sector privado.<\/p>\n<p>La recuperaci\u00f3n ambiental y urbana del frente costero y la creaci\u00f3n de espacios verdes p\u00fablicos a lo largo de la costa generan, adem\u00e1s de mejoras cualitativas sociales y ambientales, beneficios econ\u00f3micos cuantificables que exceden los costos.<\/p>\n<p>La transformaci\u00f3n de un espacio de oportunidad de la ciudad debe definirse en una planificaci\u00f3n multisectorial, concertada, concurrente y de largo plazo a trav\u00e9s de las diferentes gestiones de gobierno.<\/p>\n<p>Las plusval\u00edas generadas por el proceso de transformaci\u00f3n deben distribuirse de la manera m\u00e1s equitativa posible entre los agentes implicados.<\/p>\n<p>La transparencia y la confianza son mecanismos indispensables para la atracci\u00f3n de la inversi\u00f3n privada.<\/p>\n<h6>Fuente: Sin Mordaza<\/h6>\n","protected":false},"excerpt":{"rendered":"<p>Mediante una publicaci\u00f3n, resalt\u00f3 la transformaci\u00f3n de la zona lindante al r\u00edo Paran\u00e1 a trav\u00e9s de la gesti\u00f3n p\u00fablico-privada, que ser\u00e1 difundida como ejemplo en ciudades de Latinoam\u00e9rica.<\/p>\n","protected":false},"author":2,"featured_media":31319,"comment_status":"closed","ping_status":"closed","sticky":false,"template":"","format":"standard","meta":{"footnotes":""},"categories":[2],"tags":[10],"class_list":["post-31318","post","type-post","status-publish","format-standard","has-post-thumbnail","hentry","category-informe-municipal","tag-santa-fe"],"_links":{"self":[{"href":"http:\/\/argentinamunicipal.com.ar\/argentina\/wp-json\/wp\/v2\/posts\/31318","targetHints":{"allow":["GET"]}}],"collection":[{"href":"http:\/\/argentinamunicipal.com.ar\/argentina\/wp-json\/wp\/v2\/posts"}],"about":[{"href":"http:\/\/argentinamunicipal.com.ar\/argentina\/wp-json\/wp\/v2\/types\/post"}],"author":[{"embeddable":true,"href":"http:\/\/argentinamunicipal.com.ar\/argentina\/wp-json\/wp\/v2\/users\/2"}],"replies":[{"embeddable":true,"href":"http:\/\/argentinamunicipal.com.ar\/argentina\/wp-json\/wp\/v2\/comments?post=31318"}],"version-history":[{"count":0,"href":"http:\/\/argentinamunicipal.com.ar\/argentina\/wp-json\/wp\/v2\/posts\/31318\/revisions"}],"wp:featuredmedia":[{"embeddable":true,"href":"http:\/\/argentinamunicipal.com.ar\/argentina\/wp-json\/wp\/v2\/media\/31319"}],"wp:attachment":[{"href":"http:\/\/argentinamunicipal.com.ar\/argentina\/wp-json\/wp\/v2\/media?parent=31318"}],"wp:term":[{"taxonomy":"category","embeddable":true,"href":"http:\/\/argentinamunicipal.com.ar\/argentina\/wp-json\/wp\/v2\/categories?post=31318"},{"taxonomy":"post_tag","embeddable":true,"href":"http:\/\/argentinamunicipal.com.ar\/argentina\/wp-json\/wp\/v2\/tags?post=31318"}],"curies":[{"name":"wp","href":"https:\/\/api.w.org\/{rel}","templated":true}]}}