{"id":3133,"date":"2014-03-07T09:03:36","date_gmt":"2014-03-07T12:03:36","guid":{"rendered":"http:\/\/argentinamunicipal.com.ar\/argentina\/?p=3133"},"modified":"2014-03-07T09:03:36","modified_gmt":"2014-03-07T12:03:36","slug":"dia-clave-para-los-municipales-de-la-provincia-de-santa-fe","status":"publish","type":"post","link":"http:\/\/argentinamunicipal.com.ar\/argentina\/dia-clave-para-los-municipales-de-la-provincia-de-santa-fe\/","title":{"rendered":"D\u00eda clave para los municipales de la Provincia de Santa Fe"},"content":{"rendered":"<div id=\"attachment_3134\" style=\"width: 640px\" class=\"wp-caption aligncenter\"><a href=\"http:\/\/argentinamunicipal.com.ar\/argentina\/wp-content\/uploads\/2014\/03\/asegurado.jpg\"><img loading=\"lazy\" decoding=\"async\" aria-describedby=\"caption-attachment-3134\" class=\"size-full wp-image-3134\" alt=\"Fernando Asegurado, Secretario de Gobierno de la Municipalidad de Rosario\" src=\"http:\/\/argentinamunicipal.com.ar\/argentina\/wp-content\/uploads\/2014\/03\/asegurado.jpg\" width=\"630\" height=\"280\" srcset=\"http:\/\/argentinamunicipal.com.ar\/argentina\/wp-content\/uploads\/2014\/03\/asegurado.jpg 630w, http:\/\/argentinamunicipal.com.ar\/argentina\/wp-content\/uploads\/2014\/03\/asegurado-300x133.jpg 300w\" sizes=\"auto, (max-width: 630px) 100vw, 630px\" \/><\/a><p id=\"caption-attachment-3134\" class=\"wp-caption-text\">Fernando Asegurado, Secretario de Gobierno de la Municipalidad de Rosario<\/p><\/div>\n<p>\u00abHabr\u00e1 una nueva propuesta salarial sobre la base de los que fue la tarea mancomunada realizada en la audiencia de conciliaci\u00f3n dictada por el Ministerio de Trabajo\u00bb, dijo ayer el secretario de Gobierno municipal, Fernando Asegurado, acerca de la estrategia a desplegar hoy, a las 9, en la capital provincial.<\/p>\n<p>A esa hora comenzar\u00e1 un plenario de representantes paritarios de intendencias y comunas.<\/p>\n<p>Y al mediod\u00eda la cita ser\u00e1 con los integrantes de la Federaci\u00f3n de Trabajadores Municipales (Festram), tras el cuarto intermedio dispuesto la semana pasada.<\/p>\n<p>La \u00faltima oferta fue del 27 por ciento (17 en marzo y el 10 restante en julio), con un 30 por ciento para las categor\u00edas m\u00e1s bajas.<\/p>\n<p>El l\u00edder de los municipales rosarinos, Antonio Ratner, indic\u00f3: \u00abLas diferencias siguen, pero ambos sectores pugnan por un acuerdo\u00bb.<\/p>\n<h6>Fuente: La Capital de Rosario<\/h6>\n","protected":false},"excerpt":{"rendered":"<p>\u00abHabr\u00e1 una nueva propuesta salarial sobre la base de los que fue la tarea mancomunada realizada en la audiencia de conciliaci\u00f3n dictada por el Ministerio de Trabajo\u00bb, dijo ayer el secretario de Gobierno municipal, Fernando Asegurado, acerca de la estrategia a desplegar hoy, a las 9, en la capital provincial. A esa hora comenzar\u00e1 un<\/p>\n","protected":false},"author":1,"featured_media":3134,"comment_status":"closed","ping_status":"closed","sticky":false,"template":"","format":"standard","meta":{"footnotes":""},"categories":[7],"tags":[10],"class_list":["post-3133","post","type-post","status-publish","format-standard","has-post-thumbnail","hentry","category-informe-sindical","tag-santa-fe"],"_links":{"self":[{"href":"http:\/\/argentinamunicipal.com.ar\/argentina\/wp-json\/wp\/v2\/posts\/3133","targetHints":{"allow":["GET"]}}],"collection":[{"href":"http:\/\/argentinamunicipal.com.ar\/argentina\/wp-json\/wp\/v2\/posts"}],"about":[{"href":"http:\/\/argentinamunicipal.com.ar\/argentina\/wp-json\/wp\/v2\/types\/post"}],"author":[{"embeddable":true,"href":"http:\/\/argentinamunicipal.com.ar\/argentina\/wp-json\/wp\/v2\/users\/1"}],"replies":[{"embeddable":true,"href":"http:\/\/argentinamunicipal.com.ar\/argentina\/wp-json\/wp\/v2\/comments?post=3133"}],"version-history":[{"count":0,"href":"http:\/\/argentinamunicipal.com.ar\/argentina\/wp-json\/wp\/v2\/posts\/3133\/revisions"}],"wp:featuredmedia":[{"embeddable":true,"href":"http:\/\/argentinamunicipal.com.ar\/argentina\/wp-json\/wp\/v2\/media\/3134"}],"wp:attachment":[{"href":"http:\/\/argentinamunicipal.com.ar\/argentina\/wp-json\/wp\/v2\/media?parent=3133"}],"wp:term":[{"taxonomy":"category","embeddable":true,"href":"http:\/\/argentinamunicipal.com.ar\/argentina\/wp-json\/wp\/v2\/categories?post=3133"},{"taxonomy":"post_tag","embeddable":true,"href":"http:\/\/argentinamunicipal.com.ar\/argentina\/wp-json\/wp\/v2\/tags?post=3133"}],"curies":[{"name":"wp","href":"https:\/\/api.w.org\/{rel}","templated":true}]}}