{"id":31386,"date":"2015-06-15T10:29:00","date_gmt":"2015-06-15T13:29:00","guid":{"rendered":"http:\/\/argentinamunicipal.com.ar\/argentina\/?p=31386"},"modified":"2015-06-15T10:29:00","modified_gmt":"2015-06-15T13:29:00","slug":"general-pico-la-idea-es-que-los-ciudadanos-participen-del-destino-de-los-recursos-y-del-diseno-de-las-politicas-publicas","status":"publish","type":"post","link":"http:\/\/argentinamunicipal.com.ar\/argentina\/general-pico-la-idea-es-que-los-ciudadanos-participen-del-destino-de-los-recursos-y-del-diseno-de-las-politicas-publicas\/","title":{"rendered":"General Pico: \u201cLa idea es que los ciudadanos participen del destino de los recursos y del dise\u00f1o de las pol\u00edticas p\u00fablicas\u201d"},"content":{"rendered":"<p><a href=\"http:\/\/argentinamunicipal.com.ar\/argentina\/wp-content\/uploads\/2015\/06\/45459b.jpg\"><img loading=\"lazy\" decoding=\"async\" class=\"aligncenter size-full wp-image-31387\" src=\"http:\/\/argentinamunicipal.com.ar\/argentina\/wp-content\/uploads\/2015\/06\/45459b.jpg\" alt=\"45459b\" width=\"650\" height=\"464\" srcset=\"http:\/\/argentinamunicipal.com.ar\/argentina\/wp-content\/uploads\/2015\/06\/45459b.jpg 650w, http:\/\/argentinamunicipal.com.ar\/argentina\/wp-content\/uploads\/2015\/06\/45459b-300x214.jpg 300w\" sizes=\"auto, (max-width: 650px) 100vw, 650px\" \/><\/a><br \/>\nEl secretario de Desarrollo Social de la Municipalidad de General Pico, Daniel L\u00f3pez, sostuvo que la propuesta de presupuesto participativo apunta a que \u201clos ciudadanos, a trav\u00e9s de las instituciones barriales, participen del destino de los recursos p\u00fablicos y del dise\u00f1o de las pol\u00edticas p\u00fablicas\u201d, al tiempo que recalc\u00f3 que \u201ces importante la participaci\u00f3n de todos los vecinos\u201d.<\/p>\n<p>\u201cDesde el a\u00f1o pasado venimos trabajando en una nueva propuesta y que el intendente hab\u00eda anunciado en su momento, referida a profundizar la descentralizaci\u00f3n de la gesti\u00f3n municipal y en esta oportunidad sumamos el programa presupuesto participativo, destinado a todos los barrios de la ciudad\u201d, explic\u00f3 L\u00f3pez.<\/p>\n<p>Acot\u00f3 que \u201ccuando pensamos en un presupuesto participativo, entendemos que es para fortalecer y garantizar un proyecto que est\u00e9 destinado a consolidar el protagonismo ciudadano por el cual los vecinos, a trav\u00e9s de las instituciones y organizaciones sociales, podr\u00e1n decidir de qu\u00e9 manera se utilizar\u00e1 e invertir\u00e1 los fondos p\u00fablicos\u201d.<\/p>\n<p>Explic\u00f3 adem\u00e1s que \u201cel objetivo es generar un nuevo espacio de concertaci\u00f3n entre el Municipio, representado por sus distintas \u00e1reas, encabezado por los Servicios Sociales de Base y las autoridades, y los referentes de las instituciones vecinales, que son quienes conviven el d\u00eda a d\u00eda con las necesidades y problem\u00e1ticas de cada uno de los sectores de la comunidad barrial\u201d.<\/p>\n<p>L\u00f3pez destac\u00f3 que \u201ces un proceso que por primera vez se va impulsar y ejecutar, requiere de un ejercicio participativo importante, con lo cual en esta primera etapa, evaluaremos como se va desarrollando y que resultado se van obteniendo, teniendo en cuenta que por primera vez se va implementar en nuestra ciudad\u201d.<\/p>\n<p>\u201cLa idea es que las instituciones del barrio y los ciudadanos que las representan participen activamente en destinar recursos p\u00fablicos y en el dise\u00f1o de las pol\u00edticas p\u00fablicas, realizando una identificaci\u00f3n y priorizaci\u00f3n de necesidades, problem\u00e1ticas, sugerencias, ideas y propuestas para seleccionar una en com\u00fan y transformarla en proyecto, y de esta manera asignar fondos para su realizaci\u00f3n\u201d, acot\u00f3 el funcionario.<\/p>\n<p>Destac\u00f3 que es importante la participaci\u00f3n de todos los vecinos, \u201cporque nadie sabe mejor que ellos mismos cu\u00e1les son las necesidades y prioridades de su barrio. Buscamos con esta propuesta profundizar la relaci\u00f3n entre el Municipio y la poblaci\u00f3n.<\/p>\n<p>Intentamos favorecer la implementaci\u00f3n de proyectos que impacten de manera directa en la mejora de la vida cotidiana y consolidar el esp\u00edritu colectivo para detectar las necesidades barriales, intercambiando ideas y buscando consensos\u201d.<\/p>\n<p>Adelant\u00f3 que \u201cse crear\u00e1n dos mesas, la interinstitucional barrial, en donde se generan , debaten y se eligen las propuestas, y la t\u00e9cnica de evaluaci\u00f3n y viabilidad, que asesora, sugiere y modifica si hace falta para la aprobaci\u00f3n final del proyecto del barrio\u201d.<\/p>\n<p>L\u00f3pez cont\u00f3 tambi\u00e9n que \u201cactualmente el programa Presupuesto Participativo tiene asignado en el presupuesto general de la Municipalidad 600 mil pesos a trav\u00e9s del \u00e1rea de Intendencia, buscando un equilibrio entre todos los barrios para destinar fondos espec\u00edficos a los proyectos comunitarios, aproximadamente en 60.000 cada uno, teniendo la posibilidad de reestructurar y otorgar m\u00e1s fondos si hubiera barrios que lo requieran, y en otros no se ejecutaran\u201d.<\/p>\n<p><strong>Carpa de los derechos de los ni\u00f1os, ni\u00f1as y adolescentes<\/strong><\/p>\n<p>Se desarroll\u00f3 ayer en el barrio Rucci la primera actividad vinculada con la \u2018Carpa de los derechos de las ni\u00f1as, ni\u00f1os y adolescentes\u2019. L\u00f3pez sostuvo que la iniciativa naci\u00f3 \u201ccomo una propuesta institucional, con el objetivo de realizar la promoci\u00f3n de los Derechos de Ni\u00f1os, Ni\u00f1as y Adolescentes a trav\u00e9s de talleres n\u00f3mades que recorrer\u00e1n diferentes puntos de nuestra ciudad\u201d.<\/p>\n<p>Explic\u00f3 que \u201ceste recorrido ser\u00e1 a modo de \u2018funciones tem\u00e1ticas\u2019 las cuales tendr\u00e1n como eje los Derechos, pero tomando fechas alusivas. En esta oportunidad, la presentaci\u00f3n de la carpa fue \u2018Una hora contra el Trabajo Infantil\u2019, teniendo como referencia el 12 de junio, D\u00eda Internacional Contra el Trabajo Infantil\u201d.<\/p>\n<p>Se trata de actividades musicales \u201chabiendo seleccionado previamente una canci\u00f3n referida al tema, la cual posteriormente ser\u00e1 debatida en diferentes mesas de trabajo con los alumnos de las Instituciones Educativas Participantes, en esta oportunidad participan el Colegio Educadores Pampeanos y la Escuela N\u00ba 263, quienes elaboraran una campa\u00f1a preventivo-promocional, la cual ser\u00e1 multiplicada por la instituci\u00f3n desde los diferentes medios con los cuales trabaja INAUN Producciones\u201d.<\/p>\n<p>Aclar\u00f3 que \u201cnos proponemos sensibilizar a docentes y estudiantes sobre el problema del trabajo infantil y alentarlos a adoptar medidas en diversos \u00e1mbitos, que podr\u00edan ser continuadas durante todo el a\u00f1o\u201d.<\/p>\n<p>El secretario de Desarrollo Social dijo que \u201cesta propuesta tambi\u00e9n se va a presentar en el Barrio Bicentenario-Federal y en la plaza San Mart\u00edn\u201d, para culminar diciendo que \u201cde esta manera, INAUN mediante dicha intervenci\u00f3n comunitaria, trabaja para prevenir el trabajo infantil y promover el derecho de todo ni\u00f1o\/a y adolescente a una educaci\u00f3n de calidad, p\u00fablica y gratuita\u201d.<\/p>\n<h6>Fuente: La Reforma<\/h6>\n","protected":false},"excerpt":{"rendered":"<p>El secretario de Desarrollo Social de la Municipalidad de General Pico, Daniel L\u00f3pez, sostuvo que la propuesta de presupuesto participativo apunta a que \u201clos ciudadanos, a trav\u00e9s de las instituciones barriales, participen del destino de los recursos p\u00fablicos y del dise\u00f1o de las pol\u00edticas p\u00fablicas\u201d, al tiempo que recalc\u00f3 que \u201ces importante la participaci\u00f3n de<\/p>\n","protected":false},"author":2,"featured_media":31387,"comment_status":"closed","ping_status":"closed","sticky":false,"template":"","format":"standard","meta":{"footnotes":""},"categories":[2],"tags":[42],"class_list":["post-31386","post","type-post","status-publish","format-standard","has-post-thumbnail","hentry","category-informe-municipal","tag-la-pampa"],"_links":{"self":[{"href":"http:\/\/argentinamunicipal.com.ar\/argentina\/wp-json\/wp\/v2\/posts\/31386","targetHints":{"allow":["GET"]}}],"collection":[{"href":"http:\/\/argentinamunicipal.com.ar\/argentina\/wp-json\/wp\/v2\/posts"}],"about":[{"href":"http:\/\/argentinamunicipal.com.ar\/argentina\/wp-json\/wp\/v2\/types\/post"}],"author":[{"embeddable":true,"href":"http:\/\/argentinamunicipal.com.ar\/argentina\/wp-json\/wp\/v2\/users\/2"}],"replies":[{"embeddable":true,"href":"http:\/\/argentinamunicipal.com.ar\/argentina\/wp-json\/wp\/v2\/comments?post=31386"}],"version-history":[{"count":0,"href":"http:\/\/argentinamunicipal.com.ar\/argentina\/wp-json\/wp\/v2\/posts\/31386\/revisions"}],"wp:featuredmedia":[{"embeddable":true,"href":"http:\/\/argentinamunicipal.com.ar\/argentina\/wp-json\/wp\/v2\/media\/31387"}],"wp:attachment":[{"href":"http:\/\/argentinamunicipal.com.ar\/argentina\/wp-json\/wp\/v2\/media?parent=31386"}],"wp:term":[{"taxonomy":"category","embeddable":true,"href":"http:\/\/argentinamunicipal.com.ar\/argentina\/wp-json\/wp\/v2\/categories?post=31386"},{"taxonomy":"post_tag","embeddable":true,"href":"http:\/\/argentinamunicipal.com.ar\/argentina\/wp-json\/wp\/v2\/tags?post=31386"}],"curies":[{"name":"wp","href":"https:\/\/api.w.org\/{rel}","templated":true}]}}