{"id":31453,"date":"2015-06-16T09:39:16","date_gmt":"2015-06-16T12:39:16","guid":{"rendered":"http:\/\/argentinamunicipal.com.ar\/argentina\/?p=31453"},"modified":"2015-06-16T09:39:16","modified_gmt":"2015-06-16T12:39:16","slug":"la-presidenta-anuncio-suba-de-30-en-auh-y-envia-al-congreso-una-ley-para-ajustar-su-valor-dos-veces-por-ano","status":"publish","type":"post","link":"http:\/\/argentinamunicipal.com.ar\/argentina\/la-presidenta-anuncio-suba-de-30-en-auh-y-envia-al-congreso-una-ley-para-ajustar-su-valor-dos-veces-por-ano\/","title":{"rendered":"La Presidenta anunci\u00f3 suba de 30% en AUH y env\u00eda al Congreso una ley para ajustar su valor dos veces por a\u00f1o"},"content":{"rendered":"<p><a href=\"http:\/\/argentinamunicipal.com.ar\/argentina\/wp-content\/uploads\/2015\/06\/41697_1662015_ckf.jpg\"><img loading=\"lazy\" decoding=\"async\" class=\"aligncenter size-full wp-image-31454\" src=\"http:\/\/argentinamunicipal.com.ar\/argentina\/wp-content\/uploads\/2015\/06\/41697_1662015_ckf.jpg\" alt=\"_41697_1662015_ckf\" width=\"579\" height=\"362\" srcset=\"http:\/\/argentinamunicipal.com.ar\/argentina\/wp-content\/uploads\/2015\/06\/41697_1662015_ckf.jpg 579w, http:\/\/argentinamunicipal.com.ar\/argentina\/wp-content\/uploads\/2015\/06\/41697_1662015_ckf-300x188.jpg 300w\" sizes=\"auto, (max-width: 579px) 100vw, 579px\" \/><\/a><br \/>\nDe esta manera, la Asignaci\u00f3n Universal por Hijo pasa de 644 a 837 pesos, lo que representa un incremento del 30%, medida que beneficia a m\u00e1s de 3,6 millones de ni\u00f1os y ni\u00f1as en todo el pa\u00eds.<\/p>\n<p>La presidenta Cristina Fern\u00e1ndez de Kirchner anunci\u00f3 ayer un aumento del 30% para la Asignaci\u00f3n Universal por Hijo, la asignaci\u00f3n por embarazo y las asignaciones familiares.<\/p>\n<p>Durante el acto realizado en el Sal\u00f3n de la Mujeres de la Casa de Gobierno, la mandataria apunt\u00f3 que espera que el incremento, \u00abcon la aprobaci\u00f3n del proyecto de ley de movilidad, sea el \u00faltimo aumento\u201d dictado por el Ejecutivo para las diferentes asignaciones que otorga el Estado nacional.<\/p>\n<p>De esta manera, la AUH pasa de 644 a 837 pesos, lo que representa un incremento del 30%, medida que beneficia a m\u00e1s de 3,6 millones de ni\u00f1os y ni\u00f1as en todo el pa\u00eds.<\/p>\n<p>En el mismo acto, la mandataria anunci\u00f3 el env\u00edo al Congreso Nacional de un proyecto de ley de movilidad para la Asignaci\u00f3n Universal por Hijo, por Embarazo y Familiar, que estar\u00e1n ajustadas a los mismos \u00edndices de los que actualmente se aplican a los beneficios previsionales dos veces al a\u00f1o.<\/p>\n<p>Durante un discurso transmitido en cadena nacional, en donde realiz\u00f3 una serie de anuncios econ\u00f3micos, Cristina mencion\u00f3 la reciente publicaci\u00f3n del soci\u00f3logo Bernardo Kliksberg, que escribi\u00f3 junto Irene Novakovsky, \u00abEl Gran Desaf\u00edo. Romper la trampa de la Desigualdad desde la Infancia\u00bb, y destac\u00f3 algunas de las recomendaciones y conclusiones de los autores, que elogian la AUH como una de las m\u00e1s importantes pol\u00edticas p\u00fablicas.<\/p>\n<p>El proyecto de ley que ser\u00e1 enviado al Congreso, seg\u00fan la Presidenta, se realiza \u00abpara que el aumento se produzca en forma autom\u00e1tica y no est\u00e9 sujeto a alguien que quiera licuar este beneficio, mediante la no concesi\u00f3n de aumentos, para que con el tiempo la AUH pase a ser un recuerdo\u00bb.<\/p>\n<p>Asimismo, la mandataria critic\u00f3 a quienes \u00abcon mediocridad denostaron\u00bb a esa pol\u00edtica p\u00fablica, ya que \u00abhoy es en el mundo, para el Banco Mundial, la Cepal, las Fao y los principales cientistas sociales, uno de los principales programas de lucha contra la pobreza y el hambre\u00bb.<\/p>\n<p>Cristina anunci\u00f3 tambi\u00e9n que las familias patag\u00f3nicas cobrar\u00e1n un adicional, puesto que en la regi\u00f3n \u00ablas demandas son mucho m\u00e1s intensas y los precios no son los mismos que hay en Capital Federal, ni en el Gran Buenos Aires\u00bb, por lo que \u00abes un reconocimiento a todos aquellos que tienen que vivir en un h\u00e1bitat en donde todo es m\u00e1s dif\u00edcil\u00bb.<br \/>\nPrevio a su discurso, la Presidenta realiz\u00f3 videoconferencias con las ciudades de Laprida (Santiago del Estero), R\u00edo Grande (Tierra del Fuego) y Leones (C\u00f3rdoba -ver p\u00e1g. 5-); y efectu\u00f3 la entrega simb\u00f3lica de llaves de veh\u00edculos para centros del Inti; de aportes no reembolsables a parques industriales; y de certificados de inscripciones al Registro Nacional de Parques Industriales.<\/p>\n<p>Tambi\u00e9n hizo la entrega simb\u00f3lica de certificados de cr\u00e9ditos del programa \u00abFondo Nacional para el Desarrollo y Fortalecimiento de las Micros, peque\u00f1as y Medianas Empresas\u00bb.<\/p>\n<p><strong>Procrear<\/strong><\/p>\n<p>Cristina tambi\u00e9n firm\u00f3 el acta de compromiso para la transferencia de dominio a favor del Procrear de las playas ferroviarias las estaciones S\u00e1enz y Buenos Aires; y tambi\u00e9n la firma del convenio de cesi\u00f3n de tierras con la provincia de Buenos Aires.<\/p>\n<p>\u00abHoy se cumplen tres a\u00f1os que lanzamos el plan Procrear\u00bb, resalt\u00f3, lo que \u00abera un sue\u00f1o de muchos argentinos que no eran sujetos de cr\u00e9dito para los bancos ni tampoco eran sujetos de cr\u00e9dito para los planes sociales ya que sus ingresos eran de medianos a altos\u00bb.<\/p>\n<p>Al elogiar la decisi\u00f3n del gobernador bonaerense Daniel Scioli de ceder terrenos en la provincia para construir las casas del Procrear, reclam\u00f3 a la Legislatura porte\u00f1a que \u00abdesafecten como bienes p\u00fablicos calles para hacer desarrollos urban\u00edsticos que van a beneficiar a cientos de familias porte\u00f1as\u00bb.<\/p>\n<p>Adem\u00e1s, mencion\u00f3 que \u00abde cada diez cr\u00e9ditos hipotecarios, nueve los da el Estado pese a que s\u00f3lo tenemos el Procrear y el Banco Naci\u00f3n: todo lo dem\u00e1s son bancos privados en donde no hay regulaci\u00f3n y s\u00ed plena libertad de mercado\u00bb.<\/p>\n<p>La Presidenta realiz\u00f3 varios anuncios econ\u00f3micos y record\u00f3 que para 2015 estiman llegar al total de 400 parques industriales, \u00abcinco veces m\u00e1s que los 80 que hab\u00eda\u00bb en 2003; mencion\u00f3 que el plan Progresar alcanza a 700.000 inscriptos, \u00abla meta\u00bb a la que se quer\u00eda llegar cuando se lanz\u00f3; y afirm\u00f3 que el plan Ahora 12 es \u00abuna de las pol\u00edticas m\u00e1s exitosas que hemos tenido en materia de incentivo a la demanda agregada\u00bb.<\/p>\n<h6>Fuente: La Ma\u00f1ana de C\u00f3rdoba<\/h6>\n","protected":false},"excerpt":{"rendered":"<p>De esta manera, la Asignaci\u00f3n Universal por Hijo pasa de 644 a 837 pesos, lo que representa un incremento del 30%, medida que beneficia a m\u00e1s de 3,6 millones de ni\u00f1os y ni\u00f1as en todo el pa\u00eds. La presidenta Cristina Fern\u00e1ndez de Kirchner anunci\u00f3 ayer un aumento del 30% para la Asignaci\u00f3n Universal por Hijo,<\/p>\n","protected":false},"author":2,"featured_media":31454,"comment_status":"closed","ping_status":"closed","sticky":false,"template":"","format":"standard","meta":{"footnotes":""},"categories":[8],"tags":[21],"class_list":["post-31453","post","type-post","status-publish","format-standard","has-post-thumbnail","hentry","category-informe-nacional","tag-argentina"],"_links":{"self":[{"href":"http:\/\/argentinamunicipal.com.ar\/argentina\/wp-json\/wp\/v2\/posts\/31453","targetHints":{"allow":["GET"]}}],"collection":[{"href":"http:\/\/argentinamunicipal.com.ar\/argentina\/wp-json\/wp\/v2\/posts"}],"about":[{"href":"http:\/\/argentinamunicipal.com.ar\/argentina\/wp-json\/wp\/v2\/types\/post"}],"author":[{"embeddable":true,"href":"http:\/\/argentinamunicipal.com.ar\/argentina\/wp-json\/wp\/v2\/users\/2"}],"replies":[{"embeddable":true,"href":"http:\/\/argentinamunicipal.com.ar\/argentina\/wp-json\/wp\/v2\/comments?post=31453"}],"version-history":[{"count":0,"href":"http:\/\/argentinamunicipal.com.ar\/argentina\/wp-json\/wp\/v2\/posts\/31453\/revisions"}],"wp:featuredmedia":[{"embeddable":true,"href":"http:\/\/argentinamunicipal.com.ar\/argentina\/wp-json\/wp\/v2\/media\/31454"}],"wp:attachment":[{"href":"http:\/\/argentinamunicipal.com.ar\/argentina\/wp-json\/wp\/v2\/media?parent=31453"}],"wp:term":[{"taxonomy":"category","embeddable":true,"href":"http:\/\/argentinamunicipal.com.ar\/argentina\/wp-json\/wp\/v2\/categories?post=31453"},{"taxonomy":"post_tag","embeddable":true,"href":"http:\/\/argentinamunicipal.com.ar\/argentina\/wp-json\/wp\/v2\/tags?post=31453"}],"curies":[{"name":"wp","href":"https:\/\/api.w.org\/{rel}","templated":true}]}}