{"id":31462,"date":"2015-06-16T12:53:31","date_gmt":"2015-06-16T15:53:31","guid":{"rendered":"http:\/\/argentinamunicipal.com.ar\/argentina\/?p=31462"},"modified":"2015-06-16T10:05:01","modified_gmt":"2015-06-16T13:05:01","slug":"se-cumplen-60-anos-del-bombardeo-a-plaza-de-mayo","status":"publish","type":"post","link":"http:\/\/argentinamunicipal.com.ar\/argentina\/se-cumplen-60-anos-del-bombardeo-a-plaza-de-mayo\/","title":{"rendered":"Se cumplen 60 a\u00f1os del bombardeo a Plaza de Mayo"},"content":{"rendered":"<p><a href=\"http:\/\/argentinamunicipal.com.ar\/argentina\/wp-content\/uploads\/2015\/06\/cms-image-000000719.jpg\"><img loading=\"lazy\" decoding=\"async\" class=\"aligncenter  wp-image-31463\" src=\"http:\/\/argentinamunicipal.com.ar\/argentina\/wp-content\/uploads\/2015\/06\/cms-image-000000719.jpg\" alt=\"cms-image-000000719\" width=\"731\" height=\"548\" srcset=\"http:\/\/argentinamunicipal.com.ar\/argentina\/wp-content\/uploads\/2015\/06\/cms-image-000000719.jpg 1024w, http:\/\/argentinamunicipal.com.ar\/argentina\/wp-content\/uploads\/2015\/06\/cms-image-000000719-300x225.jpg 300w\" sizes=\"auto, (max-width: 731px) 100vw, 731px\" \/><\/a><br \/>\nEl hecho fue el resultado de una conspiraci\u00f3n militar, con el fin de asesinar a Per\u00f3n Militares de la Marina y la Aeron\u00e1utica lanzaron 14 toneladas de explosivos en el centro de Buenos Aires. Escalada de violencia<\/p>\n<p>Hace 60 a\u00f1os, la Plaza de Mayo se convert\u00eda en escenario de un cruento bombardeo a\u00e9reo que dej\u00f3 m\u00e1s de 350 muertos y 2.000 heridos. El ataque fue perpetrado por oficiales de la Marina y la Aeron\u00e1utica, quienes, en un intento de asesinar al entonces presidente Juan Domingo Per\u00f3n, descargaron 14 toneladas de explosivos sobre el centro de Buenos Aires.<\/p>\n<p>El 16 de junio de 1955 result\u00f3 la jornada m\u00e1s sangrienta del siglo XX en la Argentina, y marc\u00f3 el inicio de una espiral de violencia pol\u00edtica que se extendi\u00f3 hasta bien entrados los a\u00f1os 70.<\/p>\n<p>En ese marco, el Peronismo se enfrentaba a un polo opositor, integrado por la Iglesia Cat\u00f3lica, la Sociedad Rural y algunos sectores de las Fuerzas Armadas, principalmente de la Marina.<\/p>\n<p>Un a\u00f1o antes, y con el prop\u00f3sito de obtener respaldo popular, Per\u00f3n decidi\u00f3 convocar a elecciones para elegir un vicepresidente que reemplazara al fallecido Hortensio Quijano. A pesar de la crisis econ\u00f3mica que se viv\u00eda, el Justicialismo triunf\u00f3 con m\u00e1s del 63% de los votos, y para la oposici\u00f3n qued\u00f3 en claro que Per\u00f3n no pod\u00eda ser derrotado mediante el voto popular.<\/p>\n<p>Los asalariados conservaban el 53% de participaci\u00f3n en el PBI y las organizaciones sindicales ten\u00edan una amplia participaci\u00f3n en la vida econ\u00f3mica nacional, mientras que los empresarios pugnaban en beneficio de las clases m\u00e1s acomodadas del pa\u00eds.<\/p>\n<p>Adem\u00e1s, el enfrentamiento de Per\u00f3n con la Iglesia parec\u00eda no tener retorno desde la sanci\u00f3n, en 1954, de la Ley de Divorcio, y la convocatoria, el 20 de mayo de 1955, de una Asamblea Constituyente que har\u00eda de Argentina un Estado laico. Eran ofensas que los sectores de la oligarqu\u00eda no perdonaron, y constituyeron los motivos para intentar poner fin, por la fuerza, al Gobierno de Per\u00f3n.<\/p>\n<p>En abril de 1955, m\u00e1s de 200.000 personas se congregaron en Plaza de Mayo, frente a la Catedral Metropolitana en el marco de la celebraci\u00f3n del Corpus Christi, y ese hecho envalenton\u00f3 a los golpistas. Durante la concentraci\u00f3n, un grupo que nunca pudo ser identificado despleg\u00f3 una bandera argentina y la quem\u00f3 frente a los ojos de los manifestantes. En respuesta, el Poder Ejecutivo decidi\u00f3 hacer \u201cun acto de desagravio al pabell\u00f3n nacional\u201d con una parada militar, prevista para el 16 de junio. Era la ocasi\u00f3n que se les present\u00f3 a los conspiradores para matar a Per\u00f3n. Mientras una multitud contemplaba el desfile, 40 aviones de la Naval y la Fuerza A\u00e9rea dejaron caer bombas sobre la Plaza de Mayo.<\/p>\n<p>Los aparatos ten\u00edan grabados en sus fuselajes la inscripci\u00f3n \u201cCristo Vence\u201d y en la primera de sus oleadas, las bombas que lanzaron impactaron en un troleb\u00fas lleno de pasajeros, quienes perecieron en medio de las llamas. Per\u00f3n se refugi\u00f3 en los s\u00f3tanos del edificio Libertador y pudo as\u00ed ponerse a salvo de los atacantes.<\/p>\n<p>La CGT moviliz\u00f3 columnas de trabajadores a Plaza de Mayo con la intenci\u00f3n de defender a Per\u00f3n, y los golpistas emprenden tres oleadas m\u00e1s contra la Plaza de Mayo y la Casa Rosada.<\/p>\n<p>El bombardeo culmina pasadas las 17, y gracias a la intervenci\u00f3n de las tropas del Ej\u00e9rcito, leales al Gobierno, la intentona fracasa. Los aviadores huyen al Uruguay.<\/p>\n<p><strong>Sediciosos<\/strong><\/p>\n<p>Per\u00f3n habl\u00f3 por cadena nacional e instruy\u00f3 la formaci\u00f3n de consejos de guerra para los sediciosos. Entre ellos que se contaban j\u00f3venes capitanes de fragata que tendr\u00edan a\u00f1os m\u00e1s tarde una decisiva intervenci\u00f3n en el terrorismo de Estado, que se inici\u00f3 en los 70:Emilio Eduardo Massera, Horacio Mayorga, Oscar Montes, y Osvaldo Cacciatore. Los principales cabecillas de la rebeli\u00f3n fueron condenados, pero el peronismo no logr\u00f3 sofocar el clima insurreccional al interior de las Fuerzas Armadas, y Per\u00f3n ser\u00eda derrocado el 16 de septiembre de 1955.<\/p>\n<p>La autodenominada \u201cRevoluci\u00f3n Libertadora\u201d asumir\u00eda el control del pa\u00eds e instaurar\u00eda una f\u00e9rrea pol\u00edtica represiva contra el Peronismo, que ser\u00eda proscrito. El recuerdo de aquella masacre dej\u00f3 una huella profunda en el pueblo peronista, y es probable que los hijos de las v\u00edctimas de ese bombardeo hayan apoyado el accionar de las organizaciones armadas que surgieron al calor de 18 a\u00f1os de proscripci\u00f3n. (T\u00e9lam)<\/p>\n<p>El abogado Jos\u00e9 Deguisa pidi\u00f3 a la Justicia, hace siete a\u00f1os, que declare el bombardeo del 16 de junio de 1955 como crimen de lesa humanidad, pero el juez Canicoba Corral lo rechaz\u00f3 y archiv\u00f3 la causa. El abogado consider\u00f3 que en Tribunales \u201csubsiste la tradici\u00f3n antiperonista\u201d. \u201cSe arrojaron bombas sobre poblaci\u00f3n indefensa y hubo m\u00e1s de 300 muertos. La Justicia procesa como imprescriptibles los cr\u00edmenes del franquismo, pero a las v\u00edctimas de este bombardeo se las olvida\u201d, dijo.<\/p>\n<h6>Fuente: La Gaceta<\/h6>\n","protected":false},"excerpt":{"rendered":"<p>El hecho fue el resultado de una conspiraci\u00f3n militar, con el fin de asesinar a Per\u00f3n Militares de la Marina y la Aeron\u00e1utica lanzaron 14 toneladas de explosivos en el centro de Buenos Aires. Escalada de violencia Hace 60 a\u00f1os, la Plaza de Mayo se convert\u00eda en escenario de un cruento bombardeo a\u00e9reo que dej\u00f3<\/p>\n","protected":false},"author":2,"featured_media":31463,"comment_status":"closed","ping_status":"closed","sticky":false,"template":"","format":"standard","meta":{"footnotes":""},"categories":[8],"tags":[21],"class_list":["post-31462","post","type-post","status-publish","format-standard","has-post-thumbnail","hentry","category-informe-nacional","tag-argentina"],"_links":{"self":[{"href":"http:\/\/argentinamunicipal.com.ar\/argentina\/wp-json\/wp\/v2\/posts\/31462","targetHints":{"allow":["GET"]}}],"collection":[{"href":"http:\/\/argentinamunicipal.com.ar\/argentina\/wp-json\/wp\/v2\/posts"}],"about":[{"href":"http:\/\/argentinamunicipal.com.ar\/argentina\/wp-json\/wp\/v2\/types\/post"}],"author":[{"embeddable":true,"href":"http:\/\/argentinamunicipal.com.ar\/argentina\/wp-json\/wp\/v2\/users\/2"}],"replies":[{"embeddable":true,"href":"http:\/\/argentinamunicipal.com.ar\/argentina\/wp-json\/wp\/v2\/comments?post=31462"}],"version-history":[{"count":0,"href":"http:\/\/argentinamunicipal.com.ar\/argentina\/wp-json\/wp\/v2\/posts\/31462\/revisions"}],"wp:featuredmedia":[{"embeddable":true,"href":"http:\/\/argentinamunicipal.com.ar\/argentina\/wp-json\/wp\/v2\/media\/31463"}],"wp:attachment":[{"href":"http:\/\/argentinamunicipal.com.ar\/argentina\/wp-json\/wp\/v2\/media?parent=31462"}],"wp:term":[{"taxonomy":"category","embeddable":true,"href":"http:\/\/argentinamunicipal.com.ar\/argentina\/wp-json\/wp\/v2\/categories?post=31462"},{"taxonomy":"post_tag","embeddable":true,"href":"http:\/\/argentinamunicipal.com.ar\/argentina\/wp-json\/wp\/v2\/tags?post=31462"}],"curies":[{"name":"wp","href":"https:\/\/api.w.org\/{rel}","templated":true}]}}