{"id":31484,"date":"2015-06-17T09:31:52","date_gmt":"2015-06-17T12:31:52","guid":{"rendered":"http:\/\/argentinamunicipal.com.ar\/argentina\/?p=31484"},"modified":"2015-06-17T09:31:52","modified_gmt":"2015-06-17T12:31:52","slug":"una-escuela-de-san-lorenzo-instalo-paneles-solares-para-ensenar-y-proveer-energia","status":"publish","type":"post","link":"http:\/\/argentinamunicipal.com.ar\/argentina\/una-escuela-de-san-lorenzo-instalo-paneles-solares-para-ensenar-y-proveer-energia\/","title":{"rendered":"Una escuela de San Lorenzo instal\u00f3 paneles solares para ense\u00f1ar y proveer energ\u00eda"},"content":{"rendered":"<div id=\"attachment_31485\" style=\"width: 631px\" class=\"wp-caption aligncenter\"><a href=\"http:\/\/argentinamunicipal.com.ar\/argentina\/wp-content\/uploads\/2015\/06\/Lr1601.jpg_88717827.jpg\"><img loading=\"lazy\" decoding=\"async\" aria-describedby=\"caption-attachment-31485\" class=\"size-full wp-image-31485\" src=\"http:\/\/argentinamunicipal.com.ar\/argentina\/wp-content\/uploads\/2015\/06\/Lr1601.jpg_88717827.jpg\" alt=\"Hay equipo. Los estudiantes de la tecnicatura, con la autoridad del establecimiento y los paneles instalados para generar energ\u00eda solar.\" width=\"621\" height=\"465\" srcset=\"http:\/\/argentinamunicipal.com.ar\/argentina\/wp-content\/uploads\/2015\/06\/Lr1601.jpg_88717827.jpg 621w, http:\/\/argentinamunicipal.com.ar\/argentina\/wp-content\/uploads\/2015\/06\/Lr1601.jpg_88717827-300x225.jpg 300w\" sizes=\"auto, (max-width: 621px) 100vw, 621px\" \/><\/a><p id=\"caption-attachment-31485\" class=\"wp-caption-text\">Hay equipo. Los estudiantes de la tecnicatura, con la autoridad del establecimiento y los paneles instalados para generar energ\u00eda solar.<\/p><\/div>\n<p>El establecimiento funciona en San Lorenzo. Los equipos no s\u00f3lo abastecen al edificio educativo: cuando la instituci\u00f3n est\u00e1 cerrada, alimentan a la red de la EPE.<\/p>\n<p>&nbsp;<\/p>\n<p>La Escuela de Educaci\u00f3n T\u00e9cnica 477 Combate de San Lorenzo, de la ciudad hom\u00f3nima, no s\u00f3lo ser\u00e1 sede de la segunda tecnicatura en energ\u00edas renovables de la provincia, sino que adem\u00e1s ya funciona gracias a un equipo de esas caracter\u00edsticas que cumple la triple misi\u00f3n de alimentar parcialmente de electricidad al establecimiento, ser una herramienta pedag\u00f3gica de la misma carrera que all\u00ed se cursa y adem\u00e1s, en los horarios en que la escuela permanezca cerrada, aportar\u00e1 a la red local de la Empresa Provincial de la Energ\u00eda (EPE).<\/p>\n<p>La creaci\u00f3n de la tecnicatura es fruto del compromiso entre la Subsecretar\u00eda de Energ\u00edas Renovables, a cargo de Dami\u00e1n Bleger, y el Ministerio de Educaci\u00f3n provincial. La instalaci\u00f3n del equipamiento para el aprendizaje de esa tecnolog\u00eda de generaci\u00f3n de energ\u00edas renovables se corresponde con el desarrollo curricular. LaCapital dialog\u00f3 sobre esta particular experiencia con el funcionario provincial y con el director del establecimiento educativo sanlorencino, Marcelo Curioni.<\/p>\n<p>Hacia lo solar. Desde la Subsecretar\u00eda de Energ\u00edas Renovables, Bleger adelant\u00f3 que \u00aben el plan de trabajo establecido junto con el Ministerio de Educaci\u00f3n est\u00e1 previsto concretar un trabajo similar al realizado con la instalaci\u00f3n del equipamiento solar-e\u00f3lico-t\u00e9rmico y estaci\u00f3n meteorol\u00f3gica en la Escuela de Educaci\u00f3n T\u00e9cnica 281 General Manuel Savio, de la ciudad de Firmat\u00bb.<\/p>\n<p>En tal sentido, tras los correspondientes estudios, se estableci\u00f3 orientar a la nueva fuente de energ\u00eda hacia lo solar, mientras que en Firmat se opt\u00f3 por tecnolog\u00edas de aprovechamiento e\u00f3lico, de acuerdo con las caracter\u00edsticas propias de la regi\u00f3n, tal como lo indic\u00f3 a este diario el director de la escuela Combate de San Lorenzo.<\/p>\n<p>Bleger destac\u00f3 que la iniciativa \u00abguarda relaci\u00f3n directa con la reciente instalaci\u00f3n de un sistema de energ\u00eda solar para proveer de electricidad a la escuela provincial de la isla del Espinillo, en el Paran\u00e1 frente a Rosario\u00bb, y \u00abque del acuerdo con Educaci\u00f3n surgi\u00f3 un plan de larga duraci\u00f3n de capacitaci\u00f3n a cargo del personal id\u00f3neo de la Subsecretar\u00eda, que proporcionar\u00e1 acompa\u00f1amiento acad\u00e9mico a los profesores de las dos escuelas t\u00e9cnicas comprometidas en el proyecto durante todo el ciclo lectivo\u00bb.<\/p>\n<p>En funcionamiento. La tecnicatura, seg\u00fan Curioni, \u00abse inicia a partir del tercer a\u00f1o EM_DASHlos dos primeros son comunes a todas las especialidades de la escuelaEM_DASH, y se extiende hasta sexto inclusive como cualquier escuela t\u00e9cnica\u00bb. Seg\u00fan se\u00f1al\u00f3, ya est\u00e1 funcionando con unos 30 alumnos. Los equipos adquiridos son usados, en lo pedag\u00f3gico, para los talleres que se dictan sobre Electricidad y Energ\u00eda Termosolar, en tanto que la otra materia de la especializaci\u00f3n es Estudio de los Recursos Energ\u00e9ticos.<\/p>\n<p>A su vez, Bleger destac\u00f3 la importancia de la nueva terminalidad en Energ\u00edas Renovables, en la que se pretende abordar integralmente la tem\u00e1tica desde la educaci\u00f3n media. \u00abEsto se condice en su conjunto con los lineamientos que el gobierno de Santa Fe brinda a proyectos de diferente magnitud, programas para municipios y comunas, incentivando la incorporaci\u00f3n cada vez mayor de las energ\u00edas renovables en la matriz energ\u00e9tica provincial\u00bb.<\/p>\n<p>Desde la provincia se indic\u00f3 que la decisi\u00f3n oficial de formar mandos medios con habilidades en el tema de las energ\u00edas renovables y la eficiencia energ\u00e9tica, es parte del plan estrat\u00e9gico provincial Santa Fe 2030.<\/p>\n<p>As\u00ed, desde la Secretar\u00eda de Energ\u00eda se tramitaron aportes no reintegrables por 400 mil pesos avalados por la ley 12.692, a favor de la Asociaci\u00f3n Cooperadora de la Escuela de Educaci\u00f3n T\u00e9cnica Profesional 477 de San Lorenzo y de la Asociaci\u00f3n Cooperadora de la Escuela de Educaci\u00f3n T\u00e9cnica Profesional 281 de Firmat. El monto sirvi\u00f3 para financiar el equipamiento necesario para las principales \u00e1reas de estudio, a saber: energ\u00eda solar t\u00e9rmica, solar fotovoltaica, generaci\u00f3n e\u00f3lica y evaluaci\u00f3n de recursos.<\/p>\n<p>En tal sentido, Bleger enumer\u00f3 a este diario que a las escuelas \u00abse las provee adem\u00e1s de elementos como una peque\u00f1a estaci\u00f3n meteorol\u00f3gica y un banco de bater\u00edas, todos de primera calidad y \u00faltima generaci\u00f3n\u00bb.<\/p>\n<p>Diez paneles. Curioni agreg\u00f3 en tal sentido que la escuela Combate de San Lorenzo ya cuenta con 10 paneles de energ\u00eda solar conectados en serie, los que se complementan con un un generador e\u00f3lico ubicado a 30 metros de alto, todo lo cual genera un kilovatio de potencia.<\/p>\n<p>\u00abNosotros formamos un t\u00e9cnico que como egresado se puede desempe\u00f1ar como cuentapropista, frente a un futuro que en San Lorenzo muestra un terreno prometedor, porque ya comenz\u00f3 a construirse el tercer parque de producci\u00f3n de energ\u00eda solar, el que seg\u00fan se prev\u00e9, generar\u00e1 1,256 megavatios-hora por a\u00f1o, gracias a una superficie de paneles de captaci\u00f3n de 7.445 metros cuadrados\u00bb, expres\u00f3 el docente. En efecto, San Lorenzo fue la ciudad elegida para construir el primer parque fotovoltaico de la provincia, que ya fue licitado.<\/p>\n<p>Pero m\u00e1s all\u00e1 de eso, Curioni record\u00f3 que existen otras potenciales fuentes de trabajo para los egresados de las tecnicaturas, en el parque e\u00f3lico previsto para la ciudad de Rufino y \u00abque producir\u00e1 electricidad para cuatro Rufinos\u00bb.<\/p>\n<p>Curioni destac\u00f3 que la nueva orentaci\u00f3n comenz\u00f3 a ser promovida por los docentes entre los alumnos del ciclo com\u00fan durante el a\u00f1o anterior y que, con las debidas medidas de seguridad algunos comenzaron a contribuir en la instalaci\u00f3n de los elementos, tarea a cargo de una empresa privada de R\u00edo Cuarto. La nueva carrera se inici\u00f3 formalmente por la ministra de Educaci\u00f3n, Claudia Balagu\u00e9.<\/p>\n<h6>Fuente: La Capital, Rosario<\/h6>\n","protected":false},"excerpt":{"rendered":"<p>El establecimiento funciona en San Lorenzo. Los equipos no s\u00f3lo abastecen al edificio educativo: cuando la instituci\u00f3n est\u00e1 cerrada, alimentan a la red de la EPE. &nbsp; La Escuela de Educaci\u00f3n T\u00e9cnica 477 Combate de San Lorenzo, de la ciudad hom\u00f3nima, no s\u00f3lo ser\u00e1 sede de la segunda tecnicatura en energ\u00edas renovables de la provincia,<\/p>\n","protected":false},"author":2,"featured_media":31485,"comment_status":"closed","ping_status":"closed","sticky":false,"template":"","format":"standard","meta":{"footnotes":""},"categories":[2],"tags":[10],"class_list":["post-31484","post","type-post","status-publish","format-standard","has-post-thumbnail","hentry","category-informe-municipal","tag-santa-fe"],"_links":{"self":[{"href":"http:\/\/argentinamunicipal.com.ar\/argentina\/wp-json\/wp\/v2\/posts\/31484","targetHints":{"allow":["GET"]}}],"collection":[{"href":"http:\/\/argentinamunicipal.com.ar\/argentina\/wp-json\/wp\/v2\/posts"}],"about":[{"href":"http:\/\/argentinamunicipal.com.ar\/argentina\/wp-json\/wp\/v2\/types\/post"}],"author":[{"embeddable":true,"href":"http:\/\/argentinamunicipal.com.ar\/argentina\/wp-json\/wp\/v2\/users\/2"}],"replies":[{"embeddable":true,"href":"http:\/\/argentinamunicipal.com.ar\/argentina\/wp-json\/wp\/v2\/comments?post=31484"}],"version-history":[{"count":0,"href":"http:\/\/argentinamunicipal.com.ar\/argentina\/wp-json\/wp\/v2\/posts\/31484\/revisions"}],"wp:featuredmedia":[{"embeddable":true,"href":"http:\/\/argentinamunicipal.com.ar\/argentina\/wp-json\/wp\/v2\/media\/31485"}],"wp:attachment":[{"href":"http:\/\/argentinamunicipal.com.ar\/argentina\/wp-json\/wp\/v2\/media?parent=31484"}],"wp:term":[{"taxonomy":"category","embeddable":true,"href":"http:\/\/argentinamunicipal.com.ar\/argentina\/wp-json\/wp\/v2\/categories?post=31484"},{"taxonomy":"post_tag","embeddable":true,"href":"http:\/\/argentinamunicipal.com.ar\/argentina\/wp-json\/wp\/v2\/tags?post=31484"}],"curies":[{"name":"wp","href":"https:\/\/api.w.org\/{rel}","templated":true}]}}