{"id":31499,"date":"2015-06-17T09:51:39","date_gmt":"2015-06-17T12:51:39","guid":{"rendered":"http:\/\/argentinamunicipal.com.ar\/argentina\/?p=31499"},"modified":"2015-06-17T09:51:39","modified_gmt":"2015-06-17T12:51:39","slug":"bolivia-detallara-a-peru-proyecto-de-tren-bioceanico-y-analizara-con-paraguay-alianza-energetica","status":"publish","type":"post","link":"http:\/\/argentinamunicipal.com.ar\/argentina\/bolivia-detallara-a-peru-proyecto-de-tren-bioceanico-y-analizara-con-paraguay-alianza-energetica\/","title":{"rendered":"Bolivia detallar\u00e1 a Per\u00fa proyecto de tren bioce\u00e1nico y analizar\u00e1 con Paraguay alianza energ\u00e9tica"},"content":{"rendered":"<p><a href=\"http:\/\/argentinamunicipal.com.ar\/argentina\/wp-content\/uploads\/2015\/06\/00875a.jpg\"><img loading=\"lazy\" decoding=\"async\" class=\"alignleft size-full wp-image-31500\" src=\"http:\/\/argentinamunicipal.com.ar\/argentina\/wp-content\/uploads\/2015\/06\/00875a.jpg\" alt=\"00875a\" width=\"475\" height=\"320\" srcset=\"http:\/\/argentinamunicipal.com.ar\/argentina\/wp-content\/uploads\/2015\/06\/00875a.jpg 475w, http:\/\/argentinamunicipal.com.ar\/argentina\/wp-content\/uploads\/2015\/06\/00875a-300x202.jpg 300w\" sizes=\"auto, (max-width: 475px) 100vw, 475px\" \/><\/a>El presidente Evo Morales inform\u00f3 el martes que en los pr\u00f3ximos d\u00edas sostendr\u00e1 dos reuniones bilaterales: la primera con su hom\u00f3logo de Per\u00fa, Ollanta Humala, a quien le explicar\u00e1 la importancia del ferrocarril bioce\u00e1nico para la integraci\u00f3n regional y la segunda con el presidente paraguayo, Horacio Cartes, con el objetivo de analizar una alianza energ\u00e9tica.<\/p>\n<p>En conferencia de prensa mandatario precis\u00f3 que el 23 de junio se reunir\u00e1 con Humala en Puno, Per\u00fa, para detallar la propuesta del tren bioce\u00e1nico \u00abque beneficiar\u00e1 a seis pa\u00edses de Sudam\u00e9rica\u00bb.<\/p>\n<p>\u00abPrimero se beneficiar\u00e1n Bolivia, Brasil y Per\u00fa y por el r\u00edo Paran\u00e1 se beneficiar\u00e1n Uruguay, Paraguay y Argentina\u00bb, indic\u00f3 y destac\u00f3 que con ese proyecto se disminuir\u00e1 la distancia y el tiempo en la importaci\u00f3n y exportaci\u00f3n de productos hacia Asia.<\/p>\n<p>Seg\u00fan el proyecto f\u00e9rreo boliviano el trazo de la l\u00ednea de 3.750 kil\u00f3metros de distancia comprende desde Brasil, pasa por Bolivia, para desembocar en los puertos peruanos del Pac\u00edfico y hasta llegar a los mercados de Asia.<\/p>\n<p>De acuerdo al Mandatario, ese proyecto es \u00abm\u00e1s barato y corto\u00bb que el proyecto binacional planteado por Per\u00fa y Brasil que pasa por la Amazonia y tiene problemas ambientales.<\/p>\n<p>\u00abNo solamente ser\u00e1 un encuentro de presidentes para una fotograf\u00eda sino el trabajo estar\u00e1 acompa\u00f1ado con otros ministros\u00bb, dijo al referirse a la reuni\u00f3n bilateral con Humala.<\/p>\n<p>Asimismo, agreg\u00f3 que con Per\u00fa se debatir\u00e1 sobre la complementaci\u00f3n en el tema energ\u00e9tico, en atenci\u00f3n a la demanda de ese pa\u00eds vecino de implementar un gasoducto hasta Puno.<\/p>\n<p>Respecto a la reuni\u00f3n de alto nivel prevista para el 29 de junio en Asunci\u00f3n, Morales sostuvo que el Presidente de Paraguay le solicit\u00f3 acelerar una alianza estrategia en el tema energ\u00e9tico.<\/p>\n<p>\u00abMe comentaba que a ellos les cuesta car\u00edsimo trasladar desde esa gran planta hidroel\u00e9ctrica que tiene Brasil y Per\u00fa hasta la frontera con Bolivia. Ellos en vez de trasladar prefieren comprarnos a nosotros para las poblaciones que est\u00e1n cerca a Bolivia en el Chaco\u00bb, puntualiz\u00f3.<\/p>\n<p>En la v\u00edspera, el Presidente de Paraguay confirm\u00f3 \u00abcon profunda alegr\u00eda\u00bb la visita oficial a su pa\u00eds de su hom\u00f3logo de Bolivia, para repasar la agenda bilateral, signada por la integraci\u00f3n energ\u00e9tica.<\/p>\n<h6>Fuente: Tucum\u00e1n Hoy<\/h6>\n","protected":false},"excerpt":{"rendered":"<p>El presidente Evo Morales inform\u00f3 el martes que en los pr\u00f3ximos d\u00edas sostendr\u00e1 dos reuniones bilaterales: la primera con su hom\u00f3logo de Per\u00fa, Ollanta Humala, a quien le explicar\u00e1 la importancia del ferrocarril bioce\u00e1nico para la integraci\u00f3n regional y la segunda con el presidente paraguayo, Horacio Cartes, con el objetivo de analizar una alianza energ\u00e9tica.<\/p>\n","protected":false},"author":2,"featured_media":31500,"comment_status":"closed","ping_status":"closed","sticky":false,"template":"","format":"standard","meta":{"footnotes":""},"categories":[22],"tags":[57],"class_list":["post-31499","post","type-post","status-publish","format-standard","has-post-thumbnail","hentry","category-el-mundo","tag-el-mundo"],"_links":{"self":[{"href":"http:\/\/argentinamunicipal.com.ar\/argentina\/wp-json\/wp\/v2\/posts\/31499","targetHints":{"allow":["GET"]}}],"collection":[{"href":"http:\/\/argentinamunicipal.com.ar\/argentina\/wp-json\/wp\/v2\/posts"}],"about":[{"href":"http:\/\/argentinamunicipal.com.ar\/argentina\/wp-json\/wp\/v2\/types\/post"}],"author":[{"embeddable":true,"href":"http:\/\/argentinamunicipal.com.ar\/argentina\/wp-json\/wp\/v2\/users\/2"}],"replies":[{"embeddable":true,"href":"http:\/\/argentinamunicipal.com.ar\/argentina\/wp-json\/wp\/v2\/comments?post=31499"}],"version-history":[{"count":0,"href":"http:\/\/argentinamunicipal.com.ar\/argentina\/wp-json\/wp\/v2\/posts\/31499\/revisions"}],"wp:featuredmedia":[{"embeddable":true,"href":"http:\/\/argentinamunicipal.com.ar\/argentina\/wp-json\/wp\/v2\/media\/31500"}],"wp:attachment":[{"href":"http:\/\/argentinamunicipal.com.ar\/argentina\/wp-json\/wp\/v2\/media?parent=31499"}],"wp:term":[{"taxonomy":"category","embeddable":true,"href":"http:\/\/argentinamunicipal.com.ar\/argentina\/wp-json\/wp\/v2\/categories?post=31499"},{"taxonomy":"post_tag","embeddable":true,"href":"http:\/\/argentinamunicipal.com.ar\/argentina\/wp-json\/wp\/v2\/tags?post=31499"}],"curies":[{"name":"wp","href":"https:\/\/api.w.org\/{rel}","templated":true}]}}