{"id":31508,"date":"2015-06-17T10:05:19","date_gmt":"2015-06-17T13:05:19","guid":{"rendered":"http:\/\/argentinamunicipal.com.ar\/argentina\/?p=31508"},"modified":"2015-06-17T10:05:19","modified_gmt":"2015-06-17T13:05:19","slug":"los-victorienses-viajan-gratis-en-los-colectivos-urbanos","status":"publish","type":"post","link":"http:\/\/argentinamunicipal.com.ar\/argentina\/los-victorienses-viajan-gratis-en-los-colectivos-urbanos\/","title":{"rendered":"Los victorienses viajan gratis en los colectivos urbanos"},"content":{"rendered":"<div id=\"attachment_31509\" style=\"width: 641px\" class=\"wp-caption aligncenter\"><a href=\"http:\/\/argentinamunicipal.com.ar\/argentina\/wp-content\/uploads\/2015\/06\/Victoria.jpg_973718260.jpg\"><img loading=\"lazy\" decoding=\"async\" aria-describedby=\"caption-attachment-31509\" class=\" wp-image-31509\" src=\"http:\/\/argentinamunicipal.com.ar\/argentina\/wp-content\/uploads\/2015\/06\/Victoria.jpg_973718260.jpg\" alt=\"Nuevo sistema p\u00fablico. Las unidades permiten el ingreso de personas en silla de ruedas.\" width=\"631\" height=\"440\" srcset=\"http:\/\/argentinamunicipal.com.ar\/argentina\/wp-content\/uploads\/2015\/06\/Victoria.jpg_973718260.jpg 789w, http:\/\/argentinamunicipal.com.ar\/argentina\/wp-content\/uploads\/2015\/06\/Victoria.jpg_973718260-300x209.jpg 300w\" sizes=\"auto, (max-width: 631px) 100vw, 631px\" \/><\/a><p id=\"caption-attachment-31509\" class=\"wp-caption-text\">Nuevo sistema p\u00fablico. Las unidades permiten el ingreso de personas en silla de ruedas.<\/p><\/div>\n<p>Adem\u00e1s las unidades en el departamento de Entre R\u00edos permiten el ingreso de personas en silla de ruedas.<\/p>\n<p>Durante esta semana, en el marco de la estrategia de la Municipalidad de Victoria para instrumentar el nuevo sistema de transporte p\u00fablico urbano, los usuarios de colectivos de La Ciudad de las Siete Colinas viajan gratis. Las tres unidades adquiridas a la Municipalidad de Rosario para afectarlas al Transporte Urbano \u00a0Municipal (TUM) fueron presentadas la semana pasada, y llevan nombres alusivos a los pioneros en la prestaci\u00f3n del servicio: \u2018El Gugasa\u2019 (identificado con el color amarillo), \u2018El Corcho\u2019 (verde) y \u2018El Coproset\u2019 (azul).<\/p>\n<p>Las tres l\u00edneas urbanas trazadas operan gratuitamente, en la actualidad, de 6 a 14 y de 16 a 22.<\/p>\n<p>Por otra parte, en el marco de la instrumentaci\u00f3n del nuevo sistema, la Municipalidad de Victoria inform\u00f3 que los distintos comercios de los barrios incluidos en el trazado regular, ser\u00e1n los encargados de vender los boletos. Como los choferes no manejar\u00e1n dinero, quienes no adquieran el boleto previamente, deber\u00e1n abonar ingresar el importe exacto (6 pesos) en una m\u00e1quina a bordo del veh\u00edculo. Los valores de pasajes, a partir de la pr\u00f3xima semana, ser\u00e1n 5 pesos el boleto general; 3 pesos para estudiantes y jubilados; mientras que ser\u00e1 gratuito para las personas con discapacidad.<\/p>\n<h6>Fuente: Uno, Entre R\u00edos<\/h6>\n","protected":false},"excerpt":{"rendered":"<p>Adem\u00e1s las unidades en el departamento de Entre R\u00edos permiten el ingreso de personas en silla de ruedas. Durante esta semana, en el marco de la estrategia de la Municipalidad de Victoria para instrumentar el nuevo sistema de transporte p\u00fablico urbano, los usuarios de colectivos de La Ciudad de las Siete Colinas viajan gratis. Las<\/p>\n","protected":false},"author":2,"featured_media":31509,"comment_status":"closed","ping_status":"closed","sticky":false,"template":"","format":"standard","meta":{"footnotes":""},"categories":[2],"tags":[17],"class_list":["post-31508","post","type-post","status-publish","format-standard","has-post-thumbnail","hentry","category-informe-municipal","tag-entre-rios"],"_links":{"self":[{"href":"http:\/\/argentinamunicipal.com.ar\/argentina\/wp-json\/wp\/v2\/posts\/31508","targetHints":{"allow":["GET"]}}],"collection":[{"href":"http:\/\/argentinamunicipal.com.ar\/argentina\/wp-json\/wp\/v2\/posts"}],"about":[{"href":"http:\/\/argentinamunicipal.com.ar\/argentina\/wp-json\/wp\/v2\/types\/post"}],"author":[{"embeddable":true,"href":"http:\/\/argentinamunicipal.com.ar\/argentina\/wp-json\/wp\/v2\/users\/2"}],"replies":[{"embeddable":true,"href":"http:\/\/argentinamunicipal.com.ar\/argentina\/wp-json\/wp\/v2\/comments?post=31508"}],"version-history":[{"count":0,"href":"http:\/\/argentinamunicipal.com.ar\/argentina\/wp-json\/wp\/v2\/posts\/31508\/revisions"}],"wp:featuredmedia":[{"embeddable":true,"href":"http:\/\/argentinamunicipal.com.ar\/argentina\/wp-json\/wp\/v2\/media\/31509"}],"wp:attachment":[{"href":"http:\/\/argentinamunicipal.com.ar\/argentina\/wp-json\/wp\/v2\/media?parent=31508"}],"wp:term":[{"taxonomy":"category","embeddable":true,"href":"http:\/\/argentinamunicipal.com.ar\/argentina\/wp-json\/wp\/v2\/categories?post=31508"},{"taxonomy":"post_tag","embeddable":true,"href":"http:\/\/argentinamunicipal.com.ar\/argentina\/wp-json\/wp\/v2\/tags?post=31508"}],"curies":[{"name":"wp","href":"https:\/\/api.w.org\/{rel}","templated":true}]}}