{"id":31511,"date":"2015-06-17T10:14:55","date_gmt":"2015-06-17T13:14:55","guid":{"rendered":"http:\/\/argentinamunicipal.com.ar\/argentina\/?p=31511"},"modified":"2015-06-19T11:03:00","modified_gmt":"2015-06-19T14:03:00","slug":"chajari-conforma-una-mesa-intersectorial-para-erradicar-el-trabajo-infantil","status":"publish","type":"post","link":"http:\/\/argentinamunicipal.com.ar\/argentina\/chajari-conforma-una-mesa-intersectorial-para-erradicar-el-trabajo-infantil\/","title":{"rendered":"Chajar\u00ed conforma una mesa intersectorial para erradicar el trabajo infantil"},"content":{"rendered":"<p><a href=\"http:\/\/argentinamunicipal.com.ar\/argentina\/wp-content\/uploads\/2015\/06\/trabajo-infantil-e1434546851815.jpg\"><img loading=\"lazy\" decoding=\"async\" class=\"aligncenter wp-image-31512 \" src=\"http:\/\/argentinamunicipal.com.ar\/argentina\/wp-content\/uploads\/2015\/06\/trabajo-infantil-e1434546851815.jpg\" alt=\"\" width=\"711\" height=\"610\" srcset=\"http:\/\/argentinamunicipal.com.ar\/argentina\/wp-content\/uploads\/2015\/06\/trabajo-infantil-e1434546851815.jpg 1107w, http:\/\/argentinamunicipal.com.ar\/argentina\/wp-content\/uploads\/2015\/06\/trabajo-infantil-e1434546851815-300x257.jpg 300w, http:\/\/argentinamunicipal.com.ar\/argentina\/wp-content\/uploads\/2015\/06\/trabajo-infantil-e1434546851815-1024x879.jpg 1024w\" sizes=\"auto, (max-width: 711px) 100vw, 711px\" \/><\/a><br \/>\nRealizan la convocatoria a distintas entidades gubernamentales, ONGs, organismos y actores involucrados en el tratamiento de la tem\u00e1tica del trabajo infantil. Autoridades aseguran que \u00abes un delito\u00bb y buscan concientizar.<\/p>\n<p>La coordinadora de la Comisi\u00f3n Provincial de Erradicaci\u00f3n del Trabajo Infantil, M\u00f3nica Mu\u00f1oz, estuvo en Chajar\u00ed, oportunidad en que se reuni\u00f3 con el intendente Jos\u00e9 Luis Panozzo. El objetivo del encuentro fue avanzar en la conformaci\u00f3n de la Mesa Local de la comisi\u00f3n, la que comenzar\u00eda a tomar forma a la brevedad, con la convocatoria para las distintas entidades gubernamentales, ONG y dem\u00e1s organismos y actores involucrados en el tratamiento de la tem\u00e1tica del trabajo infantil.<\/p>\n<p>Mu\u00f1oz destac\u00f3 la predisposici\u00f3n del jefe comunal por su inmediata respuesta para con la propuesta.<\/p>\n<p>Por otra parte, resalt\u00f3 que hay mucho camino por recorrer en cuanto a la erradicaci\u00f3n del trabajo de menores, siendo el campo el punto estrat\u00e9gico en este sentido.<\/p>\n<p>En tanto, Miguel \u00c1ngel \u00abCacho\u00bb Cardozo, titular de la delegaci\u00f3n de la Direcci\u00f3n de Trabajo celebr\u00f3 la posibilidad de contar con una mesa local. Precis\u00f3 que en la zona, lo m\u00e1s usual en cuanto a menores trabajando est\u00e1 en las quintas, montes de eucaliptos o aserraderos. No obstante, admiti\u00f3 que hubo una reducci\u00f3n de los casos tras la intensificaci\u00f3n de las inspecciones.<\/p>\n<p>Ambos entrevistados insistieron en que el trabajo infantil es un delito y bregaron por la concienciaci\u00f3n al respecto y el cambio cultural que requiere la problem\u00e1tica.<\/p>\n<p>Por \u00faltimo, pidieron a los empleadores y a las familias que ante cualquier duda consulten sobre el tema en la Direcci\u00f3n de Trabajo.<\/p>\n<h6>Fuente: El Once<\/h6>\n","protected":false},"excerpt":{"rendered":"<p>Realizan la convocatoria a distintas entidades gubernamentales, ONGs, organismos y actores involucrados en el tratamiento de la tem\u00e1tica del trabajo infantil. Autoridades aseguran que \u00abes un delito\u00bb y buscan concientizar.<\/p>\n","protected":false},"author":2,"featured_media":31512,"comment_status":"closed","ping_status":"closed","sticky":false,"template":"","format":"standard","meta":{"footnotes":""},"categories":[2],"tags":[17],"class_list":["post-31511","post","type-post","status-publish","format-standard","has-post-thumbnail","hentry","category-informe-municipal","tag-entre-rios"],"_links":{"self":[{"href":"http:\/\/argentinamunicipal.com.ar\/argentina\/wp-json\/wp\/v2\/posts\/31511","targetHints":{"allow":["GET"]}}],"collection":[{"href":"http:\/\/argentinamunicipal.com.ar\/argentina\/wp-json\/wp\/v2\/posts"}],"about":[{"href":"http:\/\/argentinamunicipal.com.ar\/argentina\/wp-json\/wp\/v2\/types\/post"}],"author":[{"embeddable":true,"href":"http:\/\/argentinamunicipal.com.ar\/argentina\/wp-json\/wp\/v2\/users\/2"}],"replies":[{"embeddable":true,"href":"http:\/\/argentinamunicipal.com.ar\/argentina\/wp-json\/wp\/v2\/comments?post=31511"}],"version-history":[{"count":0,"href":"http:\/\/argentinamunicipal.com.ar\/argentina\/wp-json\/wp\/v2\/posts\/31511\/revisions"}],"wp:featuredmedia":[{"embeddable":true,"href":"http:\/\/argentinamunicipal.com.ar\/argentina\/wp-json\/wp\/v2\/media\/31512"}],"wp:attachment":[{"href":"http:\/\/argentinamunicipal.com.ar\/argentina\/wp-json\/wp\/v2\/media?parent=31511"}],"wp:term":[{"taxonomy":"category","embeddable":true,"href":"http:\/\/argentinamunicipal.com.ar\/argentina\/wp-json\/wp\/v2\/categories?post=31511"},{"taxonomy":"post_tag","embeddable":true,"href":"http:\/\/argentinamunicipal.com.ar\/argentina\/wp-json\/wp\/v2\/tags?post=31511"}],"curies":[{"name":"wp","href":"https:\/\/api.w.org\/{rel}","templated":true}]}}