{"id":31535,"date":"2015-06-18T08:06:22","date_gmt":"2015-06-18T11:06:22","guid":{"rendered":"http:\/\/argentinamunicipal.com.ar\/argentina\/?p=31535"},"modified":"2015-06-18T08:06:22","modified_gmt":"2015-06-18T11:06:22","slug":"la-obra-de-cocheras-del-parque-alberdi-en-santa-fe-tiene-un-avance-del-50","status":"publish","type":"post","link":"http:\/\/argentinamunicipal.com.ar\/argentina\/la-obra-de-cocheras-del-parque-alberdi-en-santa-fe-tiene-un-avance-del-50\/","title":{"rendered":"La obra de cocheras del parque Alberdi en Santa Fe tiene un avance del 50%"},"content":{"rendered":"<div id=\"attachment_31536\" style=\"width: 667px\" class=\"wp-caption aligncenter\"><a href=\"http:\/\/argentinamunicipal.com.ar\/argentina\/wp-content\/uploads\/2015\/06\/126535_a2.jpg\"><img loading=\"lazy\" decoding=\"async\" aria-describedby=\"caption-attachment-31536\" class=\" wp-image-31536\" src=\"http:\/\/argentinamunicipal.com.ar\/argentina\/wp-content\/uploads\/2015\/06\/126535_a2.jpg\" alt=\"7.500 metros cuadrados de losa.\u00a0\u00c9sa ser\u00e1 la superficie cubierta de las 295 cocheras, que quedar\u00e1n debajo de una capa de c\u00e9sped, sendas peatonales y una zona de juegos del parque.\u00a0\" width=\"657\" height=\"436\" srcset=\"http:\/\/argentinamunicipal.com.ar\/argentina\/wp-content\/uploads\/2015\/06\/126535_a2.jpg 1024w, http:\/\/argentinamunicipal.com.ar\/argentina\/wp-content\/uploads\/2015\/06\/126535_a2-300x199.jpg 300w\" sizes=\"auto, (max-width: 657px) 100vw, 657px\" \/><\/a><p id=\"caption-attachment-31536\" class=\"wp-caption-text\">7.500 metros cuadrados de losa.\u00a0\u00c9sa ser\u00e1 la superficie cubierta de las 295 cocheras, que quedar\u00e1n debajo de una capa de c\u00e9sped, sendas peatonales y una zona de juegos del parque.<\/p><\/div>\n<p>La estructura de hormig\u00f3n est\u00e1 casi terminada. Falta la segunda etapa: nivelaci\u00f3n del terreno, colocaci\u00f3n de una capa de tierra sobre las cocheras y su parquizaci\u00f3n. Esperan completar las tareas en los primeros meses de 2016.<\/p>\n<p>Las 295 cocheras semisoterradas del Parque Alberdi comenzaron a tomar forma. La obra, que dividi\u00f3 aguas en la ciudad y despert\u00f3 una fuerte pol\u00e9mica respecto de su realizaci\u00f3n, ya tiene un 50% de avance. El indicio m\u00e1s notorio se divisa al paso, al mirar por encima de los paneles colocados sobre calle 27 de Febrero: ya se instal\u00f3 el 80% de las columnas de hormig\u00f3n, y se coloc\u00f3 el techo en un 70%.<\/p>\n<p>\u201cLa estructura de hormig\u00f3n de las cocheras est\u00e1 casi terminada\u201d. As\u00ed lo inform\u00f3 esta ma\u00f1ana el arquitecto Jorge Ruiz, representante t\u00e9cnico de la obra por Ponce Construcciones, empresa constituida en UTE junto con CAM para ejecutar los trabajos. El viernes se coloc\u00f3 el hormig\u00f3n en el sector sur y esta semana comenz\u00f3 el planteo y desarrollo de la rampa de acceso y salida de veh\u00edculos en la esquina de Falucho y 27 de Febrero.<\/p>\n<p>La segunda etapa comenz\u00f3 en los \u00faltimos d\u00edas. \u201cConsiste en el desarrollo del parque que, por el nivel de terminaci\u00f3n, llevar\u00e1 m\u00e1s tiempo\u201d, explic\u00f3 el arquitecto Carlos Amaya, quien desarroll\u00f3 el proyecto con Emiliano Ternavasio, ambos para CAM Construcciones, y junto a la Secretar\u00eda de Planeamiento Urbano de la Municipalidad.<\/p>\n<p><strong>Estructura de hormig\u00f3n<\/strong><\/p>\n<p>La obra de las cocheras se desarrolla de norte a sur, y en el mismo sentido avanzan los trabajos.<\/p>\n<p>Tras la excavaci\u00f3n, se hizo el suelo: una losa de subpresi\u00f3n que ya fue colocada en el 80% de la superficie total. \u201cEs una losa que aguanta presiones desde abajo, como la del agua y del terreno que son invertidas, y por eso la losa trabaja en sentido contrario: hacia arriba\u201d, explic\u00f3 Ruiz. Luego se ejecutan las columnas (s\u00f3lo resta instalar el 20%) y, en forma paralela, se desarrolla el per\u00edmetro de tabique, con tensi\u00f3n y soporte de losa perimetral.<\/p>\n<p>Se colocaron como techo 5.500 metros cuadrados de losa y vigas premoldeadas que cubrir\u00e1n una superficie total de 7.500 metros cuadrados, cuando se terminen los trabajos. Se implement\u00f3 un sistema mixto (tradicional y premoldeado) que permiti\u00f3 mayor velocidad en el avance de trabajos. El techo de las cocheras es el futuro piso: sobre la losa y las vigas se colocar\u00e1 una capa de compresi\u00f3n de 5 cent\u00edmetros de malla sima (de hierro). \u201cEsto es definitivo y terminado: falta impermeabilizarlo y nivelar el terreno al punto de cubrir toda la superficie con tierra y c\u00e9sped\u201d, detall\u00f3 Ruiz.<\/p>\n<p><strong>El parque<\/strong><\/p>\n<p>La segunda etapa de la obra comenz\u00f3 con la nivelaci\u00f3n del terreno. \u201cLa superficie ser\u00e1 totalmente transitable: se colocar\u00e1 una capa de tierra de 30 cent\u00edmetros con los panes de c\u00e9sped correspondientes para cubrir todo el predio\u201d, detall\u00f3 Ruiz. El parque tendr\u00e1 sendas peatonales, espacios de juegos y sectores predeterminados por el proyecto.<\/p>\n<p>De cara a calle Rivadavia y su intersecci\u00f3n con Tucum\u00e1n se reinstalar\u00e1 el Monumento a la Madre. \u201cEstar\u00e1 en el mismo espacio, en la misma posici\u00f3n en que estaba y con las mismas caracter\u00edsticas: la escalinata y el pedestal; alrededor habr\u00e1 una rampa peatonal hacia el costado que permitir\u00e1 el acceso sobre las cocheras\u201d, agreg\u00f3 Amaya.<\/p>\n<p>Entre otros aspectos, los encargados de la obra destacaron que se dejaron dos palos borrachos cuya silueta se introduce en las cocheras para evitar quitarlos. \u201cSon cuatro d\u00e1rsenas que se decidi\u00f3 no utilizar para permitir que los \u00e1rboles queden en pie\u201d, agregaron. Tambi\u00e9n informaron que el resto de los \u00e1rboles fue trasplantado en la avenida Alem y en diferentes destinos determinados por la Municipalidad, entre ellos cuatro palmeras que se trasplantaron a la Plaza Col\u00f3n.<\/p>\n<p><strong>40\u00a0personas<\/strong><\/p>\n<p>trabajan en la obra, entre administrativos, encargados de obra y obreros. Las tareas se realizan de lunes a s\u00e1bado, desde primera hora y hasta la tarde; e incluso los fines de semana cuando es necesario recuperar d\u00edas perdidos.<\/p>\n<h6>Fuente: El Litoral, Santa Fe<\/h6>\n","protected":false},"excerpt":{"rendered":"<p>La estructura de hormig\u00f3n est\u00e1 casi terminada. Falta la segunda etapa: nivelaci\u00f3n del terreno, colocaci\u00f3n de una capa de tierra sobre las cocheras y su parquizaci\u00f3n. Esperan completar las tareas en los primeros meses de 2016. Las 295 cocheras semisoterradas del Parque Alberdi comenzaron a tomar forma. La obra, que dividi\u00f3 aguas en la ciudad<\/p>\n","protected":false},"author":2,"featured_media":31536,"comment_status":"closed","ping_status":"closed","sticky":false,"template":"","format":"standard","meta":{"footnotes":""},"categories":[2],"tags":[10],"class_list":["post-31535","post","type-post","status-publish","format-standard","has-post-thumbnail","hentry","category-informe-municipal","tag-santa-fe"],"_links":{"self":[{"href":"http:\/\/argentinamunicipal.com.ar\/argentina\/wp-json\/wp\/v2\/posts\/31535","targetHints":{"allow":["GET"]}}],"collection":[{"href":"http:\/\/argentinamunicipal.com.ar\/argentina\/wp-json\/wp\/v2\/posts"}],"about":[{"href":"http:\/\/argentinamunicipal.com.ar\/argentina\/wp-json\/wp\/v2\/types\/post"}],"author":[{"embeddable":true,"href":"http:\/\/argentinamunicipal.com.ar\/argentina\/wp-json\/wp\/v2\/users\/2"}],"replies":[{"embeddable":true,"href":"http:\/\/argentinamunicipal.com.ar\/argentina\/wp-json\/wp\/v2\/comments?post=31535"}],"version-history":[{"count":0,"href":"http:\/\/argentinamunicipal.com.ar\/argentina\/wp-json\/wp\/v2\/posts\/31535\/revisions"}],"wp:featuredmedia":[{"embeddable":true,"href":"http:\/\/argentinamunicipal.com.ar\/argentina\/wp-json\/wp\/v2\/media\/31536"}],"wp:attachment":[{"href":"http:\/\/argentinamunicipal.com.ar\/argentina\/wp-json\/wp\/v2\/media?parent=31535"}],"wp:term":[{"taxonomy":"category","embeddable":true,"href":"http:\/\/argentinamunicipal.com.ar\/argentina\/wp-json\/wp\/v2\/categories?post=31535"},{"taxonomy":"post_tag","embeddable":true,"href":"http:\/\/argentinamunicipal.com.ar\/argentina\/wp-json\/wp\/v2\/tags?post=31535"}],"curies":[{"name":"wp","href":"https:\/\/api.w.org\/{rel}","templated":true}]}}