{"id":31572,"date":"2015-06-18T08:54:07","date_gmt":"2015-06-18T11:54:07","guid":{"rendered":"http:\/\/argentinamunicipal.com.ar\/argentina\/?p=31572"},"modified":"2015-06-18T08:54:07","modified_gmt":"2015-06-18T11:54:07","slug":"el-banco-mundial-elevo-su-prevision-de-crecimiento-para-la-argentina","status":"publish","type":"post","link":"http:\/\/argentinamunicipal.com.ar\/argentina\/el-banco-mundial-elevo-su-prevision-de-crecimiento-para-la-argentina\/","title":{"rendered":"El Banco Mundial elev\u00f3 su previsi\u00f3n de crecimiento para la Argentina"},"content":{"rendered":"<p><a href=\"http:\/\/argentinamunicipal.com.ar\/argentina\/wp-content\/uploads\/2015\/06\/557a2ecd1cde4.jpg\"><img loading=\"lazy\" decoding=\"async\" class=\"aligncenter  wp-image-31573\" src=\"http:\/\/argentinamunicipal.com.ar\/argentina\/wp-content\/uploads\/2015\/06\/557a2ecd1cde4.jpg\" alt=\"557a2ecd1cde4\" width=\"648\" height=\"486\" srcset=\"http:\/\/argentinamunicipal.com.ar\/argentina\/wp-content\/uploads\/2015\/06\/557a2ecd1cde4.jpg 866w, http:\/\/argentinamunicipal.com.ar\/argentina\/wp-content\/uploads\/2015\/06\/557a2ecd1cde4-300x225.jpg 300w\" sizes=\"auto, (max-width: 648px) 100vw, 648px\" \/><\/a><br \/>\nPas\u00f3 de una ca\u00edda de 0,3% para 2015 en las estimaciones de enero, a un escenario m\u00e1s positivo en el \u00faltimo informe, en el que estima que el Producto Interno Bruto del pa\u00eds crecer\u00e1 1,1% este a\u00f1o.<\/p>\n<p>Asimismo, el organismo multilateral proyecta un crecimiento de 1,8% y 3% para 2016 y 2017.<\/p>\n<p>El informe fundamenta el cambio de perspectivas para el pa\u00eds en que el \u00abmodesto crecimiento es impulsado por el consumo p\u00fablico\u00bb, y afirma que hubo un salto en la confianza de los inversores para con la Argentina.<\/p>\n<p>Al mismo tiempo, el BM da cuenta de que la baja en la cotizaci\u00f3n de la soja \u00abha reducido los ingresos de exportaci\u00f3n\u00bb.<\/p>\n<p>En una perspectiva de m\u00e1s largo plazo, el BM prev\u00e9 que \u00abArgentina ver\u00e1 un crecimiento modesto este a\u00f1o, pero se espera que la actividad econ\u00f3mica crezca en 2016 y 2017 en un entorno macroecon\u00f3mico m\u00e1s fuerte y con acceso recuperado a los mercados internacionales de capital\u00bb.<\/p>\n<p>En sus estimaciones, se puede observar tambi\u00e9n que el Banco Mundial prev\u00e9 que Brasil contraiga su econom\u00eda 1,3% durante 2015.<\/p>\n<p>El informe, que consiste en las actualizaciones del panorama econ\u00f3mico mundial del informe oportunamente publicado en enero, advierte que \u00ablos pa\u00edses en desarrollo enfrentan dura transici\u00f3n en 2015, con mayores costos de endeudamiento y menores precios para el petr\u00f3leo y otros productos b\u00e1sicos\u00bb.<\/p>\n<p>Al mismo tiempo, adelanta que el \u00abinminente alza de tasas de inter\u00e9s en Estados Unidos podr\u00eda reducir flujos de capital y fomentar inestabilidad en mercados financieros de pa\u00edses en desarrollo\u00bb.<\/p>\n<p>Frente a este escenario, el BM adelanta que \u00abla situaci\u00f3n se traducir\u00eda en un cuarto a\u00f1o consecutivo de magro crecimiento econ\u00f3mico\u00bb.<\/p>\n<p>\u00abLas naciones en desarrollo fueron un motor del crecimiento luego de la crisis financiera, pero ahora enfrentan un entorno econ\u00f3mico m\u00e1s dif\u00edcil\u00bb, se\u00f1al\u00f3 Jim Yong Kim, presidente del Grupo Banco Mundial.<\/p>\n<h6>Fuente: Uno, Mendoza<\/h6>\n","protected":false},"excerpt":{"rendered":"<p>Pas\u00f3 de una ca\u00edda de 0,3% para 2015 en las estimaciones de enero, a un escenario m\u00e1s positivo en el \u00faltimo informe, en el que estima que el Producto Interno Bruto del pa\u00eds crecer\u00e1 1,1% este a\u00f1o. Asimismo, el organismo multilateral proyecta un crecimiento de 1,8% y 3% para 2016 y 2017. El informe fundamenta<\/p>\n","protected":false},"author":2,"featured_media":31573,"comment_status":"closed","ping_status":"closed","sticky":false,"template":"","format":"standard","meta":{"footnotes":""},"categories":[8],"tags":[21],"class_list":["post-31572","post","type-post","status-publish","format-standard","has-post-thumbnail","hentry","category-informe-nacional","tag-argentina"],"_links":{"self":[{"href":"http:\/\/argentinamunicipal.com.ar\/argentina\/wp-json\/wp\/v2\/posts\/31572","targetHints":{"allow":["GET"]}}],"collection":[{"href":"http:\/\/argentinamunicipal.com.ar\/argentina\/wp-json\/wp\/v2\/posts"}],"about":[{"href":"http:\/\/argentinamunicipal.com.ar\/argentina\/wp-json\/wp\/v2\/types\/post"}],"author":[{"embeddable":true,"href":"http:\/\/argentinamunicipal.com.ar\/argentina\/wp-json\/wp\/v2\/users\/2"}],"replies":[{"embeddable":true,"href":"http:\/\/argentinamunicipal.com.ar\/argentina\/wp-json\/wp\/v2\/comments?post=31572"}],"version-history":[{"count":0,"href":"http:\/\/argentinamunicipal.com.ar\/argentina\/wp-json\/wp\/v2\/posts\/31572\/revisions"}],"wp:featuredmedia":[{"embeddable":true,"href":"http:\/\/argentinamunicipal.com.ar\/argentina\/wp-json\/wp\/v2\/media\/31573"}],"wp:attachment":[{"href":"http:\/\/argentinamunicipal.com.ar\/argentina\/wp-json\/wp\/v2\/media?parent=31572"}],"wp:term":[{"taxonomy":"category","embeddable":true,"href":"http:\/\/argentinamunicipal.com.ar\/argentina\/wp-json\/wp\/v2\/categories?post=31572"},{"taxonomy":"post_tag","embeddable":true,"href":"http:\/\/argentinamunicipal.com.ar\/argentina\/wp-json\/wp\/v2\/tags?post=31572"}],"curies":[{"name":"wp","href":"https:\/\/api.w.org\/{rel}","templated":true}]}}