{"id":3158,"date":"2014-03-07T10:29:01","date_gmt":"2014-03-07T13:29:01","guid":{"rendered":"http:\/\/argentinamunicipal.com.ar\/argentina\/?p=3158"},"modified":"2014-03-07T10:29:01","modified_gmt":"2014-03-07T13:29:01","slug":"de-vido-anuncio-inversion-de-mas-de-150-millones-de-pesos-en-repavimentacion-de-calles-en-parana","status":"publish","type":"post","link":"http:\/\/argentinamunicipal.com.ar\/argentina\/de-vido-anuncio-inversion-de-mas-de-150-millones-de-pesos-en-repavimentacion-de-calles-en-parana\/","title":{"rendered":"De Vido anunci\u00f3 inversi\u00f3n de m\u00e1s de 150 millones de pesos en repavimentaci\u00f3n de calles en Paran\u00e1"},"content":{"rendered":"<p><a href=\"http:\/\/argentinamunicipal.com.ar\/argentina\/wp-content\/uploads\/2014\/03\/n_1394191097.jpg\"><img loading=\"lazy\" decoding=\"async\" class=\"alignleft size-full wp-image-3159\" alt=\"n_1394191097\" src=\"http:\/\/argentinamunicipal.com.ar\/argentina\/wp-content\/uploads\/2014\/03\/n_1394191097.jpg\" width=\"360\" height=\"270\" srcset=\"http:\/\/argentinamunicipal.com.ar\/argentina\/wp-content\/uploads\/2014\/03\/n_1394191097.jpg 360w, http:\/\/argentinamunicipal.com.ar\/argentina\/wp-content\/uploads\/2014\/03\/n_1394191097-300x225.jpg 300w\" sizes=\"auto, (max-width: 360px) 100vw, 360px\" \/><\/a>A trav\u00e9s del plan M\u00e1s Cerca, la Naci\u00f3n aportar\u00e1 fondos para la repavimentaci\u00f3n de calzadas y avenidas centrales de Paran\u00e1.Adem\u00e1s encarar\u00e1 un programa de rehabilitaci\u00f3n de la infraestructura vial y obras pluviales.<\/p>\n<p>La Naci\u00f3n invertir\u00e1 a trav\u00e9s del Plan M\u00e1s Cerca m\u00e1s de 150 millones de pesos en repavimentaci\u00f3n de calzadas en la zona oeste, macrocentro, sur, este y avenidas centrales de Paran\u00e1. Adem\u00e1s encarar\u00e1 un programa de rehabilitaci\u00f3n de la infraestructura vial en toda la ciudad y obras pluviales en el Parque Industrial. El ministro de Planificaci\u00f3n, Julio de Vido, estuvo en Paran\u00e1 para firmar los convenios de ejecuci\u00f3n de estas obras con el gobernador Sergio Urribarri y la intendenta de Paran\u00e1, Blanca Osuna.<\/p>\n<p>\u00abNuestra visita no es de orden t\u00e9cnico. Es una visita de alta significancia pol\u00edtica que muestra el compromiso de la presidenta con la Provincia de Entre R\u00edos\u201d, destac\u00f3 De Vidodurante el acto que se realiz\u00f3 en la Plaza de la Confederaci\u00f3n de la capital entrerriana de la que participaron el secretario de Obras P\u00fablicas, Jos\u00e9 L\u00f3pez y el vicegobernador Jos\u00e9 C\u00e1ceres, adem\u00e1s de la presencia de funcionarios gabinete provincial y municipal.<\/p>\n<p>El funcionario nacional destac\u00f3 la presencia \u201cde los compa\u00f1eros de Uocra, destinatarios de este Plan, porque son ellos los que los llevan adelante\u201d. Esto, m\u00e1s que anuncio, es la visi\u00f3n que estas obras hacen por el rol de cada entrerriano de cara a la construcci\u00f3n del futuro\u201d, agreg\u00f3 el ministro.<\/p>\n<p>De Vido resalt\u00f3 la actitud de la Presidenta Cristina Fern\u00e1ndez de Kirchner, frente a los constantes ataques de la prensa y grupos concentrados, \u201ctomando las medidas justas, tanto en el \u00e1mbito de control de precios como en la parte econ\u00f3mica, y demostrando que se pueden dar respuestas\u201d, detallando, entre otros, los intentos de boicot a las pol\u00edticas gubernamentales, como las campa\u00f1as contra la espiral de crecimiento del d\u00f3lar, o los augurios de fracaso del plan Pro.Cre.Ar.<\/p>\n<p>\u201cEsta no es una etapa de transici\u00f3n en Argentina, es un gobierno que llev\u00f3 adelante una de las etapas de mayor transformaci\u00f3n en Argentina, con r\u00e9cord en crecimiento econ\u00f3mico, o con n\u00fameros nunca antes vistos en inversi\u00f3n e infraestructura, como sucede en la provincia de Entre R\u00edos\u201d, destac\u00f3.<\/p>\n<p>\u201cEsto se inici\u00f3 con N\u00e9stor, con una visita que hicimos a Concepci\u00f3n del Uruguay, donde en aquel momento el candidato N\u00e9stor Kirchner, expresaba cual era el camino en el que \u00edbamos a poner a Entre R\u00edos. Y ma\u00f1ana, vamos a enumerar y tratar las enormes asignaturas pendientes, porque a problemas resueltos, nuevos problemas nacen. Ese es el desaf\u00edo, en el caso nuestro, siguiendo el profundo mandato de la inclusi\u00f3n social\u201d, detall\u00f3.<\/p>\n<p>\u201cSi de algo nos caracterizamos la mayor\u00eda de los entrerrianos, es de ser agradecidos\u201d, dijo el gobernador Sergio Urribarri al dar la bienvenida al Ministro Julio De Vido.<\/p>\n<p>\u201cSiempre Entre R\u00edos estuvo soslayada de los grandes planes de infraestructura. Despu\u00e9s del gobierno de Per\u00f3n, pasaron 50 a\u00f1os donde estuvimos aislados. Y esa cuesti\u00f3n hist\u00f3rica, parec\u00eda que iba a seguir, con argentinos de primera y de segunda, hasta que lleg\u00f3 N\u00e9stor\u201d, record\u00f3 Urribarri.<\/p>\n<p>\u201cN\u00e9stor primero, y Cristina despu\u00e9s, produjeron, para los paranaenses y para todos los entrerrianos, una cantidad innumerable de cambios sustanciales\u201d.<\/p>\n<p>Luego, en una breve rese\u00f1a, el mandatario eligi\u00f3 destacar \u201clas 108 escuelas nuevas\u201d con las que culminar\u00e1 su gesti\u00f3n, y \u201cla transformaci\u00f3n de la ruta de la muerte, la ruta 14, que cuando N\u00e9stor se decidi\u00f3 a hacerla era solo un bosquejo\u201d.<\/p>\n<p>El mandatario destac\u00f3, acto seguido, el enorme sacrificio que el ministro hace para estar en todos los lugares. \u00abJulio, como nosotros, no es un funcionario de escritorio. Funcionarios como \u00e9l est\u00e1n, no solo inform\u00e1ndose por lo que cuenta un gobernador por mail o por tel\u00e9fono, sino en cada lugar, en cada obra. La presencia de \u00e9l es para nosotros de una significancia enorme, por todo lo que se ha hecho, y por todo lo que viene\u201d.<\/p>\n<p>Urribarri resalt\u00f3 el rumbo de la pol\u00edtica nacional, al remarcar enf\u00e1ticamente: \u201cTenemos una presidenta con toda la solvencia, con toda la fuerza, lista para dar todas las batallas que tenga que dar en los pr\u00f3ximos dos a\u00f1os. El pasado s\u00e1bado, encontramos una conductora que tiene una idea muy firme, a pesar de los intentos desestabilizadores que permanentemente ha recibido\u00bb.<br \/>\n\u201cQueremos ayudar, en contraposici\u00f3n con los que solo critican por criticar. En esa senda vamos a seguir, por la Argentina que so\u00f1\u00f3 N\u00e9stor, que so\u00f1aron nuestros padres, aquella Argentina que so\u00f1\u00f3 Artigas, esa patria grande, y para todos\u201d, finaliz\u00f3 Urribarri.<\/p>\n<h2>Alta exigencia<\/h2>\n<p>\u201cParan\u00e1 tiene topogr\u00e1ficamente caracter\u00edsticas que hacen la atenci\u00f3n de su infraestructura una urgencia y una alt\u00edsima exigencia, hemos trabajado desde el primer d\u00eda en reconvertir el trabajo municipal a favor de la transparencia, de la convocatoria al trabajo, del aprovechamiento al m\u00e1ximo de toda la energ\u00eda y el marco que nuestro proyecto nacional conducido por nuestra presidenta\u201d, precis\u00f3 por su parte la intendenta.<\/p>\n<p>Osuna dijo adem\u00e1s que \u00aben este vinculo de trabajo con el gobernador y en este ida y vuelta es que expusimos las necesidades de acompa\u00f1amiento, queremos seguir trabajando con el esfuerzo de los paranaenses y de los entrerrianos, con este gesto que significa firmar hoy acuerdos que posibiliten la atenci\u00f3n de calles de la ciudad de Paran\u00e1 identificados en zona como el macro centro, del sur, del este y del oeste\u201d.<\/p>\n<p>\u201cEstamos comprometidos con defender codo a codo los logros de nuestro gobierno, que toda la energ\u00eda puesta en estos convenios que se traduzca en la reactivaci\u00f3n de la obra p\u00fablica va a exigir dar posibilidad de m\u00e1s trabajo, habr\u00e1 4000 trabajadores, eso abre la puerta a m\u00e1s trabajadores, a mas reactivaci\u00f3n a dinamizar el comercio de nuestro ciudad que es un sesgo distintivo; adem\u00e1s hacer una convocatoria, esta inversi\u00f3n va a necesitar el acompa\u00f1amiento de quienes van a ser proveedores de los insumos para que las calles se arreglen y las cosas se hagan\u201d, finaliz\u00f3.<\/p>\n<h6>Fuente: El Once<\/h6>\n","protected":false},"excerpt":{"rendered":"<p>A trav\u00e9s del plan M\u00e1s Cerca, la Naci\u00f3n aportar\u00e1 fondos para la repavimentaci\u00f3n de calzadas y avenidas centrales de Paran\u00e1.Adem\u00e1s encarar\u00e1 un programa de rehabilitaci\u00f3n de la infraestructura vial y obras pluviales. La Naci\u00f3n invertir\u00e1 a trav\u00e9s del Plan M\u00e1s Cerca m\u00e1s de 150 millones de pesos en repavimentaci\u00f3n de calzadas en la zona oeste,<\/p>\n","protected":false},"author":2,"featured_media":3159,"comment_status":"closed","ping_status":"closed","sticky":false,"template":"","format":"standard","meta":{"footnotes":""},"categories":[2],"tags":[17],"class_list":["post-3158","post","type-post","status-publish","format-standard","has-post-thumbnail","hentry","category-informe-municipal","tag-entre-rios"],"_links":{"self":[{"href":"http:\/\/argentinamunicipal.com.ar\/argentina\/wp-json\/wp\/v2\/posts\/3158","targetHints":{"allow":["GET"]}}],"collection":[{"href":"http:\/\/argentinamunicipal.com.ar\/argentina\/wp-json\/wp\/v2\/posts"}],"about":[{"href":"http:\/\/argentinamunicipal.com.ar\/argentina\/wp-json\/wp\/v2\/types\/post"}],"author":[{"embeddable":true,"href":"http:\/\/argentinamunicipal.com.ar\/argentina\/wp-json\/wp\/v2\/users\/2"}],"replies":[{"embeddable":true,"href":"http:\/\/argentinamunicipal.com.ar\/argentina\/wp-json\/wp\/v2\/comments?post=3158"}],"version-history":[{"count":0,"href":"http:\/\/argentinamunicipal.com.ar\/argentina\/wp-json\/wp\/v2\/posts\/3158\/revisions"}],"wp:featuredmedia":[{"embeddable":true,"href":"http:\/\/argentinamunicipal.com.ar\/argentina\/wp-json\/wp\/v2\/media\/3159"}],"wp:attachment":[{"href":"http:\/\/argentinamunicipal.com.ar\/argentina\/wp-json\/wp\/v2\/media?parent=3158"}],"wp:term":[{"taxonomy":"category","embeddable":true,"href":"http:\/\/argentinamunicipal.com.ar\/argentina\/wp-json\/wp\/v2\/categories?post=3158"},{"taxonomy":"post_tag","embeddable":true,"href":"http:\/\/argentinamunicipal.com.ar\/argentina\/wp-json\/wp\/v2\/tags?post=3158"}],"curies":[{"name":"wp","href":"https:\/\/api.w.org\/{rel}","templated":true}]}}