{"id":31637,"date":"2015-06-19T09:18:10","date_gmt":"2015-06-19T12:18:10","guid":{"rendered":"http:\/\/argentinamunicipal.com.ar\/argentina\/?p=31637"},"modified":"2015-06-19T09:18:10","modified_gmt":"2015-06-19T12:18:10","slug":"villa-allende-va-a-referendum-votaran-si-o-no-a-una-farmacia","status":"publish","type":"post","link":"http:\/\/argentinamunicipal.com.ar\/argentina\/villa-allende-va-a-referendum-votaran-si-o-no-a-una-farmacia\/","title":{"rendered":"Villa Allende va a refer\u00e9ndum: votar\u00e1n s\u00ed o no a una farmacia"},"content":{"rendered":"<p><a href=\"http:\/\/argentinamunicipal.com.ar\/argentina\/wp-content\/uploads\/2015\/06\/Villa-Allende.jpg\"><img loading=\"lazy\" decoding=\"async\" class=\"aligncenter size-full wp-image-31638\" src=\"http:\/\/argentinamunicipal.com.ar\/argentina\/wp-content\/uploads\/2015\/06\/Villa-Allende.jpg\" alt=\"Villa-Allende\" width=\"500\" height=\"381\" srcset=\"http:\/\/argentinamunicipal.com.ar\/argentina\/wp-content\/uploads\/2015\/06\/Villa-Allende.jpg 500w, http:\/\/argentinamunicipal.com.ar\/argentina\/wp-content\/uploads\/2015\/06\/Villa-Allende-300x229.jpg 300w\" sizes=\"auto, (max-width: 500px) 100vw, 500px\" \/><\/a><br \/>\nLos vecinos deber\u00e1n sufragar por s\u00ed o por no a una ordenanza que autoriz\u00f3 una radicaci\u00f3n que genera controversias. Ser\u00e1 el 26 de julio, el mismo d\u00eda en que elijan intendente.<\/p>\n<p>Votar\u00e1n para elegir intendente y, de paso, para decidir si una farmacia se instala o no en la ciudad. Esa inusual situaci\u00f3n se vivir\u00e1 en Villa Allende el pr\u00f3ximo 26 de julio, por la decisi\u00f3n del gobierno municipal de convocar a un refer\u00e9ndum, tras un petitorio de vecinos con esa finalidad.<\/p>\n<p>Para ese d\u00eda se fij\u00f3 la fecha de la elecci\u00f3n de autoridades municipales en esta ciudad, de unos 27 mil habitantes. Los vecinos no s\u00f3lo deber\u00e1n pensar a cu\u00e1l de las listas votar para que sea gobierno, sino que tendr\u00e1n una papeleta adicional para optar por s\u00ed o por no a la instalaci\u00f3n de una farmacia, que viene generando una controversia local desde hace unos meses.<\/p>\n<p>En realidad, el s\u00ed o no ser\u00e1 para aceptar o rechazar una ordenanza recientemente sancionada que habilita la instalaci\u00f3n de una farmacia sindical, en calle 9 de julio 235, perteneciente al gremio de empleados de comercio (Agec).<\/p>\n<p>La iniciativa de someter la cuesti\u00f3n al voto popular fue promovida por los titulares de las 23 farmacias que funcionan en Villa Allende, que reclaman la derogaci\u00f3n de la ordenanza aprobada por el Concejo Deliberante a fines de mayo pasado, que autoriz\u00f3 la apertura de ese local. La norma la exceptu\u00f3 de respetar una distancia m\u00ednima con otras farmacias, que estaba establecida.<\/p>\n<h6>Fuente: La Voz del Interior<\/h6>\n","protected":false},"excerpt":{"rendered":"<p>Los vecinos deber\u00e1n sufragar por s\u00ed o por no a una ordenanza que autoriz\u00f3 una radicaci\u00f3n que genera controversias. Ser\u00e1 el 26 de julio, el mismo d\u00eda en que elijan intendente. Votar\u00e1n para elegir intendente y, de paso, para decidir si una farmacia se instala o no en la ciudad. Esa inusual situaci\u00f3n se vivir\u00e1<\/p>\n","protected":false},"author":2,"featured_media":31638,"comment_status":"closed","ping_status":"closed","sticky":false,"template":"","format":"standard","meta":{"footnotes":""},"categories":[2],"tags":[3],"class_list":["post-31637","post","type-post","status-publish","format-standard","has-post-thumbnail","hentry","category-informe-municipal","tag-cordoba"],"_links":{"self":[{"href":"http:\/\/argentinamunicipal.com.ar\/argentina\/wp-json\/wp\/v2\/posts\/31637","targetHints":{"allow":["GET"]}}],"collection":[{"href":"http:\/\/argentinamunicipal.com.ar\/argentina\/wp-json\/wp\/v2\/posts"}],"about":[{"href":"http:\/\/argentinamunicipal.com.ar\/argentina\/wp-json\/wp\/v2\/types\/post"}],"author":[{"embeddable":true,"href":"http:\/\/argentinamunicipal.com.ar\/argentina\/wp-json\/wp\/v2\/users\/2"}],"replies":[{"embeddable":true,"href":"http:\/\/argentinamunicipal.com.ar\/argentina\/wp-json\/wp\/v2\/comments?post=31637"}],"version-history":[{"count":0,"href":"http:\/\/argentinamunicipal.com.ar\/argentina\/wp-json\/wp\/v2\/posts\/31637\/revisions"}],"wp:featuredmedia":[{"embeddable":true,"href":"http:\/\/argentinamunicipal.com.ar\/argentina\/wp-json\/wp\/v2\/media\/31638"}],"wp:attachment":[{"href":"http:\/\/argentinamunicipal.com.ar\/argentina\/wp-json\/wp\/v2\/media?parent=31637"}],"wp:term":[{"taxonomy":"category","embeddable":true,"href":"http:\/\/argentinamunicipal.com.ar\/argentina\/wp-json\/wp\/v2\/categories?post=31637"},{"taxonomy":"post_tag","embeddable":true,"href":"http:\/\/argentinamunicipal.com.ar\/argentina\/wp-json\/wp\/v2\/tags?post=31637"}],"curies":[{"name":"wp","href":"https:\/\/api.w.org\/{rel}","templated":true}]}}