{"id":31688,"date":"2015-06-19T10:34:11","date_gmt":"2015-06-19T13:34:11","guid":{"rendered":"http:\/\/argentinamunicipal.com.ar\/argentina\/?p=31688"},"modified":"2015-06-23T12:52:45","modified_gmt":"2015-06-23T15:52:45","slug":"rosario-amplia-programacion-cultural-y-de-festejos-por-el-dia-de-la-bandera","status":"publish","type":"post","link":"http:\/\/argentinamunicipal.com.ar\/argentina\/rosario-amplia-programacion-cultural-y-de-festejos-por-el-dia-de-la-bandera\/","title":{"rendered":"Rosario: Amplia programaci\u00f3n cultural y de festejos por el D\u00eda de la Bandera"},"content":{"rendered":"<p><a href=\"http:\/\/argentinamunicipal.com.ar\/argentina\/wp-content\/uploads\/2015\/06\/MonumentoBandera.jpg\"><img loading=\"lazy\" decoding=\"async\" class=\"aligncenter  wp-image-31689\" src=\"http:\/\/argentinamunicipal.com.ar\/argentina\/wp-content\/uploads\/2015\/06\/MonumentoBandera.jpg\" alt=\"MonumentoBandera\" width=\"663\" height=\"424\" srcset=\"http:\/\/argentinamunicipal.com.ar\/argentina\/wp-content\/uploads\/2015\/06\/MonumentoBandera.jpg 768w, http:\/\/argentinamunicipal.com.ar\/argentina\/wp-content\/uploads\/2015\/06\/MonumentoBandera-300x192.jpg 300w\" sizes=\"auto, (max-width: 663px) 100vw, 663px\" \/><\/a><br \/>\nDe viernes a domingo, en torno al Monumento, se suceder\u00e1n espect\u00e1culos musicales y m\u00faltiples actividades recreativas. El acto central es el s\u00e1bado a las 13, con la presidenta de la Naci\u00f3n.<\/p>\n<p>Durante una conferencia de prensa que tuvo lugar este mi\u00e9rcoles 17 en el Palacio de los Leones, los secretarios de Cultura y de Gobierno municipal, Horacio R\u00edos y Fernando Asegurado, respectivamente, explicaron detalles del vasto programa cultural y recreativo planificado en conjunto con la provincia y el gobierno nacional en torno al D\u00eda de la Bandera, actividades que se iniciar\u00e1n este mismo viernes 19 y culminar\u00e1n el domingo 21, tras el acto central que se desarrollar\u00e1 el s\u00e1bado 20, pasado el mediod\u00eda, con la presencia de la presidenta de la Naci\u00f3n, Cristina Fern\u00e1ndez de Kirchner.<\/p>\n<p>Entre las principales atracciones musicales que se suceder\u00e1n en el escenario principal montado al efecto frente al Monumento a la Bandera, de espaldas al r\u00edo Paran\u00e1, se encuentran las de la banda pop Miranda (el viernes a partir de las 17); el folclorista Peteco Carabajal (el s\u00e1bado por la tarde, tras el acto oficial), y el grupo Los Pericos (el domingo, a las 16). A ello se sumar\u00e1n distintos atractivos a lo largo de los tres d\u00edas, como la transmisi\u00f3n en vivo de \u00abCocineros Argentinos\u00bb (el viernes desde las 14); juegos interactivos con el equipo del canal Paka Paka (el s\u00e1bado desde las 11.45 en el Patio C\u00edvico del Monumento); el tradicional Encuentro de Asadores a la Estaca, el s\u00e1bado 20, en el Parque a la Bandera, y a la par escenarios de chamam\u00e9 y folclore, desfiles de agrupaciones gauchas y ferias especiales de artesanos y emprendedores sociales.<\/p>\n<p>Cabe destacar que el s\u00e1bado desde las 9 se realizar\u00e1 el tradicional izamiento de la Bandera en el m\u00e1stil mayor del Monumento con la presencia de la intendenta M\u00f3nica Fein, concejales y funcionarios municipales, provinciales y nacionales. En tanto, alrededor de las 13, tendr\u00e1 lugar el acto central en el escenario principal con los discursos de la presidenta de la Naci\u00f3n, Cristina Fern\u00e1ndez de Kirchner, el gobernador Antonio Bonfatti y la jefa municipal. Adem\u00e1s, desde las 18:30, los presentes podr\u00e1n ver en vivo la transmisi\u00f3n del partido entre Argentina y Jamaica, por Copa Am\u00e9rica, en dos pantallas gigantes colocadas para tal fin. En el predio de la ex Rural, por su parte, tendr\u00e1 lugar el Encuentro de Agrupaciones Gauchas hasta las 19.<\/p>\n<p>En el encuentro con la prensa, Asegurado precis\u00f3 que \u00abestamos coordinando una serie de eventos culturales y recreativos para poder aprovechar todo el fin de semana, actividades que nos ha solicitado la intendenta y que hemos coordinado de manera muy aceitada con Naci\u00f3n y provincia\u00bb. El funcionario brind\u00f3 un pormenorizado informe de las actividades y destac\u00f3 que \u00abla idea es contar con una celebraci\u00f3n con presencia popular, con participaci\u00f3n de los vecinos de todos los barrios\u00bb.<\/p>\n<p>Por su parte, R\u00edos coment\u00f3 que todos los festejos van a estar \u00abacompa\u00f1ados de un gran movimiento promovido por una importante cantidad de Ministerios de la Naci\u00f3n, que van a desarrollar una muestra muy similar a la realizada para los festejos del 25 de Mayo en Capital Federal y algo de lo que tienen en Tecn\u00f3polis\u00bb. La muestra, que se ubicar\u00e1 en la colectora de Av. Belgrano, desde Rioja a Buenos Aires, estar\u00e1 abierta desde el viernes por la tarde hasta el cierre de los festejos, el domingo.<\/p>\n<p>El secretario de Cultura sostuvo que se trata de \u00abun festejo in\u00e9dito, que tiene tres d\u00edas y apunta a la familia. Quiero resaltar no s\u00f3lo el trabajo conjunto entre municipio, provincia y Naci\u00f3n, sino tambi\u00e9n esta voluntad de pensar en un evento muy familiar, buscando mucha convocatoria no s\u00f3lo de Rosario, sino tambi\u00e9n de la regi\u00f3n, y entender que para nosotros es un d\u00eda muy particular\u00bb.<\/p>\n<p><strong>La programaci\u00f3n principal<\/strong><br \/>\n<strong>Viernes 19 de junio<\/strong><\/p>\n<p>16.00 hs. Alucinaria en escenario principal<\/p>\n<p>17.00 hs. Miranda en escenario principal<\/p>\n<p><strong>S\u00e1bado 20 de junio &#8211; Acto protocolar y acto central<\/strong><\/p>\n<p>9.00 hs. En el Monumento, con la presencia de autoridades: Entrada de la Bandera con ni\u00f1os de escuelas de la ciudad de Rosario. Izamiento, himno Nacional Argentino y toma de Juramento por el ministro de Defensa, Agust\u00edn Rossi, a cadetes de Liceos Militares en condiciones de realizar la Jura. Palabras de la intendenta M\u00f3nica Fein. Representaci\u00f3n Folcl\u00f3rica interpretada por el artista Ram\u00f3n Rodr\u00edguez y Los de Santa Fe. Ballets: Resplandor, Rosario de Santa Fe, Debajo del Puente y Sembrando Tradici\u00f3n. Interpretar\u00e1n un gato y una chacarera. Desfile Gaucho acompa\u00f1ado por el Payador Juancito Almada. Se servir\u00e1 chocolate con pastelitos para todos los presentes.<\/p>\n<p>12.00 Convocatoria de autoridades al palco central<\/p>\n<p>13.00 Comienzo del acto. Palabras de la intendenta M\u00f3nica Fein. Palabras del gobernador Antonio Bonfatti. Palabras de la presidenta Cristina Fern\u00e1ndez de Kirchner. Luego el espect\u00e1culo de Peteco Carabajal.<\/p>\n<p>18:30 Transmisi\u00f3n en vivo, en pantallas gigantes, del partido entre Argentina y Jamaica, por la Copa Am\u00e9rica.<br \/>\nOtras actividades culturales y recreativas del s\u00e1bado 20 de junio<\/p>\n<p>-07 a 17 hs. Encuentro de Asadores en el Parque Nacional a la Bandera (Pintor Dominguez y Av. Belgrano). Contar\u00e1 con la participaci\u00f3n de 36 participantes.<\/p>\n<p>-10 a 18 hs. Escenario de Chamam\u00e9 y Folclore. Chamam\u00e9: Los Cambacitos, Iv\u00e1n el Terrible, Gaucho Costero. Folclore: Silvia Gongora, Silvio Rodr\u00edguez, Kinsa<\/p>\n<p>-Hasta las 19 hs en la Ex- Rural, encuentro de Agrupaciones Gauchas.<\/p>\n<p><strong>Domingo 21 de junio<\/strong><\/p>\n<p>16.00 hs. Santo Chango en escenario principal<\/p>\n<p>17.00hs. Los Pericos en escenario principal<\/p>\n<h6>Fuente: Sin Mordaza<\/h6>\n","protected":false},"excerpt":{"rendered":"<p>De viernes a domingo, en torno al Monumento, se suceder\u00e1n espect\u00e1culos musicales y m\u00faltiples actividades recreativas. El acto central es el s\u00e1bado a las 13, con la presidenta de la Naci\u00f3n.<\/p>\n","protected":false},"author":2,"featured_media":31689,"comment_status":"closed","ping_status":"closed","sticky":false,"template":"","format":"standard","meta":{"footnotes":""},"categories":[2],"tags":[10],"class_list":["post-31688","post","type-post","status-publish","format-standard","has-post-thumbnail","hentry","category-informe-municipal","tag-santa-fe"],"_links":{"self":[{"href":"http:\/\/argentinamunicipal.com.ar\/argentina\/wp-json\/wp\/v2\/posts\/31688","targetHints":{"allow":["GET"]}}],"collection":[{"href":"http:\/\/argentinamunicipal.com.ar\/argentina\/wp-json\/wp\/v2\/posts"}],"about":[{"href":"http:\/\/argentinamunicipal.com.ar\/argentina\/wp-json\/wp\/v2\/types\/post"}],"author":[{"embeddable":true,"href":"http:\/\/argentinamunicipal.com.ar\/argentina\/wp-json\/wp\/v2\/users\/2"}],"replies":[{"embeddable":true,"href":"http:\/\/argentinamunicipal.com.ar\/argentina\/wp-json\/wp\/v2\/comments?post=31688"}],"version-history":[{"count":0,"href":"http:\/\/argentinamunicipal.com.ar\/argentina\/wp-json\/wp\/v2\/posts\/31688\/revisions"}],"wp:featuredmedia":[{"embeddable":true,"href":"http:\/\/argentinamunicipal.com.ar\/argentina\/wp-json\/wp\/v2\/media\/31689"}],"wp:attachment":[{"href":"http:\/\/argentinamunicipal.com.ar\/argentina\/wp-json\/wp\/v2\/media?parent=31688"}],"wp:term":[{"taxonomy":"category","embeddable":true,"href":"http:\/\/argentinamunicipal.com.ar\/argentina\/wp-json\/wp\/v2\/categories?post=31688"},{"taxonomy":"post_tag","embeddable":true,"href":"http:\/\/argentinamunicipal.com.ar\/argentina\/wp-json\/wp\/v2\/tags?post=31688"}],"curies":[{"name":"wp","href":"https:\/\/api.w.org\/{rel}","templated":true}]}}