{"id":31703,"date":"2015-06-20T10:32:57","date_gmt":"2015-06-20T13:32:57","guid":{"rendered":"http:\/\/argentinamunicipal.com.ar\/argentina\/?p=31703"},"modified":"2015-06-20T10:32:57","modified_gmt":"2015-06-20T13:32:57","slug":"avanza-la-creacion-de-la-aduana-de-rafaela","status":"publish","type":"post","link":"http:\/\/argentinamunicipal.com.ar\/argentina\/avanza-la-creacion-de-la-aduana-de-rafaela\/","title":{"rendered":"Avanza la creaci\u00f3n de la Aduana de Rafaela"},"content":{"rendered":"<p><a href=\"http:\/\/argentinamunicipal.com.ar\/argentina\/wp-content\/uploads\/2015\/06\/19-A-DSC_3128_fmt.jpeg\"><img loading=\"lazy\" decoding=\"async\" class=\"alignleft size-full wp-image-31704\" src=\"http:\/\/argentinamunicipal.com.ar\/argentina\/wp-content\/uploads\/2015\/06\/19-A-DSC_3128_fmt.jpeg\" alt=\"19-A-DSC_3128_fmt\" width=\"278\" height=\"181\" \/><\/a>La C\u00e1mara Baja dio aprobaci\u00f3n al proyecto para establecer una sede de registro directo de exportaciones e importaciones en la cabecera del departamento Castellanos. La iniciativa incluye un organismo similar en la ciudad de Venado Tuerto.<\/p>\n<p>En los \u00faltimos d\u00edas, la C\u00e1mara de Diputados de la Naci\u00f3n aprob\u00f3 el proyecto que busca una sede de registro directo de exportaciones e importaciones en la ciudad de Rafaela. En el a\u00f1o 2008 se hab\u00eda establecido en la ciudad una Zona Primaria Aduanera (ZPA), que depende de la Aduana de Santa Fe y tuvo como antecedente la habilitaci\u00f3n del Resguardo Jurisdiccional de Registro en la Ciudad de Rafaela -tambi\u00e9n llamado Resguardo Aduanero- que funcion\u00f3 inicialmente en la sede del Centro Comercial e Industrial del departamento Castellanos y respondi\u00f3 a la pol\u00edtica de descentralizaci\u00f3n de la Direcci\u00f3n General de Aduanas (DGA).<\/p>\n<p>Esta pol\u00edtica se basaba en la apertura de dependencias aduaneras en ciudades que registrasen un considerado volumen exportador como es el caso de Rafaela.<\/p>\n<p>La favorable consecuencia que trajo la creaci\u00f3n de la ZPA Rafaela, fue que las empresas de la regi\u00f3n, que actuaban en comercio exterior, pudieron realizar sus operaciones directamente en esta ciudad, disminuyendo los costos y agilizando su operatoria.<\/p>\n<p>Actualmente, el organismo aduanero funciona en el Parque de Actividades Econ\u00f3micas Paer, ubicado en el acceso norte de la ciudad por Ruta Nacional N\u00ba 34, en terrenos cedidos en comodato por la Municipalidad de Rafaela a la Administraci\u00f3n Federal de Ingresos P\u00fablicos (Afip).<\/p>\n<p>Sobre este proyecto, el autor de la iniciativa Omar Perotti, hizo referencia a los beneficios y paralelamente recoge las aspiraciones productivas y comerciales locales que impulsan y promueven la necesidad de potenciar el desarrollo local de las exportaciones.<\/p>\n<p>La instalaci\u00f3n de la Aduana Rafaela \u201cser\u00e1 una herramienta de gran utilidad para que las empresas de la regi\u00f3n puedan continuar ampliando sus mercados internacionales por medio de exportaciones a trav\u00e9s de la optimizaci\u00f3n de su inserci\u00f3n internacional\u201d, se\u00f1al\u00f3.<\/p>\n<p>Con la aprobaci\u00f3n de la C\u00e1mara de Senadores, la oficina local ascender\u00e1 en jerarqu\u00eda y tendr\u00e1 la misma que Santa Fe y Rosario, dependiendo directamente de la DGA.<\/p>\n<p>Para arriba<\/p>\n<p>Rafaela se destaca como epicentro de la regi\u00f3n centro-oeste, por la diversificaci\u00f3n de la producci\u00f3n, el s\u00f3lido entramado Pyme agroindustrial y la importancia de su sector exportador se refleja en el monto de sus exportaciones que se sit\u00faan en derredor a los 500 millones de d\u00f3lares y en el valor de la tonelada exportada que supera los u$s 5.400 d\u00f3lares.<\/p>\n<p>De acuerdo con estad\u00edsticas de la C\u00e1mara de Comercio Exterior (Cacex) del Centro Comercial e Industrial de Rafaela y la Regi\u00f3n, los productos rafaelinos colocados en los mercados internacionales crecen interanualmente en cuanto a volumen de divisas que ingresan al pa\u00eds.<\/p>\n<p>Seg\u00fan el informe dado a conocer por la Cacex, en agosto del pasado a\u00f1o, sobre la performance de 2013 (no est\u00e1n cerrados \u00edntegramente todav\u00eda los de 2014) sus empresas asociadas vendieron productos al exterior que significaron el ingreso de 494.042.919,05 d\u00f3lares, cuando en 2012 lo hicieron por 445.54.465,27.<\/p>\n<p>Los datos proporcionados tambi\u00e9n indicaban que en el primer semestre de 2014, las exportaciones registraban un aumento del 23,52% respecto al primer semestre de 2013, con ventas por 150.806.468,20 d\u00f3lares, contra 122.91.505,42 d\u00f3lares de igual per\u00edodo de 2012.<\/p>\n<p>Asimismo, el trabajo revel\u00f3 que en cuanto a toneladas vendidas, hubo una disminuci\u00f3n como consecuencia de la retracci\u00f3n de los mercados internacionales: 90 mil toneladas en 2013, contra 116,66 mil del a\u00f1o 2012.<\/p>\n<h6>Fuente: El Litoral, Santa Fe<\/h6>\n","protected":false},"excerpt":{"rendered":"<p>La C\u00e1mara Baja dio aprobaci\u00f3n al proyecto para establecer una sede de registro directo de exportaciones e importaciones en la cabecera del departamento Castellanos. La iniciativa incluye un organismo similar en la ciudad de Venado Tuerto. En los \u00faltimos d\u00edas, la C\u00e1mara de Diputados de la Naci\u00f3n aprob\u00f3 el proyecto que busca una sede de<\/p>\n","protected":false},"author":2,"featured_media":31704,"comment_status":"closed","ping_status":"closed","sticky":false,"template":"","format":"standard","meta":{"footnotes":""},"categories":[2],"tags":[10],"class_list":["post-31703","post","type-post","status-publish","format-standard","has-post-thumbnail","hentry","category-informe-municipal","tag-santa-fe"],"_links":{"self":[{"href":"http:\/\/argentinamunicipal.com.ar\/argentina\/wp-json\/wp\/v2\/posts\/31703","targetHints":{"allow":["GET"]}}],"collection":[{"href":"http:\/\/argentinamunicipal.com.ar\/argentina\/wp-json\/wp\/v2\/posts"}],"about":[{"href":"http:\/\/argentinamunicipal.com.ar\/argentina\/wp-json\/wp\/v2\/types\/post"}],"author":[{"embeddable":true,"href":"http:\/\/argentinamunicipal.com.ar\/argentina\/wp-json\/wp\/v2\/users\/2"}],"replies":[{"embeddable":true,"href":"http:\/\/argentinamunicipal.com.ar\/argentina\/wp-json\/wp\/v2\/comments?post=31703"}],"version-history":[{"count":0,"href":"http:\/\/argentinamunicipal.com.ar\/argentina\/wp-json\/wp\/v2\/posts\/31703\/revisions"}],"wp:featuredmedia":[{"embeddable":true,"href":"http:\/\/argentinamunicipal.com.ar\/argentina\/wp-json\/wp\/v2\/media\/31704"}],"wp:attachment":[{"href":"http:\/\/argentinamunicipal.com.ar\/argentina\/wp-json\/wp\/v2\/media?parent=31703"}],"wp:term":[{"taxonomy":"category","embeddable":true,"href":"http:\/\/argentinamunicipal.com.ar\/argentina\/wp-json\/wp\/v2\/categories?post=31703"},{"taxonomy":"post_tag","embeddable":true,"href":"http:\/\/argentinamunicipal.com.ar\/argentina\/wp-json\/wp\/v2\/tags?post=31703"}],"curies":[{"name":"wp","href":"https:\/\/api.w.org\/{rel}","templated":true}]}}