{"id":31712,"date":"2015-06-20T11:24:09","date_gmt":"2015-06-20T14:24:09","guid":{"rendered":"http:\/\/argentinamunicipal.com.ar\/argentina\/?p=31712"},"modified":"2015-06-20T11:24:09","modified_gmt":"2015-06-20T14:24:09","slug":"el-jefe-comunal-electo-de-maciel-tambien-quiere-plebiscitar-las-cavas","status":"publish","type":"post","link":"http:\/\/argentinamunicipal.com.ar\/argentina\/el-jefe-comunal-electo-de-maciel-tambien-quiere-plebiscitar-las-cavas\/","title":{"rendered":"El jefe comunal electo de Maciel tambi\u00e9n quiere plebiscitar las cavas"},"content":{"rendered":"<p><a href=\"http:\/\/argentinamunicipal.com.ar\/argentina\/wp-content\/uploads\/2015\/06\/0309-lr1701-amaya.jpg_88717827.jpg\"><img loading=\"lazy\" decoding=\"async\" class=\"aligncenter size-full wp-image-31713\" src=\"http:\/\/argentinamunicipal.com.ar\/argentina\/wp-content\/uploads\/2015\/06\/0309-lr1701-amaya.jpg_88717827.jpg\" alt=\"0309-lr1701--amaya.jpg_88717827\" width=\"621\" height=\"465\" srcset=\"http:\/\/argentinamunicipal.com.ar\/argentina\/wp-content\/uploads\/2015\/06\/0309-lr1701-amaya.jpg_88717827.jpg 621w, http:\/\/argentinamunicipal.com.ar\/argentina\/wp-content\/uploads\/2015\/06\/0309-lr1701-amaya.jpg_88717827-300x225.jpg 300w\" sizes=\"auto, (max-width: 621px) 100vw, 621px\" \/><\/a><br \/>\nUna propuesta similar hab\u00eda hecho el actual mandatario, que perdi\u00f3 las elecciones tras un prolongado conflicto.\u00a0Ramella buscar\u00eda el respaldo de la poblaci\u00f3n para volver atr\u00e1s con el proyecto.<\/p>\n<p>&nbsp;<\/p>\n<p>El largo pleito que sostiene la poblaci\u00f3n de Maciel contra la posible construcci\u00f3n y puesta en funcionamiento de ocho cavas para residuos sum\u00f3 un nuevo cap\u00edtulo con la reuni\u00f3n que celebraron anteayer los vecinos que se oponen al emprendimiento y en la que particip\u00f3 el flamante presidente comunal Carlos Ramella.<\/p>\n<p>Fuentes de los asamble\u00edstas indicaron ayer a LaCapital que el nuevo mandatario comunal que asumir\u00e1 el cargo el pr\u00f3ximo 10 de diciembre \u00abratific\u00f3 su voluntad de retrotraer a cero la ordenanza de las actuales autoridades que autorizaron las obras\u00bb, las que adem\u00e1s cuentan con la aprobaci\u00f3n de la Secretar\u00eda de Medio Ambiente de la provincia. Pero \u00e9l mismo abri\u00f3 el paraguas y aclar\u00f3 que tal decisi\u00f3n estar\u00e1 supeditada a un plebiscito, al que piensa convocar una vez que asuma.<\/p>\n<p>Como se recordar\u00e1, la localidad se vio conmovida meses atr\u00e1s cuando trascendi\u00f3 que una empresa bermudense hab\u00eda adquirido uno terrenos a unos tres kil\u00f3metros del casco urbano para la construcci\u00f3n de ocho cavas para dep\u00f3sito de residuos. Los vecinos, que ven\u00edan de una negativa experiencia en el tema por una cava clandestina nunca debidamente saneada, reaccionaron airadamente contra la iniciativa ya que inconsultamente la comisi\u00f3n comunal presidida por Marucco otorg\u00f3 a la empresa el certificado de \u00abuso conforme de suelo\u00bb en tanto que la provincia tambi\u00e9n acept\u00f3.<\/p>\n<p>Los vecinos autoconvocados de Maciel organizaron numerosas reuniones en el sal\u00f3n parroquial de la localidad y se constituyeron en una comisi\u00f3n de reclamos con la participaci\u00f3n de numerosas organizaciones y entidades locales y contaron con el asesoramiento de organizaciones como el Taller Ecologista de Rosario.<\/p>\n<p>La administraci\u00f3n de Marucco acus\u00f3 de intencionalidad pol\u00edtica a los vecinos, entre los que efectivamente hab\u00eda militantes del Frente para la Victoria; el S\u00ed y Uni\u00f3n Pro Federal, la oposici\u00f3n a las cavas se expres\u00f3 luego con diversas marchas, pero la continuidad de las reuniones y asambleas inmediatamente despu\u00e9s de las pasadas elecciones parecen desmentir a Marucco.<\/p>\n<p>Los vecinos temen desde siempre \u2014pese a las promesas empresariales y a los pronunciamientos de Marucco en torno a la seriedad de los controles\u2014 que las cavas terminen siendo un deposito de residuos altamente contaminantes, habida cuenta de que la empresa se dedica a la limpieza de plantas agroqu\u00edmicas y de las sentinas de los barcos que llegan a Puerto General San Mart\u00edn y San Lorenzo.<\/p>\n<p>Suspendidas. En la actualidad y por un acuerdo, las obras est\u00e1n suspendidas por un per\u00edodo de 60 d\u00edas. Laura Giardini, una militante contra las cavas record\u00f3 en di\u00e1logo con LaEN_SPACECapital que los vecinos ya presentaron ante la Fiscal\u00eda de la Acusaci\u00f3n de San Lorenzo a cargo de Aquiles Balvi una denuncia \u00abpor incumplimiento de deberes de funcionario p\u00fablico y falsedad ideol\u00f3gica\u00bb por faltar a la ley de comunas y municipios y no someter la ordenanza de uso conforme del suelo a la aprobaci\u00f3n del resto de la comisi\u00f3n comunal.<\/p>\n<p>Aunque las obras est\u00e1n detenidas, los vecinos tambi\u00e9n presentaron en la Fiscal\u00eda un pedido de amparo que refuerza la suspensi\u00f3n de los trabajos. tambi\u00e9n trascendi\u00f3 que el fiscal Balvi ya solicit\u00f3 a la Comuna de Maciel pruebas del acta de una reuni\u00f3n de comisi\u00f3n on comunal en la que se aprob\u00f3 la ordenanza de uso conforme de la tierra, acta que, seg\u00fan los vecinos \u00abno existe\u00bb.<\/p>\n<p>Plebiscito. El electo presidente comunal Carlos Ramella, ratific\u00f3 a este diario su decisi\u00f3n de cumplir su promesa electoral de retroceder en la actitud adoptada por el actual presidente Marucco.<\/p>\n<p>Ramella se\u00f1al\u00f3 que est\u00e1 dispuesto a seguir adelante con lo exigido por la poblaci\u00f3n en tanto cuente con el resplado de un plebiscito que implementar\u00eda apenas asumido el cargo en diciembre. Seg\u00fan se\u00f1al\u00f3, en Maciel se agita la especulaci\u00f3n en torno a que la empresa podr\u00eda encarar acciones legales que significar\u00edan un problema econ\u00f3mico para las arcas comunales, y es por eso que pidi\u00f3 \u00abel respaldo popular de un plebiscito\u00bb, y confi\u00f3 en que en la discusi\u00f3n con la empresa la sangre no va a llegar al r\u00edo.<\/p>\n<h6>Fuente: La Capital, Rosario<\/h6>\n","protected":false},"excerpt":{"rendered":"<p>Una propuesta similar hab\u00eda hecho el actual mandatario, que perdi\u00f3 las elecciones tras un prolongado conflicto.\u00a0Ramella buscar\u00eda el respaldo de la poblaci\u00f3n para volver atr\u00e1s con el proyecto. &nbsp; El largo pleito que sostiene la poblaci\u00f3n de Maciel contra la posible construcci\u00f3n y puesta en funcionamiento de ocho cavas para residuos sum\u00f3 un nuevo cap\u00edtulo<\/p>\n","protected":false},"author":2,"featured_media":31713,"comment_status":"closed","ping_status":"closed","sticky":false,"template":"","format":"standard","meta":{"footnotes":""},"categories":[2],"tags":[10],"class_list":["post-31712","post","type-post","status-publish","format-standard","has-post-thumbnail","hentry","category-informe-municipal","tag-santa-fe"],"_links":{"self":[{"href":"http:\/\/argentinamunicipal.com.ar\/argentina\/wp-json\/wp\/v2\/posts\/31712","targetHints":{"allow":["GET"]}}],"collection":[{"href":"http:\/\/argentinamunicipal.com.ar\/argentina\/wp-json\/wp\/v2\/posts"}],"about":[{"href":"http:\/\/argentinamunicipal.com.ar\/argentina\/wp-json\/wp\/v2\/types\/post"}],"author":[{"embeddable":true,"href":"http:\/\/argentinamunicipal.com.ar\/argentina\/wp-json\/wp\/v2\/users\/2"}],"replies":[{"embeddable":true,"href":"http:\/\/argentinamunicipal.com.ar\/argentina\/wp-json\/wp\/v2\/comments?post=31712"}],"version-history":[{"count":0,"href":"http:\/\/argentinamunicipal.com.ar\/argentina\/wp-json\/wp\/v2\/posts\/31712\/revisions"}],"wp:featuredmedia":[{"embeddable":true,"href":"http:\/\/argentinamunicipal.com.ar\/argentina\/wp-json\/wp\/v2\/media\/31713"}],"wp:attachment":[{"href":"http:\/\/argentinamunicipal.com.ar\/argentina\/wp-json\/wp\/v2\/media?parent=31712"}],"wp:term":[{"taxonomy":"category","embeddable":true,"href":"http:\/\/argentinamunicipal.com.ar\/argentina\/wp-json\/wp\/v2\/categories?post=31712"},{"taxonomy":"post_tag","embeddable":true,"href":"http:\/\/argentinamunicipal.com.ar\/argentina\/wp-json\/wp\/v2\/tags?post=31712"}],"curies":[{"name":"wp","href":"https:\/\/api.w.org\/{rel}","templated":true}]}}