{"id":31741,"date":"2015-06-20T12:04:44","date_gmt":"2015-06-20T15:04:44","guid":{"rendered":"http:\/\/argentinamunicipal.com.ar\/argentina\/?p=31741"},"modified":"2015-06-20T12:08:54","modified_gmt":"2015-06-20T15:08:54","slug":"alumnos-de-parana-interpretaron-el-himno-nacional-a-traves-de-lenguaje-de-senas","status":"publish","type":"post","link":"http:\/\/argentinamunicipal.com.ar\/argentina\/alumnos-de-parana-interpretaron-el-himno-nacional-a-traves-de-lenguaje-de-senas\/","title":{"rendered":"Alumnos de Paran\u00e1 interpretaron el Himno Nacional a trav\u00e9s de lenguaje de se\u00f1as"},"content":{"rendered":"<p>Alumnos de la Escuela N\u00ba 132 \u00abRep\u00fablica de Chile\u00bb, interpretaron el Himno Nacional a trav\u00e9s de lenguaje de se\u00f1as en el marco de los festejos por el D\u00eda de la Bandera, registr\u00f3 Elonce TV.<\/p>\n<p>Alrededor de 30 alumnos de la Escuela N\u00ba 132 \u00abRep\u00fablica de Chile\u00bb de la capital entrerriana, interpretaron el Himno Nacional a trav\u00e9s de lenguaje de se\u00f1as en el marco de los festejos por el D\u00eda de la Bandera.<\/p>\n<p>Al respecto, Claudia Rutar, vicedirectora del turno tarde de la instituci\u00f3n educativa, explic\u00f3 a Elonce TV c\u00f3mo surgi\u00f3 la iniciativa. \u00abEn la escuela tenemos ni\u00f1os integrados con algunas dificultades, entre estos, alumnos hipoac\u00fasicos; entonces se nos ocurri\u00f3 comenzar a aprender algunas palabras con lenguaje de se\u00f1as y despu\u00e9s surgi\u00f3 la idea de interpretar el Himno Nacional a trav\u00e9s de lenguaje de se\u00f1as. En 15 d\u00edas los chicos lo aprendieron y fue presentado durante el acto del 25 de mayo\u00bb.<\/p>\n<p>\u00abLos pap\u00e1s nos pidieron que se haga en todos los actos y el pr\u00f3ximo paso es aprender la Marcha de Entre R\u00edos, y que tambi\u00e9n la aprendan los docentes\u00bb, adelant\u00f3 la directiva.<\/p>\n<p>En medio de un clima de mucha emoci\u00f3n, se explic\u00f3 que la versi\u00f3n interpretada para la ocasi\u00f3n, fue la que conjuga todos los ritmos del pa\u00eds. \u00abTiene que ver con la idea de la integraci\u00f3n e inclusi\u00f3n\u00bb, fundament\u00f3 Ruter.<\/p>\n<h6><a href=\"http:\/\/argentinamunicipal.com.ar\/argentina\/wp-content\/uploads\/2015\/06\/o_1434737271.jpg\"><img loading=\"lazy\" decoding=\"async\" class=\"aligncenter  wp-image-31742\" src=\"http:\/\/argentinamunicipal.com.ar\/argentina\/wp-content\/uploads\/2015\/06\/o_1434737271.jpg\" alt=\"o_1434737271\" width=\"569\" height=\"320\" srcset=\"http:\/\/argentinamunicipal.com.ar\/argentina\/wp-content\/uploads\/2015\/06\/o_1434737271.jpg 800w, http:\/\/argentinamunicipal.com.ar\/argentina\/wp-content\/uploads\/2015\/06\/o_1434737271-300x169.jpg 300w\" sizes=\"auto, (max-width: 569px) 100vw, 569px\" \/><\/a><\/h6>\n<h6>Fuente: El Once<\/h6>\n","protected":false},"excerpt":{"rendered":"<p>Alumnos de la Escuela N\u00ba 132 \u00abRep\u00fablica de Chile\u00bb, interpretaron el Himno Nacional a trav\u00e9s de lenguaje de se\u00f1as en el marco de los festejos por el D\u00eda de la Bandera, registr\u00f3 Elonce TV. Alrededor de 30 alumnos de la Escuela N\u00ba 132 \u00abRep\u00fablica de Chile\u00bb de la capital entrerriana, interpretaron el Himno Nacional a<\/p>\n","protected":false},"author":2,"featured_media":31742,"comment_status":"closed","ping_status":"closed","sticky":false,"template":"","format":"standard","meta":{"footnotes":""},"categories":[8],"tags":[17],"class_list":["post-31741","post","type-post","status-publish","format-standard","has-post-thumbnail","hentry","category-informe-nacional","tag-entre-rios"],"_links":{"self":[{"href":"http:\/\/argentinamunicipal.com.ar\/argentina\/wp-json\/wp\/v2\/posts\/31741","targetHints":{"allow":["GET"]}}],"collection":[{"href":"http:\/\/argentinamunicipal.com.ar\/argentina\/wp-json\/wp\/v2\/posts"}],"about":[{"href":"http:\/\/argentinamunicipal.com.ar\/argentina\/wp-json\/wp\/v2\/types\/post"}],"author":[{"embeddable":true,"href":"http:\/\/argentinamunicipal.com.ar\/argentina\/wp-json\/wp\/v2\/users\/2"}],"replies":[{"embeddable":true,"href":"http:\/\/argentinamunicipal.com.ar\/argentina\/wp-json\/wp\/v2\/comments?post=31741"}],"version-history":[{"count":0,"href":"http:\/\/argentinamunicipal.com.ar\/argentina\/wp-json\/wp\/v2\/posts\/31741\/revisions"}],"wp:featuredmedia":[{"embeddable":true,"href":"http:\/\/argentinamunicipal.com.ar\/argentina\/wp-json\/wp\/v2\/media\/31742"}],"wp:attachment":[{"href":"http:\/\/argentinamunicipal.com.ar\/argentina\/wp-json\/wp\/v2\/media?parent=31741"}],"wp:term":[{"taxonomy":"category","embeddable":true,"href":"http:\/\/argentinamunicipal.com.ar\/argentina\/wp-json\/wp\/v2\/categories?post=31741"},{"taxonomy":"post_tag","embeddable":true,"href":"http:\/\/argentinamunicipal.com.ar\/argentina\/wp-json\/wp\/v2\/tags?post=31741"}],"curies":[{"name":"wp","href":"https:\/\/api.w.org\/{rel}","templated":true}]}}