{"id":31757,"date":"2015-06-22T09:16:58","date_gmt":"2015-06-22T12:16:58","guid":{"rendered":"http:\/\/argentinamunicipal.com.ar\/argentina\/?p=31757"},"modified":"2015-06-22T09:16:58","modified_gmt":"2015-06-22T12:16:58","slug":"el-estado-nacional-restaurara-el-monumento-a-la-bandera","status":"publish","type":"post","link":"http:\/\/argentinamunicipal.com.ar\/argentina\/el-estado-nacional-restaurara-el-monumento-a-la-bandera\/","title":{"rendered":"El Estado Nacional restaurar\u00e1 el Monumento a la Bandera"},"content":{"rendered":"<p><a href=\"http:\/\/argentinamunicipal.com.ar\/argentina\/wp-content\/uploads\/2015\/06\/Monumento-a-la-Bandera-Rosario-56-e1434975358655.jpg\"><img loading=\"lazy\" decoding=\"async\" class=\"aligncenter wp-image-31758\" src=\"http:\/\/argentinamunicipal.com.ar\/argentina\/wp-content\/uploads\/2015\/06\/Monumento-a-la-Bandera-Rosario-56-e1434975358655.jpg\" alt=\"\" width=\"653\" height=\"343\" srcset=\"http:\/\/argentinamunicipal.com.ar\/argentina\/wp-content\/uploads\/2015\/06\/Monumento-a-la-Bandera-Rosario-56-e1434975358655.jpg 1021w, http:\/\/argentinamunicipal.com.ar\/argentina\/wp-content\/uploads\/2015\/06\/Monumento-a-la-Bandera-Rosario-56-e1434975358655-300x158.jpg 300w\" sizes=\"auto, (max-width: 653px) 100vw, 653px\" \/><\/a><br \/>\nLa presidenta, Cristina Fern\u00e1ndez de Kirchner, anunci\u00f3 en el acto de este 20 de junio que desde Naci\u00f3n se har\u00e1n cargo de las refacciones y puesta en valor. La intendenta hab\u00eda pedido que se env\u00eden fondos.<\/p>\n<p>La presidenta Cristina Fern\u00e1ndez de Kirchner anunci\u00f3 en el acto por el D\u00eda de la Bandera que el Estado Nacional se encargar\u00e1 de la restauraci\u00f3n total y puesta en valor del Monumento a la Bandera, lugar donde Manuel Belgrano iz\u00f3 por primera vez el pabell\u00f3n nacional en 1812.<\/p>\n<p>La intendenta M\u00f3nica Fein hab\u00eda pedido en la ma\u00f1ana de este s\u00e1bado que \u00abesperaba\u00bb que la presidenta anuncie \u00abel env\u00edo de fondos para realizar mejoras en el edificio del Monumento\u00bb. \u00abEsperamos un gesto de la presidenta para poder anunciar mejoras en el Monumento\u00bb, hab\u00eda expresado Fein en el marco de las actividades oficiales por el D\u00eda de la Bandera.<\/p>\n<p>Concretamente, la intendenta se refer\u00eda a mejoras \u00aben el Sal\u00f3n de las Provincias\u00bb, que se encuentra en la base del Monumento Nacional a la Bandera.<\/p>\n<h6>Fuente: Sin Mordaza<\/h6>\n","protected":false},"excerpt":{"rendered":"<p>La presidenta, Cristina Fern\u00e1ndez de Kirchner, anunci\u00f3 en el acto de este 20 de junio que desde Naci\u00f3n se har\u00e1n cargo de las refacciones y puesta en valor. La intendenta hab\u00eda pedido que se env\u00eden fondos. La presidenta Cristina Fern\u00e1ndez de Kirchner anunci\u00f3 en el acto por el D\u00eda de la Bandera que el Estado<\/p>\n","protected":false},"author":2,"featured_media":31758,"comment_status":"closed","ping_status":"closed","sticky":false,"template":"","format":"standard","meta":{"footnotes":""},"categories":[2],"tags":[10],"class_list":["post-31757","post","type-post","status-publish","format-standard","has-post-thumbnail","hentry","category-informe-municipal","tag-santa-fe"],"_links":{"self":[{"href":"http:\/\/argentinamunicipal.com.ar\/argentina\/wp-json\/wp\/v2\/posts\/31757","targetHints":{"allow":["GET"]}}],"collection":[{"href":"http:\/\/argentinamunicipal.com.ar\/argentina\/wp-json\/wp\/v2\/posts"}],"about":[{"href":"http:\/\/argentinamunicipal.com.ar\/argentina\/wp-json\/wp\/v2\/types\/post"}],"author":[{"embeddable":true,"href":"http:\/\/argentinamunicipal.com.ar\/argentina\/wp-json\/wp\/v2\/users\/2"}],"replies":[{"embeddable":true,"href":"http:\/\/argentinamunicipal.com.ar\/argentina\/wp-json\/wp\/v2\/comments?post=31757"}],"version-history":[{"count":0,"href":"http:\/\/argentinamunicipal.com.ar\/argentina\/wp-json\/wp\/v2\/posts\/31757\/revisions"}],"wp:featuredmedia":[{"embeddable":true,"href":"http:\/\/argentinamunicipal.com.ar\/argentina\/wp-json\/wp\/v2\/media\/31758"}],"wp:attachment":[{"href":"http:\/\/argentinamunicipal.com.ar\/argentina\/wp-json\/wp\/v2\/media?parent=31757"}],"wp:term":[{"taxonomy":"category","embeddable":true,"href":"http:\/\/argentinamunicipal.com.ar\/argentina\/wp-json\/wp\/v2\/categories?post=31757"},{"taxonomy":"post_tag","embeddable":true,"href":"http:\/\/argentinamunicipal.com.ar\/argentina\/wp-json\/wp\/v2\/tags?post=31757"}],"curies":[{"name":"wp","href":"https:\/\/api.w.org\/{rel}","templated":true}]}}