{"id":3177,"date":"2014-03-07T12:44:31","date_gmt":"2014-03-07T15:44:31","guid":{"rendered":"http:\/\/argentinamunicipal.com.ar\/argentina\/?p=3177"},"modified":"2014-03-07T12:44:31","modified_gmt":"2014-03-07T15:44:31","slug":"el-intendente-aseguro-que-este-ano-se-construiran-500-casas-en-patagones","status":"publish","type":"post","link":"http:\/\/argentinamunicipal.com.ar\/argentina\/el-intendente-aseguro-que-este-ano-se-construiran-500-casas-en-patagones\/","title":{"rendered":"EL Intendente asegur\u00f3 que este a\u00f1o se construir\u00e1n 500 casas en Patagones"},"content":{"rendered":"<p><a href=\"http:\/\/argentinamunicipal.com.ar\/argentina\/wp-content\/uploads\/2014\/03\/muni-carmen-de-patagones.jpg\"><img loading=\"lazy\" decoding=\"async\" class=\"alignright  wp-image-3178\" alt=\"muni carmen de patagones\" src=\"http:\/\/argentinamunicipal.com.ar\/argentina\/wp-content\/uploads\/2014\/03\/muni-carmen-de-patagones.jpg\" width=\"298\" height=\"223\" srcset=\"http:\/\/argentinamunicipal.com.ar\/argentina\/wp-content\/uploads\/2014\/03\/muni-carmen-de-patagones.jpg 466w, http:\/\/argentinamunicipal.com.ar\/argentina\/wp-content\/uploads\/2014\/03\/muni-carmen-de-patagones-300x224.jpg 300w\" sizes=\"auto, (max-width: 298px) 100vw, 298px\" \/><\/a>El intendente de Patagones, Ricardo Curetti, confirm\u00f3 hoy jueves que durante este a\u00f1o se construir\u00e1n 500 viviendas en el distrito de Patagones.<\/p>\n<p>El anuncio lo efectu\u00f3 despu\u00e9s de reunirse con representantes de empresas que estar\u00e1n a cargo de las 364 viviendas del PROCRFAR.<\/p>\n<p>Adem\u00e1s, el Gobierno nacional ejecuta 112 unidades del plan techo Digno y la provincia llevar\u00e1 a cabo 25 del Buenos Aires Hogar.<\/p>\n<p>En una reuni\u00f3n en las instalaciones de la Secretar\u00eda de Obras P\u00fablicas, Curetti charl\u00f3 con los representantes de las empresas para resolver los temas t\u00e9cnicos administrativos y poder dar inicio r\u00e1pidamente a las obras.<\/p>\n<h6>Fuente: ADN Rio Negro<\/h6>\n","protected":false},"excerpt":{"rendered":"<p>El intendente de Patagones, Ricardo Curetti, confirm\u00f3 hoy jueves que durante este a\u00f1o se construir\u00e1n 500 viviendas en el distrito de Patagones. El anuncio lo efectu\u00f3 despu\u00e9s de reunirse con representantes de empresas que estar\u00e1n a cargo de las 364 viviendas del PROCRFAR. Adem\u00e1s, el Gobierno nacional ejecuta 112 unidades del plan techo Digno y<\/p>\n","protected":false},"author":2,"featured_media":3178,"comment_status":"closed","ping_status":"closed","sticky":false,"template":"","format":"standard","meta":{"footnotes":""},"categories":[2],"tags":[12],"class_list":["post-3177","post","type-post","status-publish","format-standard","has-post-thumbnail","hentry","category-informe-municipal","tag-buenos-aires"],"_links":{"self":[{"href":"http:\/\/argentinamunicipal.com.ar\/argentina\/wp-json\/wp\/v2\/posts\/3177","targetHints":{"allow":["GET"]}}],"collection":[{"href":"http:\/\/argentinamunicipal.com.ar\/argentina\/wp-json\/wp\/v2\/posts"}],"about":[{"href":"http:\/\/argentinamunicipal.com.ar\/argentina\/wp-json\/wp\/v2\/types\/post"}],"author":[{"embeddable":true,"href":"http:\/\/argentinamunicipal.com.ar\/argentina\/wp-json\/wp\/v2\/users\/2"}],"replies":[{"embeddable":true,"href":"http:\/\/argentinamunicipal.com.ar\/argentina\/wp-json\/wp\/v2\/comments?post=3177"}],"version-history":[{"count":0,"href":"http:\/\/argentinamunicipal.com.ar\/argentina\/wp-json\/wp\/v2\/posts\/3177\/revisions"}],"wp:featuredmedia":[{"embeddable":true,"href":"http:\/\/argentinamunicipal.com.ar\/argentina\/wp-json\/wp\/v2\/media\/3178"}],"wp:attachment":[{"href":"http:\/\/argentinamunicipal.com.ar\/argentina\/wp-json\/wp\/v2\/media?parent=3177"}],"wp:term":[{"taxonomy":"category","embeddable":true,"href":"http:\/\/argentinamunicipal.com.ar\/argentina\/wp-json\/wp\/v2\/categories?post=3177"},{"taxonomy":"post_tag","embeddable":true,"href":"http:\/\/argentinamunicipal.com.ar\/argentina\/wp-json\/wp\/v2\/tags?post=3177"}],"curies":[{"name":"wp","href":"https:\/\/api.w.org\/{rel}","templated":true}]}}