{"id":3192,"date":"2014-03-07T15:05:00","date_gmt":"2014-03-07T18:05:00","guid":{"rendered":"http:\/\/argentinamunicipal.com.ar\/argentina\/?p=3192"},"modified":"2014-03-07T16:48:19","modified_gmt":"2014-03-07T19:48:19","slug":"rosario-segun-su-intendenta-apertura-de-sesiones-del-concejo","status":"publish","type":"post","link":"http:\/\/argentinamunicipal.com.ar\/argentina\/rosario-segun-su-intendenta-apertura-de-sesiones-del-concejo\/","title":{"rendered":"Rosario seg\u00fan su Intendenta: Apertura de sesiones del Concejo"},"content":{"rendered":"<div id=\"attachment_3193\" style=\"width: 754px\" class=\"wp-caption aligncenter\"><a href=\"http:\/\/argentinamunicipal.com.ar\/argentina\/wp-content\/uploads\/2014\/03\/94048.jpg\"><img loading=\"lazy\" decoding=\"async\" aria-describedby=\"caption-attachment-3193\" class=\"size-full wp-image-3193\" alt=\"&quot;Rosario no es el problema de la Argentina&quot; Al abrir el per\u00edodo de sesiones del Concejo, la intendenta M\u00f3nica Fein dijo que se necesita una pol\u00edtica nacional para combatir el narcotr\u00e1fico y la violencia, y sum\u00f3: &quot;Reclamamos que no se estigmatice a la ciudad&quot;. Dijo que la Municipalidad necesitar\u00eda duplicar su presupuesto.\" src=\"http:\/\/argentinamunicipal.com.ar\/argentina\/wp-content\/uploads\/2014\/03\/94048.jpg\" width=\"744\" height=\"288\" srcset=\"http:\/\/argentinamunicipal.com.ar\/argentina\/wp-content\/uploads\/2014\/03\/94048.jpg 744w, http:\/\/argentinamunicipal.com.ar\/argentina\/wp-content\/uploads\/2014\/03\/94048-300x116.jpg 300w\" sizes=\"auto, (max-width: 744px) 100vw, 744px\" \/><\/a><p id=\"caption-attachment-3193\" class=\"wp-caption-text\">\u00abRosario no es el problema de la Argentina\u00bb<br \/>Al abrir el per\u00edodo de sesiones del Concejo, la intendenta M\u00f3nica Fein dijo que se necesita una pol\u00edtica nacional para combatir el narcotr\u00e1fico y la violencia, y sum\u00f3: \u00abReclamamos que no se estigmatice a la ciudad\u00bb. Dijo que la Municipalidad necesitar\u00eda duplicar su presupuesto.<\/p><\/div>\n<p>La intendenta pronostic\u00f3 que 2014 y 2015 \u00abser\u00e1n los a\u00f1os de gesti\u00f3n con mayores obras p\u00fablicas\u00bb. Sobre la inseguridad,\u00a0se\u00f1al\u00f3 que \u00abla ciudad no es el problema de la Argentina\u00bb.<\/p>\n<p>&nbsp;<\/p>\n<p>La intendenta M\u00f3nica Fein inaugur\u00f3 ayer el per\u00edodo de sesiones ordinarias del Concejo Municipal con un pronostico: 2014 y 2015 ser\u00e1n \u00ablos a\u00f1os de gesti\u00f3n con mayores obras p\u00fablicas\u00bb. Dedic\u00f3 buena parte de su discurso a la problem\u00e1tica de la inseguridad y el narcotr\u00e1fico, aunque pidi\u00f3 que \u00abno se estigmatice a la ciudad\u00bb. Por otra parte, anunci\u00f3 mejoras barriales con una inversi\u00f3n de 130 millones de pesos, destac\u00f3 el trabajo coordinado entre Naci\u00f3n, Provincia y Municipio para \u00abconstruir un desarrollo duradero que mejore la vida de los ciudadanos\u00bb y pidi\u00f3 a los concejales una \u00abdiscusi\u00f3n seria\u00bb sobre la forma de otorgar recursos. \u00abContemplando la pauta inflacionaria, consideramos necesario contar con un presupuesto que ronde los 8 mil millones de pesos\u00bb, afirm\u00f3.<\/p>\n<p>Con asistencia perfecta de concejales, un buen n\u00famero de funcionarios del gabinete municipal en el recinto, y las gradas colmadas de militantes socialistas, Fein record\u00f3 que se cumpl\u00edan siete meses de la tragedia de calle Salta. \u00ab2013 quedar\u00e1 para siempre en la memoria colectiva de la ciudad, que se haga justicia es nuestro principal reclamo como rosarinos\u00bb, pidi\u00f3.<\/p>\n<p>Despu\u00e9s abord\u00f3 la problem\u00e1tica de la violencia y el narcotr\u00e1fico. \u00abRosario no es el problema de la Argentina\u00bb, resumi\u00f3, aunque aclar\u00f3 que no eludir\u00e1 \u00abresponsabilidades y compromiso\u00bb. En este marco, solicit\u00f3 que se discuta \u00abuna nueva pol\u00edtica nacional de drogas\u00bb, adelant\u00f3 que mantendr\u00e1 una reuni\u00f3n con la Sedronar y record\u00f3 que en la \u00faltima d\u00e9cada se produjo en Rosario un incremento del 45 por ciento de la participaci\u00f3n de armas de fuego en el conjunto de homicidios. \u00abLas principales v\u00edctimas de homicidios son varones j\u00f3venes de sectores populares. Alrededor del 65 por ciento de las personas v\u00edctimas de homicidio durante 2013 no termin\u00f3 los estudios secundarios y m\u00e1s del 50 por ciento estaban desocupadas o vinculados s\u00f3lo a la econom\u00eda informal. Violencia y desigualdad social son una dupla indisociable\u00bb, plante\u00f3.<\/p>\n<p>Destac\u00f3 que Rosario es el \u00fanico municipio que se suscribi\u00f3 voluntariamente a la Unidad de Informaci\u00f3n Financiera (UIF) para informar sobre operaciones econ\u00f3micas sospechosas para que sean investigadas por organismos competentes.<\/p>\n<p>\u00abQueremos tener una mejor polic\u00eda\u00bb, afirm\u00f3 la intendenta, para despu\u00e9s se\u00f1alar que este mes comenzar\u00e1 a funcionar la Polic\u00eda Comunitaria, inicialmente en el sector comprendido por Las Flores Este, La Granada y 17 de Agosto para despu\u00e9s extenderse a otros barrios. \u00abEn abril la ciudad contar\u00e1 con 500 c\u00e1maras, entre las municipales y provinciales\u00bb, agreg\u00f3.<\/p>\n<p>Adelant\u00f3 que el mes pr\u00f3ximo se iniciar\u00e1 un proceso de formaci\u00f3n de facilitadores de di\u00e1logo, para el abordaje temprano de conflictos. \u00abHay que cortar las broncas antes de que se expresen de forma violenta\u00bb, dijo la intendenta, quien anunci\u00f3 la creaci\u00f3n durante este a\u00f1o de 13 centros de Convivencia Barrial. \u00abDesde estos espacios continuamos apostando a la educaci\u00f3n y el trabajo\u00bb, abund\u00f3. En este sentido, resalt\u00f3 la importancia de los programas Vuelvo a Estudiar, Progresar y Nueva Oportunidad.<\/p>\n<p>A la hora de los anuncios, la intendenta se refiri\u00f3 a la construcci\u00f3n de 1200 viviendas, y a partir de la reformulaci\u00f3n del C\u00f3digo Urbano, la elaboraci\u00f3n de Planes Especiales y de Detalle sobre \u00e1reas calificadas: Ciudad Universitaria, Cruce Alberdi y el entorno de la ex F\u00e1brica de Armas. Adem\u00e1s, adelant\u00f3 la presentaci\u00f3n al Banco Interamericano de Desarrollo del proyecto del Parque Ribere\u00f1o el Mangrullo y Bajo Saladillo. Tambi\u00e9n garantiz\u00f3 una inversi\u00f3n de 32 millones de pesos en los espacios p\u00fablicos de la ciudad.<\/p>\n<p>Seg\u00fan Fein, se completar\u00e1 el saneamiento integral que \u00abalcanzar\u00e1n al 86 por ciento de los rosarinos, meta que se lograr\u00e1 con las obras de conexi\u00f3n cloacal prevista para 18 barrios que beneficiar\u00e1n a 100 mil usuarios, un hecho hist\u00f3rico\u00bb. Hubo menci\u00f3n especial para la Higiene Urbana. \u00abOcupa un lugar de importancia en nuestra agenda\u00bb, destac\u00f3 la mandataria, y anunci\u00f3 para este a\u00f1o una cobertura de \u00ab12 mil contenedores en toda la ciudad\u00bb. Como desaf\u00edo plante\u00f3 \u00abla puesta en marcha de la nueva concesi\u00f3n en la zona sur\u00bb.<\/p>\n<p>La intendenta adelant\u00f3 que este a\u00f1o se pondr\u00e1 en marcha el servicio de atenci\u00f3n al ciudadano 147. \u00abEste servicio permitir\u00e1 mejorar la comunicaci\u00f3n con los ciudadanos\u00bb, remarc\u00f3 Fein, quien solicit\u00f3 un gran acuerdo con los ediles para \u00abavanzar en el control de la noche\u00bb realizando las modificaciones necesarias a la ordenanza de Espect\u00e1culos P\u00fablicos.<\/p>\n<p>Fein anunci\u00f3 la elaboraci\u00f3n del pliego licitatorio para la nueva red de transporte urbano de pasajeros. Esta contar\u00e1 con una nueva l\u00ednea de troleb\u00fas para consolidar un corredor por Avenida Francia, que unir\u00e1 mediante calle Mendoza el sur con el centro y la ciudad universitaria. Tambi\u00e9n sumar\u00e1n 7 kil\u00f3metros de bicisendas por Avellaneda y Bordabehere. La intendenta agradeci\u00f3 al gobernador Antonio Bonfatti por incluir a Rosario y a Santa Fe en el Fondo de Obras Menores que aportar\u00e1n 60 millones de pesos. Fein dijo asumir el compromiso ante el Concejo de que una parte de esos recursos se destinen al Fondo Compensador para el transporte urbano.<\/p>\n<h2>\u00abLa peor gesti\u00f3n municipal\u00bb<\/h2>\n<p>Con matices, varios concejales opositores criticaron el mensaje de la intendenta Fein. Si bien durante el discurso de la mandataria, los concejales planteaban sus disidencias a trav\u00e9s de sus cuentas de Twitter, cuando la jefa del Palacio de los Leones se retir\u00f3 del Palacio Vasallo, aprovecharon micr\u00f3fonos y grabadores para exponer sus puntos de vista.<\/p>\n<p>El concejal Roberto Sukerman (FpV), dijo que el discurso de Fein le dej\u00f3 preocupaci\u00f3n. \u00abEstoy convencido de que estamos ante la peor gesti\u00f3n municipal desde el advenimiento de la democracia, porque la distancia entre el discurso y la realidad es abismal\u00bb, se\u00f1al\u00f3 el edil kirchnerista. \u00abLa intendenta no habl\u00f3 en concreto de ninguno de los problemas que tiene la ciudad. No habl\u00f3 del problema de la energ\u00eda el\u00e9ctrica, cuando la ciudad estuvo sin luz durante el verano, no habl\u00f3 del problema del agua potable; de problem\u00e1ticas concretas, como el tranporte p\u00fablico, donde a ella le preocupa el precio del boleto pero no que los colectivos no entren a los barrios, que las frecuencias sean malas\u00bb, agreg\u00f3 Sukerman.<\/p>\n<p>\u00abFue un relato ficci\u00f3n, t\u00edpico relato oficialista en donde la intendenta hace un autoelogio de actos y hechos. Muchos de ellos son de la administraci\u00f3n normal y diaria, y otros son sue\u00f1os de 20 a\u00f1os de gobiernos socialistas todav\u00eda incumplidos\u00bb, dijo el concejal Jorge Boasso (Bloque Radical). Consultado sobre el llamado de la intendenta para trabajar juntos con el Concejo, Boasso consider\u00f3 que \u00abes el t\u00edpico manotazo del ahogado, de no haber estimulado y promovido el di\u00e1logo en su momento, y ahora como est\u00e1n en minor\u00eda, necesitan los votos de la oposici\u00f3n\u00bb.<\/p>\n<p>Desde el bloque del Pro, los ediles Roy L\u00f3pez Molina, Alejandro Rossello, Anita Mart\u00ednez, Julia Bonifacio y Carlos Cardozo se\u00f1alaron que la intendenta \u00abasumi\u00f3 los problemas pero sigue sin ofrecer soluciones concretas a problem\u00e1ticas que empiezan a estallar como son la inseguridad, el narcotr\u00e1fico, el deterioro del transporte p\u00fablico y la disminuci\u00f3n de la obra p\u00fablica\u00bb, aseguraron.<\/p>\n<h6>Fuente: Rosario12<\/h6>\n","protected":false},"excerpt":{"rendered":"<p>La intendenta pronostic\u00f3 que 2014 y 2015 \u00abser\u00e1n los a\u00f1os de gesti\u00f3n con mayores obras p\u00fablicas\u00bb. Sobre la inseguridad,\u00a0se\u00f1al\u00f3 que \u00abla ciudad no es el problema de la Argentina\u00bb. &nbsp; La intendenta M\u00f3nica Fein inaugur\u00f3 ayer el per\u00edodo de sesiones ordinarias del Concejo Municipal con un pronostico: 2014 y 2015 ser\u00e1n \u00ablos a\u00f1os de gesti\u00f3n<\/p>\n","protected":false},"author":1,"featured_media":3193,"comment_status":"closed","ping_status":"closed","sticky":false,"template":"","format":"standard","meta":{"footnotes":""},"categories":[4],"tags":[10],"class_list":["post-3192","post","type-post","status-publish","format-standard","has-post-thumbnail","hentry","category-informe-politico","tag-santa-fe"],"_links":{"self":[{"href":"http:\/\/argentinamunicipal.com.ar\/argentina\/wp-json\/wp\/v2\/posts\/3192","targetHints":{"allow":["GET"]}}],"collection":[{"href":"http:\/\/argentinamunicipal.com.ar\/argentina\/wp-json\/wp\/v2\/posts"}],"about":[{"href":"http:\/\/argentinamunicipal.com.ar\/argentina\/wp-json\/wp\/v2\/types\/post"}],"author":[{"embeddable":true,"href":"http:\/\/argentinamunicipal.com.ar\/argentina\/wp-json\/wp\/v2\/users\/1"}],"replies":[{"embeddable":true,"href":"http:\/\/argentinamunicipal.com.ar\/argentina\/wp-json\/wp\/v2\/comments?post=3192"}],"version-history":[{"count":0,"href":"http:\/\/argentinamunicipal.com.ar\/argentina\/wp-json\/wp\/v2\/posts\/3192\/revisions"}],"wp:featuredmedia":[{"embeddable":true,"href":"http:\/\/argentinamunicipal.com.ar\/argentina\/wp-json\/wp\/v2\/media\/3193"}],"wp:attachment":[{"href":"http:\/\/argentinamunicipal.com.ar\/argentina\/wp-json\/wp\/v2\/media?parent=3192"}],"wp:term":[{"taxonomy":"category","embeddable":true,"href":"http:\/\/argentinamunicipal.com.ar\/argentina\/wp-json\/wp\/v2\/categories?post=3192"},{"taxonomy":"post_tag","embeddable":true,"href":"http:\/\/argentinamunicipal.com.ar\/argentina\/wp-json\/wp\/v2\/tags?post=3192"}],"curies":[{"name":"wp","href":"https:\/\/api.w.org\/{rel}","templated":true}]}}