{"id":31945,"date":"2015-06-24T08:58:08","date_gmt":"2015-06-24T11:58:08","guid":{"rendered":"http:\/\/argentinamunicipal.com.ar\/argentina\/?p=31945"},"modified":"2015-06-24T08:58:08","modified_gmt":"2015-06-24T11:58:08","slug":"gas-natural-el-municipio-de-santa-fe-trabaja-para-conectar-al-servicio-a-mas-de-900-familias-de-liceo-norte","status":"publish","type":"post","link":"http:\/\/argentinamunicipal.com.ar\/argentina\/gas-natural-el-municipio-de-santa-fe-trabaja-para-conectar-al-servicio-a-mas-de-900-familias-de-liceo-norte\/","title":{"rendered":"Gas natural: el Municipio de Santa Fe trabaja para conectar al servicio a m\u00e1s de 900 familias de Liceo Norte"},"content":{"rendered":"<p><a href=\"http:\/\/argentinamunicipal.com.ar\/argentina\/wp-content\/uploads\/2015\/06\/Gas2.jpg_973718260.jpg\"><img loading=\"lazy\" decoding=\"async\" class=\"aligncenter  wp-image-31946\" src=\"http:\/\/argentinamunicipal.com.ar\/argentina\/wp-content\/uploads\/2015\/06\/Gas2.jpg_973718260.jpg\" alt=\"Gas2.jpg_973718260\" width=\"615\" height=\"429\" srcset=\"http:\/\/argentinamunicipal.com.ar\/argentina\/wp-content\/uploads\/2015\/06\/Gas2.jpg_973718260.jpg 789w, http:\/\/argentinamunicipal.com.ar\/argentina\/wp-content\/uploads\/2015\/06\/Gas2.jpg_973718260-300x209.jpg 300w\" sizes=\"auto, (max-width: 615px) 100vw, 615px\" \/><\/a><br \/>\nEl Intendente visit\u00f3 esta ma\u00f1ana la obra que se realiza bajo la modalidad de Contribuci\u00f3n de Mejoras y tiene un plazo de ejecuci\u00f3n de 12 meses.<\/p>\n<p>El Intendente visit\u00f3 esta ma\u00f1ana la obra que se realiza bajo la modalidad de Contribuci\u00f3n de Mejoras y tiene un plazo de ejecuci\u00f3n de 12 meses. \u201cEl objetivo es mejorar la calidad de vida de los vecinos, con un servicio que adem\u00e1s de ser mucho m\u00e1s c\u00f3modo, es m\u00e1s seguro y tambi\u00e9n mucho m\u00e1s barato\u201d, destac\u00f3 Jos\u00e9 Corral.<\/p>\n<p>El intendente Jos\u00e9 Corral recorri\u00f3 hoy la obra de gas natural que se est\u00e1 llevando a cabo en el barrio Liceo Norte. En la esquina de las calles Europa y Almonacid, mientras un grupo de obreros trabajan en el zanjeo manual, una m\u00e1quina hace lo propio donde el terreno lo permite, para luego dar paso a la colocaci\u00f3n de la ca\u00f1er\u00eda. La ampliaci\u00f3n de la red permitir\u00e1 que 926 familias de la zona accedan al servicio de gas natural.<\/p>\n<p>Los trabajos se realizan por Contribuci\u00f3n de Mejoras: el 15 % de los fondos ser\u00e1n aportados por el Gobierno de la Ciudad, que afrontar\u00e1 tambi\u00e9n la parte correspondiente a los inmuebles de titularidad del Estado Nacional y aquellos que le son propios; y el 85 % restante ser\u00e1 prorrateado entre los beneficiarios.<\/p>\n<p>La obra es ejecutada por la empresa Winkelmann SRL, y el presupuesto alcanza los 9.106.000 de pesos. Actualmente la obra -que comenz\u00f3 en mayo- tiene un avance del 10 % y un plazo de ejecuci\u00f3n de 12 meses.<\/p>\n<p>Durante la recorrida, el mandatario estuvo acompa\u00f1ado por funcionarios de la Secretar\u00eda de Obras P\u00fablicas del Municipio; el coordinador de Distrito, Marcelo Doyharzabal; representantes y t\u00e9cnicos de la empresa contratista y vecinos del lugar.<\/p>\n<p><strong>Servicio seguro y econ\u00f3mico<\/strong><\/p>\n<p>El intendente Jos\u00e9 Corral destac\u00f3 que \u201cel Municipio ha retomado hace pocos a\u00f1os las obras de gas que desde 1992 no se hac\u00edan en la ciudad, y especialmente aqu\u00ed en el Norte, donde la gran mayor\u00eda de esta zona no cuenta con el servicio\u201d. En este sentido, record\u00f3 las obras inauguradas en 2013, en la jurisdicci\u00f3n de la Vecinal 21 de Octubre, donde \u201chicimos una inversi\u00f3n importante en barrio los \u00c1ngeles donde ya hay unas 400 familias con posibilidades de conectarse, y con la mayor\u00eda ya conectada\u201d.<\/p>\n<p>Sobre los trabajos en marcha, Jos\u00e9 Corral detall\u00f3 que \u201cesta segunda etapa es mayor y supera las 920 conexiones para todo este sector de Liceo Norte, ente Gorriti y Callej\u00f3n Aguirre, y entre Blas Parera y Pe\u00f1aloza\u201d. Asimismo destac\u00f3 que una vez cumplimentados los trabajos, \u201cva a permitir tener este servicio, que adem\u00e1s de ser mucho m\u00e1s c\u00f3modo, es m\u00e1s seguro y tambi\u00e9n mucho m\u00e1s barato: hasta cuatro veces m\u00e1s econ\u00f3mico para una familia tipo.\u201d<\/p>\n<p>En virtud de estos beneficios que trae consigo la ampliaci\u00f3n de la red de gas natural, Jos\u00e9 Corral destac\u00f3 el apoyo de \u201clos vecinos que acompa\u00f1an con mucho entusiasmo la obra, y que terminan pagando por contribuci\u00f3n de mejoras; as\u00ed ellos devuelven la inversi\u00f3n que hace el Municipio y nos va permitiendo continuar con m\u00e1s obras\u201d.<\/p>\n<p><strong>En otros barrios<\/strong><\/p>\n<p>El Intendente adelant\u00f3 la idea del Municipio de continuar con estas obras, \u201cporque es uno de los servicios que m\u00e1s afectan a las familias y que mejora la calidad de vida. Nuestra idea es completar, en la medida en que podamos, toda la ciudad. De hecho hay algunos barrios que se han hecho como planes de vivienda y que ya tienen la instalaci\u00f3n hecha, pero le falta justamente la conexi\u00f3n troncal\u201d.<\/p>\n<p>\u201cEstamos avanzando en la medida que Litoral Gas autoriza, ya que en no todos los barrios tenemos la provisi\u00f3n, pero se est\u00e1n haciendo refuerzos en el gasoducto principal, as\u00ed que esperamos poder completar en los pr\u00f3ximos a\u00f1os buena parte de la ciudad\u201d dijo Jos\u00e9 Corral.<\/p>\n<p>Por \u00faltimo el mandatario local reiter\u00f3 que \u201ccomo dijimos en la campa\u00f1a electoral, la prioridad est\u00e1 en el Norte, donde hacen falta m\u00e1s servicios y donde adem\u00e1s hay todav\u00eda terreno vacante, con lo cual hacer la obra de infraestructura deja la posibilidad de nuevos loteos y nuevas urbanizaciones\u201d.<\/p>\n<p><strong>Satisfacci\u00f3n<\/strong><\/p>\n<p>Victorio fue uno de los vecinos que se acerc\u00f3 hasta el lugar para conversar con el Intendente. Cont\u00f3 que \u201cla obra es una cosa muy importante para el barrio, y ojal\u00e1 que se termine el problema de las garrafas, porque aparte de que es caro, a veces hay problemas para conseguirla, y hasta hay que recurrir a la le\u00f1a\u201d.<\/p>\n<p>Se\u00f1al\u00f3 que \u201ctodos los vecinos est\u00e1n contentos y esperan poder habilitar el gas, porque aunque la obra puede ser pesada, se puede hacer y el beneficio vale la pena\u201d, dijo el vecino, que hace unos 40 a\u00f1os vive en la zona y es jubilado.<\/p>\n<h6>Fuente: Uno, Santa Fe<\/h6>\n","protected":false},"excerpt":{"rendered":"<p>El Intendente visit\u00f3 esta ma\u00f1ana la obra que se realiza bajo la modalidad de Contribuci\u00f3n de Mejoras y tiene un plazo de ejecuci\u00f3n de 12 meses. El Intendente visit\u00f3 esta ma\u00f1ana la obra que se realiza bajo la modalidad de Contribuci\u00f3n de Mejoras y tiene un plazo de ejecuci\u00f3n de 12 meses. \u201cEl objetivo es<\/p>\n","protected":false},"author":2,"featured_media":31946,"comment_status":"closed","ping_status":"closed","sticky":false,"template":"","format":"standard","meta":{"footnotes":""},"categories":[2],"tags":[10],"class_list":["post-31945","post","type-post","status-publish","format-standard","has-post-thumbnail","hentry","category-informe-municipal","tag-santa-fe"],"_links":{"self":[{"href":"http:\/\/argentinamunicipal.com.ar\/argentina\/wp-json\/wp\/v2\/posts\/31945","targetHints":{"allow":["GET"]}}],"collection":[{"href":"http:\/\/argentinamunicipal.com.ar\/argentina\/wp-json\/wp\/v2\/posts"}],"about":[{"href":"http:\/\/argentinamunicipal.com.ar\/argentina\/wp-json\/wp\/v2\/types\/post"}],"author":[{"embeddable":true,"href":"http:\/\/argentinamunicipal.com.ar\/argentina\/wp-json\/wp\/v2\/users\/2"}],"replies":[{"embeddable":true,"href":"http:\/\/argentinamunicipal.com.ar\/argentina\/wp-json\/wp\/v2\/comments?post=31945"}],"version-history":[{"count":0,"href":"http:\/\/argentinamunicipal.com.ar\/argentina\/wp-json\/wp\/v2\/posts\/31945\/revisions"}],"wp:featuredmedia":[{"embeddable":true,"href":"http:\/\/argentinamunicipal.com.ar\/argentina\/wp-json\/wp\/v2\/media\/31946"}],"wp:attachment":[{"href":"http:\/\/argentinamunicipal.com.ar\/argentina\/wp-json\/wp\/v2\/media?parent=31945"}],"wp:term":[{"taxonomy":"category","embeddable":true,"href":"http:\/\/argentinamunicipal.com.ar\/argentina\/wp-json\/wp\/v2\/categories?post=31945"},{"taxonomy":"post_tag","embeddable":true,"href":"http:\/\/argentinamunicipal.com.ar\/argentina\/wp-json\/wp\/v2\/tags?post=31945"}],"curies":[{"name":"wp","href":"https:\/\/api.w.org\/{rel}","templated":true}]}}