{"id":3195,"date":"2014-03-07T15:08:33","date_gmt":"2014-03-07T18:08:33","guid":{"rendered":"http:\/\/argentinamunicipal.com.ar\/argentina\/?p=3195"},"modified":"2014-03-07T15:37:15","modified_gmt":"2014-03-07T18:37:15","slug":"la-intendenta-de-rosario-reclamo-al-concejo-el-doble-de-fondos-para-gastar-este-ano","status":"publish","type":"post","link":"http:\/\/argentinamunicipal.com.ar\/argentina\/la-intendenta-de-rosario-reclamo-al-concejo-el-doble-de-fondos-para-gastar-este-ano\/","title":{"rendered":"Intendenta de Rosario reclam\u00f3 al Concejo el doble de fondos para gastar este a\u00f1o"},"content":{"rendered":"<p><a href=\"http:\/\/argentinamunicipal.com.ar\/argentina\/wp-content\/uploads\/2014\/03\/fein.jpg_88717827.jpg\"><img loading=\"lazy\" decoding=\"async\" class=\"aligncenter size-full wp-image-3196\" alt=\"fein.jpg_88717827\" src=\"http:\/\/argentinamunicipal.com.ar\/argentina\/wp-content\/uploads\/2014\/03\/fein.jpg_88717827.jpg\" width=\"621\" height=\"465\" srcset=\"http:\/\/argentinamunicipal.com.ar\/argentina\/wp-content\/uploads\/2014\/03\/fein.jpg_88717827.jpg 621w, http:\/\/argentinamunicipal.com.ar\/argentina\/wp-content\/uploads\/2014\/03\/fein.jpg_88717827-300x224.jpg 300w\" sizes=\"auto, (max-width: 621px) 100vw, 621px\" \/><\/a><\/p>\n<p>M\u00f3nica Fein blanque\u00f3 ayer la necesidad de m\u00e1s fondos para su gesti\u00f3n, y reclam\u00f3 al Concejo casi el doble de partidas para gastar en 2014, llevando los actuales 4.800 millones de presupuesto a 8 mil millones. \u00abPara cumplir sin demoras ni contratiempos nuestros desaf\u00edos necesitar\u00edamos una significativa ampliaci\u00f3n de recursos. Por ello reclamamos la apertura de una discusi\u00f3n seria\u00bb, plante\u00f3 la intendenta. Adem\u00e1s, enumer\u00f3 las obras que se har\u00e1n en la ciudad junto a la provincia y la Naci\u00f3n.<\/p>\n<p>La jefa del Ejecutivo destac\u00f3 que el municipio est\u00e1 \u00abmuy por encima de lo previsto\u00bb por la ley org\u00e1nica de municipalidades en materia de competencias y atribuciones y reclam\u00f3 m\u00e1s partidas.<\/p>\n<p>Como ejemplo, mencion\u00f3 que la ciudad de Porto Alegre (Brasil) \u00abde similar escala que Rosario, cuenta con un presupuesto aproximado a 16 mil millones de pesos, cifra que triplica al de la ciudad\u00bb, que ser\u00e1 este a\u00f1o de 4.800 millones.<\/p>\n<p>\u00abTeniendo en cuenta nuestra agenda y contemplando la pauta inflacionaria, consideramos necesario contar con un presupuesto que ronde los 8 mil millones de pesos\u00bb, se\u00f1al\u00f3 la mandataria.<\/p>\n<p>En concreto, la Intendencia pretende que los ediles ampl\u00eden el nivel de gasto para este a\u00f1o, aumentando las tasas municipales, en particular la tasa general de inmuebles (TGI).<\/p>\n<p>Respecto al transporte, en medio del pedido de aumento del 32 por ciento del boleto, Fein anunci\u00f3 que si la Legislatura convierte en ley el proyecto de la Casa Gris de incluir a Rosario en el Fondo de Obras Menores, \u00abse sumar\u00e1n 60 millones de pesos que ir\u00e1n al fondo compensador\u00bb.<\/p>\n<p>En ese sentido, adelant\u00f3 que el nuevo sistema que se licitar\u00e1 en 2015 tendr\u00e1 una nueva l\u00ednea de troleb\u00fas por avenida Francia, que unir\u00e1, mediante calle Mendoza, el sur y el centro de la ciudad.<\/p>\n<p>Adem\u00e1s, precis\u00f3 que se sumar\u00e1n nuevos tramos de ciclov\u00edas y bicisendas, con fondos internacionales, por bulevar Avellaneda y avenida Bordabehere, en casi 7 kil\u00f3metros de recorridos ciclistas.<\/p>\n<p>Fein sostuvo que este a\u00f1o se construir\u00e1n casi 1.200 nuevas soluciones habitacionales y que m\u00e1s de 15.000 familias y 73 mil vecinos se ver\u00e1n beneficiados por mejoramiento barrial con un presupuesto de 400 millones de pesos.<\/p>\n<p>En referencia al programa provincial \u00abMi Tierra Mi Casa\u00bb, el Banco Municipal aportar\u00e1 100 millones de pesos en cr\u00e9ditos para que dos mil familias puedan construir su primera vivienda.<\/p>\n<p>En el marco de obras p\u00fablicas, destac\u00f3 la continuaci\u00f3n del \u00abplan de esfuerzo compartido de mejora barrial\u00bb en Fonavis de la ciudad, con una inversi\u00f3n de casi 130 millones de pesos, que beneficiar\u00e1n a casi 55 mil personas.<\/p>\n<p>Adem\u00e1s, se realizar\u00e1n mejoras de infraestructura y acceso a servicios en 23 barrios, que incluye urbanizaci\u00f3n de lotes, relocalizaci\u00f3n de viviendas y construcci\u00f3n de nuevas soluciones habitacionales, apertura de calles, desag\u00fces y pavimentaci\u00f3n.<\/p>\n<p>Tambi\u00e9n adelant\u00f3 que habr\u00e1 avances en las cloacas, que alcanzar\u00e1 al 86 por ciento de los rosarinos. Esto se lograr\u00e1 con las obras de conexi\u00f3n en 18 barrios, que beneficiar\u00e1n a 100 mil usuarios.<\/p>\n<p>Entre este a\u00f1o y 2015, se finalizar\u00e1n la refacci\u00f3n de todos los accesos. En 60 d\u00edas concluir\u00e1n las obras por Ovidio Lagos. Y en breve comenzar\u00e1n las obras de San Mart\u00edn y Rivarola, y de 27 de Febrero.<\/p>\n<h6>Fuente: La Capital de Rosario<\/h6>\n","protected":false},"excerpt":{"rendered":"<p>M\u00f3nica Fein blanque\u00f3 ayer la necesidad de m\u00e1s fondos para su gesti\u00f3n, y reclam\u00f3 al Concejo casi el doble de partidas para gastar en 2014, llevando los actuales 4.800 millones de presupuesto a 8 mil millones. \u00abPara cumplir sin demoras ni contratiempos nuestros desaf\u00edos necesitar\u00edamos una significativa ampliaci\u00f3n de recursos. Por ello reclamamos la apertura<\/p>\n","protected":false},"author":1,"featured_media":3196,"comment_status":"closed","ping_status":"closed","sticky":false,"template":"","format":"standard","meta":{"footnotes":""},"categories":[5],"tags":[10],"class_list":["post-3195","post","type-post","status-publish","format-standard","has-post-thumbnail","hentry","category-informe-economico","tag-santa-fe"],"_links":{"self":[{"href":"http:\/\/argentinamunicipal.com.ar\/argentina\/wp-json\/wp\/v2\/posts\/3195","targetHints":{"allow":["GET"]}}],"collection":[{"href":"http:\/\/argentinamunicipal.com.ar\/argentina\/wp-json\/wp\/v2\/posts"}],"about":[{"href":"http:\/\/argentinamunicipal.com.ar\/argentina\/wp-json\/wp\/v2\/types\/post"}],"author":[{"embeddable":true,"href":"http:\/\/argentinamunicipal.com.ar\/argentina\/wp-json\/wp\/v2\/users\/1"}],"replies":[{"embeddable":true,"href":"http:\/\/argentinamunicipal.com.ar\/argentina\/wp-json\/wp\/v2\/comments?post=3195"}],"version-history":[{"count":0,"href":"http:\/\/argentinamunicipal.com.ar\/argentina\/wp-json\/wp\/v2\/posts\/3195\/revisions"}],"wp:featuredmedia":[{"embeddable":true,"href":"http:\/\/argentinamunicipal.com.ar\/argentina\/wp-json\/wp\/v2\/media\/3196"}],"wp:attachment":[{"href":"http:\/\/argentinamunicipal.com.ar\/argentina\/wp-json\/wp\/v2\/media?parent=3195"}],"wp:term":[{"taxonomy":"category","embeddable":true,"href":"http:\/\/argentinamunicipal.com.ar\/argentina\/wp-json\/wp\/v2\/categories?post=3195"},{"taxonomy":"post_tag","embeddable":true,"href":"http:\/\/argentinamunicipal.com.ar\/argentina\/wp-json\/wp\/v2\/tags?post=3195"}],"curies":[{"name":"wp","href":"https:\/\/api.w.org\/{rel}","templated":true}]}}