{"id":31983,"date":"2015-06-24T10:07:00","date_gmt":"2015-06-24T13:07:00","guid":{"rendered":"http:\/\/argentinamunicipal.com.ar\/argentina\/?p=31983"},"modified":"2015-06-24T10:07:00","modified_gmt":"2015-06-24T13:07:00","slug":"el-presidente-del-comite-de-descolonizacion-el-problema-no-es-combatir-el-colonialismo-sino-que-se-lo-quiera-mantener","status":"publish","type":"post","link":"http:\/\/argentinamunicipal.com.ar\/argentina\/el-presidente-del-comite-de-descolonizacion-el-problema-no-es-combatir-el-colonialismo-sino-que-se-lo-quiera-mantener\/","title":{"rendered":"El presidente del Comit\u00e9 de Descolonizaci\u00f3n: el \u201cproblema no es combatir el colonialismo sino que se lo quiera mantener\u201d"},"content":{"rendered":"<p><a href=\"http:\/\/argentinamunicipal.com.ar\/argentina\/wp-content\/uploads\/2015\/06\/onu.jpg\"><img loading=\"lazy\" decoding=\"async\" class=\"aligncenter  wp-image-31984\" src=\"http:\/\/argentinamunicipal.com.ar\/argentina\/wp-content\/uploads\/2015\/06\/onu.jpg\" alt=\"onu\" width=\"684\" height=\"454\" srcset=\"http:\/\/argentinamunicipal.com.ar\/argentina\/wp-content\/uploads\/2015\/06\/onu.jpg 1600w, http:\/\/argentinamunicipal.com.ar\/argentina\/wp-content\/uploads\/2015\/06\/onu-300x199.jpg 300w, http:\/\/argentinamunicipal.com.ar\/argentina\/wp-content\/uploads\/2015\/06\/onu-1024x680.jpg 1024w\" sizes=\"auto, (max-width: 684px) 100vw, 684px\" \/><\/a><br \/>\nXavier Lasso Mendoza reiter\u00f3 el llamado a la Argentina y el Reino Unido a que dialoguen para encontrar una soluci\u00f3n pac\u00edfica a la disputa por la soberan\u00eda de las Islas Malvinas.<\/p>\n<p>El representante de Ecuador y titular del Comit\u00e9 Especial, sostuvo adem\u00e1s que el trabajo de dicho \u00f3rgano es \u201csostener la vigencia de los temas, tenerlos sobre la mesa para hacerlos visibles porque a veces hay tendencias que los quieren invisibilizar\u201d.<\/p>\n<p>En ese marco, y ante una nueva sesi\u00f3n que este jueves tratar\u00e1 a partir de las 10 de la ma\u00f1ana (11 horas en Argentina) la Cuesti\u00f3n de las Islas Malvinas, el canciller H\u00e9ctor Timerman, volver\u00e1 a renovar el reclamo argentino para que el Reino Unido responda a las resoluciones que a\u00f1o tras a\u00f1o llaman a las partes a sentarse a negociar.<\/p>\n<p>Este encuentro, no obstante, tendr\u00e1 la particularidad de coincidir con el 50 aniversario de la aprobaci\u00f3n de la Resoluci\u00f3n 2065 en la que la instituci\u00f3n multilateral inst\u00f3 a los dos pa\u00edses por primera vez en diciembre de 1965, \u201ca proceder sin demoras con las negociaciones recomendadas\u201d, con el objetivo de \u201cencontrar una soluci\u00f3n pac\u00edfica al problema\u201d.<\/p>\n<p>Para el embajador ecuatoriano al frente del Comit\u00e9, mientras exista una disputa \u201ctodos los a\u00f1os\u201d en los que se renueve el reclamo, \u201cson especiales\u201d.<\/p>\n<p>Por ello, es que en su \u00faltima reuni\u00f3n con el secretario General de ONU, Ban Ki moon hace poco m\u00e1s de un mes, \u201calent\u00f3\u201d al m\u00e1ximo funcionario \u201ca que nos ayude en las tareas de descolonizaci\u00f3n y, en el Caso de Malvinas, al di\u00e1logo\u201d entre Argentina y Reino Unido.<\/p>\n<p>En su rol de titular del Comit\u00e9 de Descolonizaci\u00f3n, cargo que preside desde comienzos de 2011, Lasso Mendoza mantiene encuentros \u201ccon las potencias administradoras\u201d y con las distintas partes involucradas en los diferendos de los 17 territorios no aut\u00f3nomos que a\u00fan quedan en la actualidad.<\/p>\n<p>As\u00ed es como tiempo atr\u00e1s mantuvo una conversaci\u00f3n con el representante permanente del Reino Unido en Naciones Unidas, Matthew Rycroft, quien le propuso realizar lo que se conoce como \u201cmisi\u00f3n visitadora\u201d que en algunos casos organiza el Comit\u00e9 Especial.<\/p>\n<p>\u201cEso ser\u00eda un ejercicio que ni siquiera la propia ONU acepta porque ah\u00ed no hay un problema de un referendum para llegar a un proceso de autodeterminaci\u00f3n. Hay un tema de integridad territorial que est\u00e1 en disputa y no podes enviar una misi\u00f3n visitadora en esas condiciones\u201d, explic\u00f3 a T\u00e9lam el embajador.<\/p>\n<p>En cambio, \u201cs\u00ed estamos de acuerdo con una misi\u00f3n visitadora que vaya primero a Buenos Aires y luego a Londres, o al rev\u00e9s\u201d, se\u00f1al\u00f3 aunque aclar\u00f3 que hasta el momento desde el Reino Unido \u201cno dan respuesta\u201d a la iniciativa.<\/p>\n<p>Otro aspecto que Lasso Mendoza impulsa para encontrar una soluci\u00f3n pac\u00edfica al diferendo, es \u201cincorporar a m\u00e1s pa\u00edses a que sean parte del Comit\u00e9, a que se interesen en el tema, a que participen en el debate y que si tienen que votar, voten, pero que se pronuncien y que no vean indiferentemente estos temas\u201d, afirm\u00f3.<\/p>\n<p>El representante de Ecuador, tiene planeado a su vez formar parte del concierto \u201cPor el di\u00e1logo en la Cuesti\u00f3n Malvinas\u201d organizado por la misi\u00f3n argentina, que tendr\u00e1 lugar ma\u00f1ana a las 6 de la tarde (7 horas en Argentina) en la sede de la ONU en Nueva York y contar\u00e1 con la presencia del m\u00fasico Gustavo Santaolalla y del artista Miguel Rep.<\/p>\n<h6>Fuente: T\u00e9lam<\/h6>\n","protected":false},"excerpt":{"rendered":"<p>Xavier Lasso Mendoza reiter\u00f3 el llamado a la Argentina y el Reino Unido a que dialoguen para encontrar una soluci\u00f3n pac\u00edfica a la disputa por la soberan\u00eda de las Islas Malvinas. El representante de Ecuador y titular del Comit\u00e9 Especial, sostuvo adem\u00e1s que el trabajo de dicho \u00f3rgano es \u201csostener la vigencia de los temas,<\/p>\n","protected":false},"author":2,"featured_media":31984,"comment_status":"closed","ping_status":"closed","sticky":false,"template":"","format":"standard","meta":{"footnotes":""},"categories":[8],"tags":[21],"class_list":["post-31983","post","type-post","status-publish","format-standard","has-post-thumbnail","hentry","category-informe-nacional","tag-argentina"],"_links":{"self":[{"href":"http:\/\/argentinamunicipal.com.ar\/argentina\/wp-json\/wp\/v2\/posts\/31983","targetHints":{"allow":["GET"]}}],"collection":[{"href":"http:\/\/argentinamunicipal.com.ar\/argentina\/wp-json\/wp\/v2\/posts"}],"about":[{"href":"http:\/\/argentinamunicipal.com.ar\/argentina\/wp-json\/wp\/v2\/types\/post"}],"author":[{"embeddable":true,"href":"http:\/\/argentinamunicipal.com.ar\/argentina\/wp-json\/wp\/v2\/users\/2"}],"replies":[{"embeddable":true,"href":"http:\/\/argentinamunicipal.com.ar\/argentina\/wp-json\/wp\/v2\/comments?post=31983"}],"version-history":[{"count":0,"href":"http:\/\/argentinamunicipal.com.ar\/argentina\/wp-json\/wp\/v2\/posts\/31983\/revisions"}],"wp:featuredmedia":[{"embeddable":true,"href":"http:\/\/argentinamunicipal.com.ar\/argentina\/wp-json\/wp\/v2\/media\/31984"}],"wp:attachment":[{"href":"http:\/\/argentinamunicipal.com.ar\/argentina\/wp-json\/wp\/v2\/media?parent=31983"}],"wp:term":[{"taxonomy":"category","embeddable":true,"href":"http:\/\/argentinamunicipal.com.ar\/argentina\/wp-json\/wp\/v2\/categories?post=31983"},{"taxonomy":"post_tag","embeddable":true,"href":"http:\/\/argentinamunicipal.com.ar\/argentina\/wp-json\/wp\/v2\/tags?post=31983"}],"curies":[{"name":"wp","href":"https:\/\/api.w.org\/{rel}","templated":true}]}}