{"id":32078,"date":"2015-06-27T09:16:17","date_gmt":"2015-06-27T12:16:17","guid":{"rendered":"http:\/\/argentinamunicipal.com.ar\/argentina\/?p=32078"},"modified":"2015-06-27T09:16:17","modified_gmt":"2015-06-27T12:16:17","slug":"cumbre-de-lideres-con-el-jefe-comunal-de-bahia-blanca","status":"publish","type":"post","link":"http:\/\/argentinamunicipal.com.ar\/argentina\/cumbre-de-lideres-con-el-jefe-comunal-de-bahia-blanca\/","title":{"rendered":"Cumbre de l\u00edderes con el jefe comunal de Bah\u00eda Blanca"},"content":{"rendered":"<p><a href=\"http:\/\/argentinamunicipal.com.ar\/argentina\/wp-content\/uploads\/2015\/06\/bevilacqua2.jpg\"><img loading=\"lazy\" decoding=\"async\" class=\"aligncenter size-full wp-image-32079\" src=\"http:\/\/argentinamunicipal.com.ar\/argentina\/wp-content\/uploads\/2015\/06\/bevilacqua2.jpg\" alt=\"bevilacqua2\" width=\"600\" height=\"432\" srcset=\"http:\/\/argentinamunicipal.com.ar\/argentina\/wp-content\/uploads\/2015\/06\/bevilacqua2.jpg 600w, http:\/\/argentinamunicipal.com.ar\/argentina\/wp-content\/uploads\/2015\/06\/bevilacqua2-300x216.jpg 300w\" sizes=\"auto, (max-width: 600px) 100vw, 600px\" \/><\/a><br \/>\nEl intendente Gustavo Bevilacqua fue convocado por el Centro de Implementaci\u00f3n de Pol\u00edticas P\u00fablicas para la Equidad y el Crecimiento (CIPPEC) para participar el lunes de la Cumbre de L\u00edderes Municipales que reunir\u00e1 a jefes comunales de diferentes regiones del pa\u00eds en una jornada de trabajo.<\/p>\n<p>El encuentro ser\u00e1 a las 9.30 en la Embajada de Espa\u00f1a. All\u00ed se debatir\u00e1, seg\u00fan se indic\u00f3, sobre el rol de los gobiernos locales y pol\u00edticas para promover ciudades inclusivas, sustentables, pr\u00f3speras y con mayor calidad institucional.<\/p>\n<p>\u201cEste a\u00f1o convocamos a los jefes comunales a analizar y debatir el rol de cada gesti\u00f3n y la agenda estrat\u00e9gica de los pr\u00f3ximos a\u00f1os\u201d, indic\u00f3 Lorena Schejtman, coordinadora del Programa de Desarrollo Local.<\/p>\n<p>\u201cLos gobiernos locales tienen cada vez mayor protagonismo en la implementaci\u00f3n de pol\u00edticas p\u00fablicas en Argentina, con impacto directo en la calidad de vida de la poblaci\u00f3n. Resulta clave sumar las voces de quienes han liderado los gobiernos locales en los \u00faltimos a\u00f1os e instalar la problem\u00e1tica municipal y urbana en la agenda nacional\u201d, afirm\u00f3.<\/p>\n<h6>Fuente: La Nueva<\/h6>\n","protected":false},"excerpt":{"rendered":"<p>El intendente Gustavo Bevilacqua fue convocado por el Centro de Implementaci\u00f3n de Pol\u00edticas P\u00fablicas para la Equidad y el Crecimiento (CIPPEC) para participar el lunes de la Cumbre de L\u00edderes Municipales que reunir\u00e1 a jefes comunales de diferentes regiones del pa\u00eds en una jornada de trabajo. El encuentro ser\u00e1 a las 9.30 en la Embajada<\/p>\n","protected":false},"author":2,"featured_media":32079,"comment_status":"closed","ping_status":"closed","sticky":false,"template":"","format":"standard","meta":{"footnotes":""},"categories":[2],"tags":[12],"class_list":["post-32078","post","type-post","status-publish","format-standard","has-post-thumbnail","hentry","category-informe-municipal","tag-buenos-aires"],"_links":{"self":[{"href":"http:\/\/argentinamunicipal.com.ar\/argentina\/wp-json\/wp\/v2\/posts\/32078","targetHints":{"allow":["GET"]}}],"collection":[{"href":"http:\/\/argentinamunicipal.com.ar\/argentina\/wp-json\/wp\/v2\/posts"}],"about":[{"href":"http:\/\/argentinamunicipal.com.ar\/argentina\/wp-json\/wp\/v2\/types\/post"}],"author":[{"embeddable":true,"href":"http:\/\/argentinamunicipal.com.ar\/argentina\/wp-json\/wp\/v2\/users\/2"}],"replies":[{"embeddable":true,"href":"http:\/\/argentinamunicipal.com.ar\/argentina\/wp-json\/wp\/v2\/comments?post=32078"}],"version-history":[{"count":0,"href":"http:\/\/argentinamunicipal.com.ar\/argentina\/wp-json\/wp\/v2\/posts\/32078\/revisions"}],"wp:featuredmedia":[{"embeddable":true,"href":"http:\/\/argentinamunicipal.com.ar\/argentina\/wp-json\/wp\/v2\/media\/32079"}],"wp:attachment":[{"href":"http:\/\/argentinamunicipal.com.ar\/argentina\/wp-json\/wp\/v2\/media?parent=32078"}],"wp:term":[{"taxonomy":"category","embeddable":true,"href":"http:\/\/argentinamunicipal.com.ar\/argentina\/wp-json\/wp\/v2\/categories?post=32078"},{"taxonomy":"post_tag","embeddable":true,"href":"http:\/\/argentinamunicipal.com.ar\/argentina\/wp-json\/wp\/v2\/tags?post=32078"}],"curies":[{"name":"wp","href":"https:\/\/api.w.org\/{rel}","templated":true}]}}